{"id":66208,"date":"2025-05-01T06:00:11","date_gmt":"2025-05-01T06:00:11","guid":{"rendered":"https:\/\/www.europesays.com\/fr\/66208\/"},"modified":"2025-05-01T06:00:11","modified_gmt":"2025-05-01T06:00:11","slug":"pablo-correa-as-nancy-lorraine-tout-donner-jusquau-bout","status":"publish","type":"post","link":"https:\/\/www.europesays.com\/fr\/66208\/","title":{"rendered":"Pablo Correa (AS Nancy Lorraine) : \u00ab\u00a0Tout donner jusqu&rsquo;au bout\u00a0\u00bb"},"content":{"rendered":"<p><img loading=\"lazy\" decoding=\"async\" width=\"696\" height=\"464\" class=\"lazyload entry-thumb\" src=\"https:\/\/www.europesays.com\/fr\/wp-content\/uploads\/2025\/04\/ABC_1967-696x464.jpg\" alt=\"Pablo Correa\" title=\"Pablo Correa\"\/>Pablo Correa (\u00a9 Philippe Le Brech)<\/p>\n<p style=\"font-size:20px\"><strong>L\u2019entra\u00eeneur de l\u2019AS Nancy Lorraine Pablo Correa s\u2019est exprim\u00e9 avant la r\u00e9ception du N\u00eemes Olympique ce vendredi. Une rencontre qui pourrait envoyer l\u2019ASNL en Ligue 2.<\/strong><\/p>\n<p>\u00ab\u00a0Il n\u2019y a qu\u2019un seul objectif, et c\u2019est ce qu\u2019on r\u00e9p\u00e8te depuis le d\u00e9but de la semaine : trouver le moyen de battre cette \u00e9quipe de N\u00eemes. Il faut rester concentr\u00e9s uniquement l\u00e0-dessus, \u00eatre pleinement pr\u00e9sents, car ce championnat se termine le 16 mai, pas avant. On ne gagnera pas ce sprint final en regardant sur les c\u00f4t\u00e9s. Il faut aller de l\u2019avant et tout donner jusqu\u2019au bout.<\/p>\n<p>L\u2019aspect psychologique est tr\u00e8s important, et on y travaille chaque semaine. Le football, c\u2019est un rapport de force. On doit se concentrer sur les moyens qu\u2019on peut mobiliser pour ce match, aussi bien mentalement que physiquement. On travaille beaucoup sur le mental, et on veut maintenir notre niveau de performance en focalisant toute notre \u00e9nergie sur vendredi.<\/p>\n<p>Je n\u2019ai pas d\u2019inqui\u00e9tude particuli\u00e8re sur la fin de saison, mais je ne veux pas qu\u2019on se trompe de combat. Plus on avance, plus on maintient l\u2019\u00e9cart, et plus on r\u00e9duit la marge de man\u0153uvre de nos adversaires.<br \/>Je reste toujours en alerte, parce que mon v\u00e9cu est plus important que celui de mes joueurs. Je ne vois pas de rel\u00e2chement dans les attitudes, mais j\u2019ai toujours cette crainte qu\u2019on passe \u00e0 c\u00f4t\u00e9 \u2013 pas du r\u00e9sultat en soi, mais des moyens \u00e0 mettre pour y arriver. Il ne faut surtout pas croire qu\u2019on peut gagner sans tout donner.\u00ab\u00a0<\/p>\n<p>Source : <a href=\"https:\/\/www.asnl.net\/58\/actualites\/actualites\/fiche\/30255?fbclid=IwY2xjawJ_KiJleHRuA2FlbQIxMABicmlkETFIMHVDWUVaZ0M2VjVBeGpwAR4lF7jaD_AHnEXkdI0ZRg-Q8hIcaDrak14tuGoaVKooud4v4xmEu5svhEbKdQ_aem_JWwZbOTJJ7zf95CdpK-e0A\" target=\"_blank\" rel=\"noreferrer noopener\">ASNL <\/a><\/p>\n<p><a href=\"https:\/\/footamateur.ouest-france.fr\/author\/fred\/\" class=\"url\" title=\"Fr\u00e9d\u00e9ric Sougey\" target=\"_blank\" rel=\"noopener\"> <img decoding=\"async\" src=\"https:\/\/www.europesays.com\/fr\/wp-content\/uploads\/2025\/04\/gnlpcfya_400x400.jpg\" class=\"lazyload photo\" width=\"250\" alt=\"Fr\u00e9d\u00e9ric Sougey\"\/><\/a><\/p>\n<p>Journaliste chez Sports M\u00e9dia<\/p>\n<p>Elev\u00e9 au c\u0153ur des Alpes, Fred quitte (temporairement) son Grenoble ador\u00e9 pour pr\u00eater sa plume et son regard au monde amateur et plus particuli\u00e8rement au Championnat National dont il est un assidu observateur. Fan de tartiflette, de Karim Mokeddem et de Mulholland Drive. Les bonnes choses de la vie, en somme.<\/p>\n<p><a href=\"https:\/\/footamateur.ouest-france.fr\/author\/fred\/\" class=\"url\" title=\"Fr\u00e9d\u00e9ric Sougey\" target=\"_blank\" rel=\"noopener\"><img decoding=\"async\" src=\"https:\/\/www.europesays.com\/fr\/wp-content\/uploads\/2025\/04\/gnlpcfya_400x400.jpg\" class=\"lazyload photo\" width=\"250\" alt=\"Fr\u00e9d\u00e9ric Sougey\"\/><\/a>Les derniers articles par Fr\u00e9d\u00e9ric Sougey (<a href=\"https:\/\/footamateur.ouest-france.fr\/author\/fred\/\" target=\"_blank\" rel=\"noopener\">tout voir<\/a>)<\/p>\n","protected":false},"excerpt":{"rendered":"Pablo Correa (\u00a9 Philippe Le Brech) L\u2019entra\u00eeneur de l\u2019AS Nancy Lorraine Pablo Correa s\u2019est exprim\u00e9 avant la r\u00e9ception&hellip;\n","protected":false},"author":2,"featured_media":37147,"comment_status":"","ping_status":"","sticky":false,"template":"","format":"standard","meta":{"footnotes":""},"categories":[9635],"tags":[1111,11,11348,1777,674,1011,27,775,1702,12,11849,25],"class_list":{"0":"post-66208","1":"post","2":"type-post","3":"status-publish","4":"format-standard","5":"has-post-thumbnail","7":"category-nancy","8":"tag-actu","9":"tag-actualites","10":"tag-as-nancy-lorraine","11":"tag-eu","12":"tag-europe","13":"tag-fr","14":"tag-france","15":"tag-grand-est","16":"tag-nancy","17":"tag-news","18":"tag-pablo-correa","19":"tag-republique-francaise"},"share_on_mastodon":{"url":"https:\/\/pubeurope.com\/@fr\/114431054624249294","error":""},"_links":{"self":[{"href":"https:\/\/www.europesays.com\/fr\/wp-json\/wp\/v2\/posts\/66208","targetHints":{"allow":["GET"]}}],"collection":[{"href":"https:\/\/www.europesays.com\/fr\/wp-json\/wp\/v2\/posts"}],"about":[{"href":"https:\/\/www.europesays.com\/fr\/wp-json\/wp\/v2\/types\/post"}],"author":[{"embeddable":true,"href":"https:\/\/www.europesays.com\/fr\/wp-json\/wp\/v2\/users\/2"}],"replies":[{"embeddable":true,"href":"https:\/\/www.europesays.com\/fr\/wp-json\/wp\/v2\/comments?post=66208"}],"version-history":[{"count":0,"href":"https:\/\/www.europesays.com\/fr\/wp-json\/wp\/v2\/posts\/66208\/revisions"}],"wp:featuredmedia":[{"embeddable":true,"href":"https:\/\/www.europesays.com\/fr\/wp-json\/wp\/v2\/media\/37147"}],"wp:attachment":[{"href":"https:\/\/www.europesays.com\/fr\/wp-json\/wp\/v2\/media?parent=66208"}],"wp:term":[{"taxonomy":"category","embeddable":true,"href":"https:\/\/www.europesays.com\/fr\/wp-json\/wp\/v2\/categories?post=66208"},{"taxonomy":"post_tag","embeddable":true,"href":"https:\/\/www.europesays.com\/fr\/wp-json\/wp\/v2\/tags?post=66208"}],"curies":[{"name":"wp","href":"https:\/\/api.w.org\/{rel}","templated":true}]}}