{"id":662085,"date":"2026-01-14T03:47:05","date_gmt":"2026-01-14T03:47:05","guid":{"rendered":"https:\/\/www.europesays.com\/fr\/662085\/"},"modified":"2026-01-14T03:47:05","modified_gmt":"2026-01-14T03:47:05","slug":"lyon-elimine-lille-apres-un-premier-show-dendrick","status":"publish","type":"post","link":"https:\/\/www.europesays.com\/fr\/662085\/","title":{"rendered":"Lyon \u00e9limine Lille apr\u00e8s un premier show d\u2019Endrick"},"content":{"rendered":"<p>Comme en 2023 et en 2024 en huiti\u00e8mes de finale, l\u2019OL a sorti le Losc de la comp\u00e9tition, dans le froid de l\u2019enceinte de la banlieue lilloise, au toit ferm\u00e9 pour l\u2019occasion et m\u00eame pas remplie de moiti\u00e9 (quelque 20.000 spectateurs) malgr\u00e9 le prestige de cette affiche.<\/p>\n<p>Le club rhodanien doit en grande partie ce succ\u00e8s \u00e0 sa derni\u00e8re recrue, Endrick, principale attraction du mercato hivernal en France, qui a pris la lumi\u00e8re pour sa premi\u00e8re.\u00a0Pr\u00eat\u00e9 par le Real Madrid, l\u2019attaquant de 19\u00a0ans, positionn\u00e9 \u00e0 droite du onze concoct\u00e9 par Paulo Fonseca, ancien de la maison lilloise, a tent\u00e9 pas moins de six frappes, apportant constamment le danger dans la d\u00e9fense nordiste.<\/p>\n<p>Endrick d\u00e9j\u00e0 buteur<\/p>\n<p>D\u00e8s la 5e\u00a0minute, l\u2019international br\u00e9silien a failli tromper Arnaud Bodart d\u2019une frappe lourde et flottante, que le portier lillois a difficilement d\u00e9tourn\u00e9e sur son poteau droit.\u00a0Apr\u00e8s plusieurs autres tentatives infructueuses, l\u2019une d\u2019entre elles obligeant Bodart \u00e0 un nouvel arr\u00eat (14e), le gaucher d\u20191,73 m\u00e8tre a trouv\u00e9 la faille en reprenant un centre d\u00e9licieusement d\u00e9vi\u00e9 par Corentin Tolisso (1-2, 43e).<\/p>\n<p>En confiance, le virevoltant br\u00e9silien s\u2019est permis quelques chevauch\u00e9es de classe, comme celle qui lui a permis d\u2019\u00e9liminer deux Lillois gr\u00e2ce \u00e0 sa vitesse, puis d\u2019obtenir une faute en dribblant Thomas Meunier alors qu\u2019il faisait face \u00e0 cinq adversaires (50e).<\/p>\n<p>Boulette de Bodart<\/p>\n<p>\u00c0 l\u2019inverse, Lille est plut\u00f4t en r\u00e9gression par rapport \u00e0 sa fin d\u2019ann\u00e9e 2025. Apr\u00e8s <a target=\"_self\" href=\"https:\/\/www.lanouvellerepublique.fr\/sports\/coupe-de-france-apres-sa-defaite-contre-rennes-et-ses-polemiques-le-losc-va-avoir-fort-a-faire-contre-lyon-1768072408\" rel=\"noopener\">le craquage de ses dirigeants en coulisse, et de ses ultras en tribune<\/a>, la semaine derni\u00e8re lors de la d\u00e9faite contre Rennes (2-0) en Ligue\u00a01, les Dogues ont une nouvelle fois failli en d\u00e9fense et manqu\u00e9, globalement, leur prestation.<\/p>\n<p>Ils se sont sabord\u00e9s d\u00e8s la 46e\u00a0seconde en conc\u00e9dant un but \u00e0 Afonso Moreira apr\u00e8s une b\u00e9vue de Bodart, pas aid\u00e9 par son d\u00e9fenseur central Nathan Ngoy (0-1). Le gardien n\u00b0\u00a02 du club nordiste avait d\u00e9j\u00e0 \u00e9t\u00e9 fautif \u00e0 Nice en championnat, pr\u00e9cipitant la d\u00e9faite des siens.<\/p>\n<p>Quand ce n\u2019est pas le portier de 27\u00a0ans, c\u2019est un autre Lillois, trop souvent, qui co\u00fbte des buts, et, in\u00e9vitablement, des points au Losc, ou, cette fois, une \u00e9limination pr\u00e9matur\u00e9e de la Coupe de France.<\/p>\n<p>Le Losc inqui\u00e8te<\/p>\n<p>Les joueurs de Bruno Genesio se sont pourtant r\u00e9volt\u00e9s avant le but d\u2019Endrick, \u00e9galisant gr\u00e2ce \u00e0 Ngoy, habilement servi par Hakon Haraldsson dans la surface lyonnaise (1-1, 28e).<\/p>\n<p>Mais ce but n\u2019a fait que masquer l\u2019inefficacit\u00e9 de la pression exerc\u00e9e par les Lillois, leur milieu de terrain qui a parfois ressembl\u00e9 \u00e0 un d\u00e9sert, leur manque d\u2019engagement global dans les duels et les prestations trop ternes de F\u00e9lix Correia, Haraldsson, Matias Fernandez-Pardo et Olivier Giroud, entre autres.<\/p>\n<p>Le meilleur buteur de l\u2019histoire de l\u2019\u00e9quipe de France (57 buts en 137 s\u00e9lections) a \u00e9t\u00e9 trop court \u00e0 deux reprises lorsqu\u2019il a fallu reprendre des bons centres de Thomas Meunier, en premi\u00e8re p\u00e9riode, puis Romain Perraud (63e).<\/p>\n<p>Andr\u00e9 sort sur blessure<\/p>\n<p>Les Nordistes, d\u00e9j\u00e0 face \u00e0 une p\u00e9nurie de d\u00e9fenseurs centraux (Alexsandro est suspendu, Chancel Mbemba et A\u00efssa Mandi disputaient jusqu\u2019\u00e0 tr\u00e8s r\u00e9cemment la Coupe d\u2019Afrique des nations) ont en plus d\u00fb jouer une demi-heure sans leur capitaine Benjamin Andr\u00e9, sorti bless\u00e9 \u00e0 l\u2019heure de jeu.<\/p>\n<p>Ils ont toutefois failli \u00e9galiser d\u2019une frappe lointaine et puissante de Tiago Santos qui a secou\u00e9 le poteau droit lyonnais en fin de rencontre (88e). En vain. Lille commence bien mal 2026, au contraire de Lyon, vainqueur de ses quatre derniers matchs.<\/p>\n<p><strong>Mi-temps\u00a0:<\/strong> 1-2.<br \/><strong>Buts\u00a0:<\/strong> pour Lille, Ngoy (28e)\u00a0; pour Lyon, Moreira (1re), Endrick (43e).<br \/><strong>Avertissements\u00a0:<\/strong> \u00e0 Lille, Haraldsson (37e), Perraud (63e)\u00a0; \u00e0 Lyon, Sulc (31e), Morton (32e), Descamps (90e +\u00a01).<\/p>\n","protected":false},"excerpt":{"rendered":"Comme en 2023 et en 2024 en huiti\u00e8mes de finale, l\u2019OL a sorti le Losc de la comp\u00e9tition,&hellip;\n","protected":false},"author":2,"featured_media":662086,"comment_status":"","ping_status":"","sticky":false,"template":"","format":"standard","meta":{"footnotes":""},"categories":[2815],"tags":[1111,11,52302,1777,674,63,1011,27,811,1307,12,25,60],"class_list":{"0":"post-662085","1":"post","2":"type-post","3":"status-publish","4":"format-standard","5":"has-post-thumbnail","7":"category-lille","8":"tag-actu","9":"tag-actualites","10":"tag-coupe-de-france-football","11":"tag-eu","12":"tag-europe","13":"tag-football","14":"tag-fr","15":"tag-france","16":"tag-hauts-de-france","17":"tag-lille","18":"tag-news","19":"tag-republique-francaise","20":"tag-sports"},"share_on_mastodon":{"url":"https:\/\/pubeurope.com\/@fr\/115891407613290999","error":""},"_links":{"self":[{"href":"https:\/\/www.europesays.com\/fr\/wp-json\/wp\/v2\/posts\/662085","targetHints":{"allow":["GET"]}}],"collection":[{"href":"https:\/\/www.europesays.com\/fr\/wp-json\/wp\/v2\/posts"}],"about":[{"href":"https:\/\/www.europesays.com\/fr\/wp-json\/wp\/v2\/types\/post"}],"author":[{"embeddable":true,"href":"https:\/\/www.europesays.com\/fr\/wp-json\/wp\/v2\/users\/2"}],"replies":[{"embeddable":true,"href":"https:\/\/www.europesays.com\/fr\/wp-json\/wp\/v2\/comments?post=662085"}],"version-history":[{"count":0,"href":"https:\/\/www.europesays.com\/fr\/wp-json\/wp\/v2\/posts\/662085\/revisions"}],"wp:featuredmedia":[{"embeddable":true,"href":"https:\/\/www.europesays.com\/fr\/wp-json\/wp\/v2\/media\/662086"}],"wp:attachment":[{"href":"https:\/\/www.europesays.com\/fr\/wp-json\/wp\/v2\/media?parent=662085"}],"wp:term":[{"taxonomy":"category","embeddable":true,"href":"https:\/\/www.europesays.com\/fr\/wp-json\/wp\/v2\/categories?post=662085"},{"taxonomy":"post_tag","embeddable":true,"href":"https:\/\/www.europesays.com\/fr\/wp-json\/wp\/v2\/tags?post=662085"}],"curies":[{"name":"wp","href":"https:\/\/api.w.org\/{rel}","templated":true}]}}