{"id":662111,"date":"2026-01-14T04:02:16","date_gmt":"2026-01-14T04:02:16","guid":{"rendered":"https:\/\/www.europesays.com\/fr\/662111\/"},"modified":"2026-01-14T04:02:16","modified_gmt":"2026-01-14T04:02:16","slug":"lallemagne-et-linde-renforcent-leur-cooperation-2","status":"publish","type":"post","link":"https:\/\/www.europesays.com\/fr\/662111\/","title":{"rendered":"L&rsquo;Allemagne et l&rsquo;Inde renforcent leur coop\u00e9ration"},"content":{"rendered":"<p class=\"mb-4 text-lg md:leading-8 break-words\">Le gouvernement f\u00e9d\u00e9ral allemand souhaite recruter du personnel soignant en Inde. Comme l&rsquo;a annonc\u00e9 mardi (13.01.26) le minist\u00e8re de la Sant\u00e9, une d\u00e9claration d&rsquo;intention en ce sens a \u00e9t\u00e9 sign\u00e9e lors de la visite du chancelier Friedrich Merz en Inde. Elle pr\u00e9voit des normes communes pour la formation du personnel soignant. La ministre de la Sant\u00e9, Nina Warken, a d\u00e9clar\u00e9 que cela permettrait \u00ab\u00a0d&rsquo;\u00e9viter \u00e0 l&rsquo;avenir les proc\u00e9dures de reconnaissance longues et bureaucratiques et d&rsquo;int\u00e9grer plus rapidement des professionnels bien form\u00e9s sur le march\u00e9 du travail allemand\u00a0\u00bb.<\/p>\n<p class=\"mb-4 text-lg md:leading-8 break-words\">Au d\u00e9but de sa visite de deux jours en Inde, le chancelier allemand Friedrich Merz a \u00e9t\u00e9 accueilli par le Premier ministre Narendra Modi dans sa r\u00e9gion natale. Dans la m\u00e9tropole d&rsquo;Ahmedabad, les deux hommes ont d&rsquo;abord visit\u00e9 l&rsquo;un des premiers lieux d&rsquo;activit\u00e9 du h\u00e9ros national Mahatma Gandhi.<\/p>\n<p class=\"mb-4 text-lg md:leading-8 break-words\">Narendra Modi et Friedrich Merz se sont ensuite rendus dans la m\u00eame voiture au traditionnel festival des cerfs-volants, qui marque le passage de l&rsquo;hiver \u00e0 l&rsquo;\u00e9t\u00e9 et au cours duquel des milliers de cerfs-volants en papier s&rsquo;envolent dans les airs. Ce n&rsquo;est qu&rsquo;apr\u00e8s cela que les discussions politiques ont commenc\u00e9.<\/p>\n<p class=\"mb-4 text-lg md:leading-8 break-words\">Le fait que le Premier ministre indien re\u00e7oive le chancelier allemand dans sa r\u00e9gion natale est consid\u00e9r\u00e9 comme un signe d&rsquo;estime particuli\u00e8re. Friedrich Merz n&rsquo;est toutefois pas le premier invit\u00e9 de marque \u00e0 s&rsquo;y rendre. Depuis son entr\u00e9e en fonction en 2014, Narendra Modi a notamment re\u00e7u dans cette ville qui lui est si ch\u00e8re le pr\u00e9sident am\u00e9ricain Donald Trump, le pr\u00e9sident chinois Xi Jinping, le Premier ministre isra\u00e9lien Benjamin Netanyahou et l&rsquo;ancien chef du gouvernement japonais Shinzo Abe.<\/p>\n<p>Des relations \u00e9troites avec la Russie<\/p>\n<p class=\"mb-4 text-lg md:leading-8 break-words\">Les discussions entre Friedrich Merz et Narendra Modi ont tourn\u00e9 autour du renforcement des relations \u00e9conomiques et la coop\u00e9ration en mati\u00e8re d&rsquo;armement. Cependant, le sujet le plus d\u00e9licat est sans doute la Russie.<\/p>\n<p><img alt=\"Friedrich Merz a appel\u00e9 \u00e0 une coop\u00e9ration plus \u00e9troite avec l\u2019Inde&lt;span class=&quot;copyright&quot;&gt;Kay Nietfeld\/dpa\/picture alliance&lt;\/span&gt;\" loading=\"lazy\" width=\"960\" height=\"540\" decoding=\"async\" data-nimg=\"1\" class=\"rounded-lg\" style=\"color:transparent\" src=\"https:\/\/www.europesays.com\/fr\/wp-content\/uploads\/2026\/01\/971e7b8bbd6b1cee187813a833ffeefa.jpeg\"\/><\/p>\n<p>Friedrich Merz a appel\u00e9 \u00e0 une coop\u00e9ration plus \u00e9troite avec l\u2019IndeKay Nietfeld\/dpa\/picture alliance<\/p>\n<p class=\"mb-4 text-lg md:leading-8 break-words\">L&rsquo;Inde entretient des relations \u00e9troites tant avec ses partenaires occidentaux qu&rsquo;avec les dirigeants de Moscou. En d\u00e9cembre dernier, le pr\u00e9sident russe Vladimir Poutine s&rsquo;est rendu \u00e0 New Delhi, o\u00f9 il a \u00e9t\u00e9 accueilli \u00e0 l&rsquo;a\u00e9roport par Narendra Modi avec une \u00e9treinte chaleureuse. Ce pays d&rsquo;Asie du Sud importe une grande partie de son p\u00e9trole de Russie, qui r\u00e9investit ces revenus dans la guerre d&rsquo;agression contre l&rsquo;Ukraine.<\/p>\n<p class=\"mb-4 text-lg md:leading-8 break-words\">Contrairement \u00e0 la plupart des autres pays membres de l&rsquo;Assembl\u00e9e g\u00e9n\u00e9rale des Nations unies, l&rsquo;Inde n&rsquo;a pas condamn\u00e9 l&rsquo;invasion russe. D&rsquo;un autre c\u00f4t\u00e9, gr\u00e2ce \u00e0 ses relations avec Vladimir Poutine, Narendra Modi pourrait contribuer aux efforts diplomatiques visant \u00e0 mettre fin \u00e0 la guerre en Ukraine.<\/p>\n<p>Renforcement de la coop\u00e9ration dans le domaine des projets d&rsquo;armement<\/p>\n<p class=\"mb-4 text-lg md:leading-8 break-words\">L&rsquo;Allemagne et l&rsquo;Inde souhaitent renforcer leur coop\u00e9ration dans le domaine de l&rsquo;armement. Une d\u00e9claration d&rsquo;intention en ce sens a \u00e9t\u00e9 sign\u00e9e par les minist\u00e8res de la D\u00e9fense \u00e0 Ahmedabad. Aucun contrat portant sur des projets concrets n&rsquo;a toutefois \u00e9t\u00e9 conclu pour l&rsquo;instant.<\/p>\n<p class=\"mb-4 text-lg md:leading-8 break-words\">L&rsquo;Inde pr\u00e9voit toutefois de construire six sous-marins d&rsquo;une valeur de huit milliards d&rsquo;euros \u00e0 Mumbai, en collaboration avec l&rsquo;entreprise allemande Thyssenkrupp Marine Systems (TKMS). La signature d&rsquo;un accord \u00e0 cet effet est attendue prochainement et pourrait ouvrir la voie \u00e0 d&rsquo;autres coop\u00e9rations.<\/p>\n<p><img alt=\"Sans citer nomm\u00e9ment des pays comme les Etats-Unis ou la Chine, Friedrich Merz a d\u00e9clar\u00e9 que l'Allemagne et l'Inde, en particulier, souffraient de la &quot;renaissance d'un protectionnisme malheureux&quot;&lt;span class=&quot;copyright&quot;&gt;Kay Nietfeld\/dpa\/picture alliance&lt;\/span&gt;\" loading=\"lazy\" width=\"960\" height=\"540\" decoding=\"async\" data-nimg=\"1\" class=\"rounded-lg\" style=\"color:transparent\" src=\"https:\/\/www.europesays.com\/fr\/wp-content\/uploads\/2026\/01\/2bc857f899450ba90a162d6eae3420ce.jpeg\"\/><\/p>\n<p>Sans citer nomm\u00e9ment des pays comme les Etats-Unis ou la Chine, Friedrich Merz a d\u00e9clar\u00e9 que l&rsquo;Allemagne et l&rsquo;Inde, en particulier, souffraient de la \u00ab\u00a0renaissance d&rsquo;un protectionnisme malheureux\u00a0\u00bbKay Nietfeld\/dpa\/picture alliance<\/p>\n<p class=\"mb-4 text-lg md:leading-8 break-words\">Selon les derni\u00e8res statistiques de l&rsquo;institut de recherche sur la paix SIPRI, l&rsquo;Inde est le plus grand importateur d&rsquo;armes au monde. Entre 2019 et 2023, le pays a encore achet\u00e9 36% de ses armes \u00e0 la Russie, m\u00eame si la tendance est \u00e0 la baisse. Les exportations d&rsquo;armes allemandes vers l&rsquo;Inde pourraient donc \u00e9galement r\u00e9duire la d\u00e9pendance vis-\u00e0-vis de la Russie.<\/p>\n<p class=\"mb-4 text-lg md:leading-8 break-words\">Au total, 27 d\u00e9clarations d&rsquo;intention et annonces ont \u00e9t\u00e9 sign\u00e9es en marge des discussions entre Friedrich Merz et Narendra Modi ainsi qu&rsquo;avec plusieurs entreprises des deux pays. Le minist\u00e8re de l&rsquo;Economie a par exemple conclu un accord de coop\u00e9ration avec le minist\u00e8re indien des Mines dans le domaine des min\u00e9raux critiques.<\/p>\n<p>Un accord de libre-\u00e9change d\u00e8s la fin janvier ?<\/p>\n<p class=\"mb-4 text-lg md:leading-8 break-words\">L&rsquo;Inde n&rsquo;occupe jusqu&rsquo;\u00e0 pr\u00e9sent que la 23e place parmi les partenaires commerciaux de l&rsquo;Allemagne. La conclusion d&rsquo;un accord de libre-\u00e9change entre l&rsquo;Union europ\u00e9enne et l&rsquo;Inde pourrait donner un coup de fouet significatif \u00e0 ces \u00e9changes. Les n\u00e9gociations ont d\u00e9but\u00e9 il y a 18 ans et ont \u00e9t\u00e9 interrompues pendant plusieurs ann\u00e9es.<\/p>\n<p class=\"mb-4 text-lg md:leading-8 break-words\">Le chancelier Friedrich Merz a d\u00e9clar\u00e9 de mani\u00e8re surprenante qu&rsquo;il consid\u00e9rait comme possible que l&rsquo;UE et l&rsquo;Inde puissent signer un accord de libre-\u00e9change pr\u00e9vu d\u00e8s la fin du mois. \u00ab\u00a0La pr\u00e9sidente de la Commission europ\u00e9enne et le pr\u00e9sident du Conseil europ\u00e9en se rendront en Inde \u00e0 la fin du mois et signeront cet accord, s&rsquo;il est conclu d&rsquo;ici l\u00e0\u00a0\u00bb, a d\u00e9clar\u00e9 Friedrich Merz. \u00ab\u00a0Ils feront en tout cas un nouveau pas important vers la conclusion de cet accord de libre-\u00e9change.\u00a0\u00bb<\/p>\n<p class=\"mb-4 text-lg md:leading-8 break-words\">Jusqu&rsquo;\u00e0 pr\u00e9sent, la conclusion des n\u00e9gociations n&rsquo;\u00e9tait pr\u00e9vue qu&rsquo;\u00e0 la fin de l&rsquo;ann\u00e9e. Cependant, apr\u00e8s les \u00ab\u00a0discussions tr\u00e8s intenses\u00a0\u00bb entre Friedrich Merz et Narendra Modi, il y a \u00ab\u00a0de grandes attentes\u00a0\u00bb quant \u00e0 la signature effective d&rsquo;un accord \u00e0 la fin du mois de janvier, selon des sources gouvernementales allemandes.<\/p>\n","protected":false},"excerpt":{"rendered":"Le gouvernement f\u00e9d\u00e9ral allemand souhaite recruter du personnel soignant en Inde. Comme l&rsquo;a annonc\u00e9 mardi (13.01.26) le minist\u00e8re&hellip;\n","protected":false},"author":2,"featured_media":662112,"comment_status":"","ping_status":"","sticky":false,"template":"","format":"standard","meta":{"footnotes":""},"categories":[1587],"tags":[11,672,1804,1805,76359,1803,1777,674,4710,1801,125,6971,18611,12,1802,135],"class_list":{"0":"post-662111","1":"post","2":"type-post","3":"status-publish","4":"format-standard","5":"has-post-thumbnail","7":"category-allemagne","8":"tag-actualites","9":"tag-allemagne","10":"tag-bundesrepublik-deutschland","11":"tag-de","12":"tag-declaration-d39intention","13":"tag-deutschland","14":"tag-eu","15":"tag-europe","16":"tag-friedrich-merz","17":"tag-germany","18":"tag-ministere-de-la-sante","19":"tag-ministre-de-la-sante","20":"tag-narendra-modi","21":"tag-news","22":"tag-republique-federale-dallemagne","23":"tag-vladimir-poutine"},"share_on_mastodon":{"url":"https:\/\/pubeurope.com\/@fr\/115891466769219303","error":""},"_links":{"self":[{"href":"https:\/\/www.europesays.com\/fr\/wp-json\/wp\/v2\/posts\/662111","targetHints":{"allow":["GET"]}}],"collection":[{"href":"https:\/\/www.europesays.com\/fr\/wp-json\/wp\/v2\/posts"}],"about":[{"href":"https:\/\/www.europesays.com\/fr\/wp-json\/wp\/v2\/types\/post"}],"author":[{"embeddable":true,"href":"https:\/\/www.europesays.com\/fr\/wp-json\/wp\/v2\/users\/2"}],"replies":[{"embeddable":true,"href":"https:\/\/www.europesays.com\/fr\/wp-json\/wp\/v2\/comments?post=662111"}],"version-history":[{"count":0,"href":"https:\/\/www.europesays.com\/fr\/wp-json\/wp\/v2\/posts\/662111\/revisions"}],"wp:featuredmedia":[{"embeddable":true,"href":"https:\/\/www.europesays.com\/fr\/wp-json\/wp\/v2\/media\/662112"}],"wp:attachment":[{"href":"https:\/\/www.europesays.com\/fr\/wp-json\/wp\/v2\/media?parent=662111"}],"wp:term":[{"taxonomy":"category","embeddable":true,"href":"https:\/\/www.europesays.com\/fr\/wp-json\/wp\/v2\/categories?post=662111"},{"taxonomy":"post_tag","embeddable":true,"href":"https:\/\/www.europesays.com\/fr\/wp-json\/wp\/v2\/tags?post=662111"}],"curies":[{"name":"wp","href":"https:\/\/api.w.org\/{rel}","templated":true}]}}