{"id":662127,"date":"2026-01-14T04:15:26","date_gmt":"2026-01-14T04:15:26","guid":{"rendered":"https:\/\/www.europesays.com\/fr\/662127\/"},"modified":"2026-01-14T04:15:26","modified_gmt":"2026-01-14T04:15:26","slug":"louis-barre-un-puncheur-ambitieux-chez-visma","status":"publish","type":"post","link":"https:\/\/www.europesays.com\/fr\/662127\/","title":{"rendered":"Louis Barr\u00e9, un puncheur ambitieux chez Visma"},"content":{"rendered":"<p>Arriv\u00e9 tardivement dans l\u2019effectif, <strong>Louis Barr\u00e9<\/strong> a constitu\u00e9 l\u2019une des signatures de fin d\u2019ann\u00e9e de <strong><a href=\"https:\/\/www.teamvismaleaseabike.com\/interview\/news\/get-to-know-louis-barr%C3%A9\/\" target=\"_blank\" rel=\"noreferrer noopener\">Team Visma | Lease a Bike<\/a><\/strong>. \u00c0 25 ans, le coureur fran\u00e7ais sort d\u2019une saison 2025 compl\u00e8te et r\u00e9guli\u00e8re avec <strong>Intermarch\u00e9\u2013Wanty<\/strong>, marqu\u00e9e par une constance notable du d\u00e9but du printemps jusqu\u2019\u00e0 l\u2019automne.<\/p>\n<p>\ud83d\udd0d \u00c0 lire aussi : <a href=\"https:\/\/www.velo-club.net\/actualites\/jonas-vingegaard-giro-2026\/\" target=\"_blank\" rel=\"noopener\">Jonas Vingegaard vise le Giro en 2026<\/a><\/p>\n<p>Parmi ses r\u00e9sultats les plus significatifs figurent une sixi\u00e8me place sur l\u2019<strong><a href=\"https:\/\/www.velo-club.net\/resultats\/skjelmose-soffre-pogacar-et-evenepoel-a-lamstel\/\" target=\"_blank\" rel=\"noopener\">Amstel Gold Race<\/a><\/strong>, plusieurs top 10 d\u2019\u00e9tapes en courses WorldTour, ainsi qu\u2019une nouvelle sixi\u00e8me place lors du <strong>Grand Prix de Montr\u00e9al<\/strong>. Barr\u00e9 s\u2019est \u00e9galement montr\u00e9 offensif sur le Grand Prix de Bretagne, o\u00f9 son classement final ne refl\u00e8te pas l\u2019impact r\u00e9el de sa performance en course.<\/p>\n<p>Ces r\u00e9sultats confirment un profil bien identifi\u00e9 : celui d\u2019un puncheur capable de s\u2019exprimer sur les classiques vallonn\u00e9es et les courses d\u2019un jour exigeantes. Le Fran\u00e7ais assume clairement cette orientation. Il cite notamment sa prestation sur l\u2019Amstel Gold Race comme un moment cl\u00e9 de sa carri\u00e8re, et \u00e9voque des objectifs pr\u00e9cis sur des \u00e9preuves comme Li\u00e8ge-Bastogne-Li\u00e8ge ou Montr\u00e9al, des courses longues et s\u00e9lectives qui correspondent \u00e0 ses qualit\u00e9s.<\/p>\n<p>Son int\u00e9gration au sein de Visma | Lease a Bike s\u2019est faite rapidement. Barr\u00e9 souligne un environnement de travail structur\u00e9 et un collectif exp\u00e9riment\u00e9. Il se projette dans un r\u00f4le d\u2019\u00e9quipier autour de leaders \u00e9tablis, tout en voyant dans cette nouvelle \u00e9tape une opportunit\u00e9 d\u2019apprentissage au plus haut niveau.<\/p>\n<p>Pour la saison \u00e0 venir, Louis Barr\u00e9 ne sera toutefois pas cantonn\u00e9 \u00e0 un r\u00f4le de soutien chez Visma. En fonction des profils de course, il devrait \u00e9galement disposer d\u2019opportunit\u00e9s personnelles sur des \u00e9preuves et des \u00e9tapes adapt\u00e9es \u00e0 ses caract\u00e9ristiques. Dans les classiques ardennaises notamment, Visma | Lease a Bike pourra s\u2019appuyer sur plusieurs cartes offensives, offrant des options tactiques vari\u00e9es dans les phases finales des courses.<\/p>\n<p>\u00c0 d\u00e9couvrir aussi : <a href=\"https:\/\/www.velo-club.net\/actualites\/pauline-ferrand-prevot-objectif-2026\/\" target=\"_blank\" rel=\"noopener\">Pauline Ferrand-Pr\u00e9vot : ses objectifs pour la saison 2026<\/a><\/p>\n<p>Photo : Team Visma Lease a Bike<\/p>\n","protected":false},"excerpt":{"rendered":"Arriv\u00e9 tardivement dans l\u2019effectif, Louis Barr\u00e9 a constitu\u00e9 l\u2019une des signatures de fin d\u2019ann\u00e9e de Team Visma |&hellip;\n","protected":false},"author":2,"featured_media":662128,"comment_status":"","ping_status":"","sticky":false,"template":"","format":"standard","meta":{"footnotes":""},"categories":[1411],"tags":[1154,207,1011,27,60],"class_list":{"0":"post-662127","1":"post","2":"type-post","3":"status-publish","4":"format-standard","5":"has-post-thumbnail","7":"category-cyclisme","8":"tag-cycling","9":"tag-cyclisme","10":"tag-fr","11":"tag-france","12":"tag-sports"},"share_on_mastodon":{"url":"https:\/\/pubeurope.com\/@fr\/115891517785461540","error":""},"_links":{"self":[{"href":"https:\/\/www.europesays.com\/fr\/wp-json\/wp\/v2\/posts\/662127","targetHints":{"allow":["GET"]}}],"collection":[{"href":"https:\/\/www.europesays.com\/fr\/wp-json\/wp\/v2\/posts"}],"about":[{"href":"https:\/\/www.europesays.com\/fr\/wp-json\/wp\/v2\/types\/post"}],"author":[{"embeddable":true,"href":"https:\/\/www.europesays.com\/fr\/wp-json\/wp\/v2\/users\/2"}],"replies":[{"embeddable":true,"href":"https:\/\/www.europesays.com\/fr\/wp-json\/wp\/v2\/comments?post=662127"}],"version-history":[{"count":0,"href":"https:\/\/www.europesays.com\/fr\/wp-json\/wp\/v2\/posts\/662127\/revisions"}],"wp:featuredmedia":[{"embeddable":true,"href":"https:\/\/www.europesays.com\/fr\/wp-json\/wp\/v2\/media\/662128"}],"wp:attachment":[{"href":"https:\/\/www.europesays.com\/fr\/wp-json\/wp\/v2\/media?parent=662127"}],"wp:term":[{"taxonomy":"category","embeddable":true,"href":"https:\/\/www.europesays.com\/fr\/wp-json\/wp\/v2\/categories?post=662127"},{"taxonomy":"post_tag","embeddable":true,"href":"https:\/\/www.europesays.com\/fr\/wp-json\/wp\/v2\/tags?post=662127"}],"curies":[{"name":"wp","href":"https:\/\/api.w.org\/{rel}","templated":true}]}}