{"id":662129,"date":"2026-01-14T04:16:13","date_gmt":"2026-01-14T04:16:13","guid":{"rendered":"https:\/\/www.europesays.com\/fr\/662129\/"},"modified":"2026-01-14T04:16:13","modified_gmt":"2026-01-14T04:16:13","slug":"chelsea-a-trouve-mieux-que-barco","status":"publish","type":"post","link":"https:\/\/www.europesays.com\/fr\/662129\/","title":{"rendered":"Chelsea a trouv\u00e9 mieux que Barco !"},"content":{"rendered":"<p>Bien plac\u00e9s sur le dossier Valentin Barco, les Blues vont peut-\u00eatre l\u00e2cher la p\u00e9pite du RC Strasbourg pour un autre milieu.<\/p>\n<p>Chelsea s\u2019int\u00e9resse de pr\u00e8s \u00e0 Sandro Tonali et a d\u00e9j\u00e0 pris contact avec Newcastle ces derni\u00e8res semaines. Selon les informations de Topskills Sports UK, les Blues se renseignent sur la situation du milieu de terrain italien de 25 ans, sous contrat avec les Magpies jusqu\u2019en 2029. Si aucune prolongation n\u2019est \u00e0 l\u2019ordre du jour c\u00f4t\u00e9 Newcastle, Londres estime toutefois qu\u2019un transfert ne serait envisageable qu\u2019\u00e0 l\u2019\u00e9t\u00e9 prochain.<\/p>\n<p>50 M\u20ac, c\u2019est cadeau ?<\/p>\n<p>Recrut\u00e9 pour plus de 60 millions d\u2019euros en 2023, Tonali voit aujourd\u2019hui sa valeur marchande estim\u00e9e autour de 50 millions d\u2019euros, un l\u00e9ger recul li\u00e9 \u00e0 son temps de jeu limit\u00e9 apr\u00e8s sa suspension. Un contexte qui n\u2019alt\u00e8re en rien l\u2019int\u00e9r\u00eat de Chelsea pour son profil, consid\u00e9r\u00e9 comme complet et encore \u00e0 son apog\u00e9e.<\/p>\n<p>Dot\u00e9 d\u2019un \u00e9norme volume de jeu, d\u2019une vision aiguis\u00e9e et d\u2019une grande qualit\u00e9 d\u00e9fensive, l\u2019international italien est per\u00e7u comme un renfort id\u00e9al pour structurer l\u2019entrejeu londonien. Associ\u00e9 \u00e0 Mois\u00e9s Caicedo et Enzo Fern\u00e1ndez, Tonali pourrait former un trio redoutable en Premier League. Un dossier \u00e0 surveiller de pr\u00e8s en vue d\u2019un mercato estival qui s\u2019annonce d\u00e9j\u00e0 anim\u00e9.<\/p>\n<blockquote class=\"twitter-tweet\">\n<p lang=\"en\" dir=\"ltr\">\ud83d\udea8\ud83c\uddee\ud83c\uddf9 Sandro Tonali to Chelsea? The \u00a360m+ Midfield Battle Heating Up! \ud83d\udd35 <a href=\"https:\/\/twitter.com\/hashtag\/CFC?src=hash&amp;ref_src=twsrc%5Etfw\" target=\"_blank\" rel=\"noopener\">#CFC<\/a><\/p>\n<p>Chelsea have made contact with Newcastle this month for the 25-year-old Italian star.<\/p>\n<p>His contract runs until 2029, no extension plans, but CFC see summer as the realistic window.<\/p>\n<p>Tonali&rsquo;s current\u2026 <a href=\"https:\/\/t.co\/4OsrGIezdO\">pic.twitter.com\/4OsrGIezdO<\/a><\/p>\n<p>\u2014 Topskills Sports UK (@topskillsportuk) <a href=\"https:\/\/twitter.com\/topskillsportuk\/status\/2011103570901586149?ref_src=twsrc%5Etfw\" target=\"_blank\" rel=\"noopener\">January 13, 2026<\/a><\/p><\/blockquote>\n<p><script async src=\"https:\/\/platform.twitter.com\/widgets.js\" charset=\"utf-8\"><\/script><\/p>\n","protected":false},"excerpt":{"rendered":"Bien plac\u00e9s sur le dossier Valentin Barco, les Blues vont peut-\u00eatre l\u00e2cher la p\u00e9pite du RC Strasbourg pour&hellip;\n","protected":false},"author":2,"featured_media":662130,"comment_status":"","ping_status":"","sticky":false,"template":"","format":"standard","meta":{"footnotes":""},"categories":[1410],"tags":[63,1011,27,60],"class_list":{"0":"post-662129","1":"post","2":"type-post","3":"status-publish","4":"format-standard","5":"has-post-thumbnail","7":"category-football","8":"tag-football","9":"tag-fr","10":"tag-france","11":"tag-sports"},"share_on_mastodon":{"url":"https:\/\/pubeurope.com\/@fr\/115891521758083041","error":""},"_links":{"self":[{"href":"https:\/\/www.europesays.com\/fr\/wp-json\/wp\/v2\/posts\/662129","targetHints":{"allow":["GET"]}}],"collection":[{"href":"https:\/\/www.europesays.com\/fr\/wp-json\/wp\/v2\/posts"}],"about":[{"href":"https:\/\/www.europesays.com\/fr\/wp-json\/wp\/v2\/types\/post"}],"author":[{"embeddable":true,"href":"https:\/\/www.europesays.com\/fr\/wp-json\/wp\/v2\/users\/2"}],"replies":[{"embeddable":true,"href":"https:\/\/www.europesays.com\/fr\/wp-json\/wp\/v2\/comments?post=662129"}],"version-history":[{"count":0,"href":"https:\/\/www.europesays.com\/fr\/wp-json\/wp\/v2\/posts\/662129\/revisions"}],"wp:featuredmedia":[{"embeddable":true,"href":"https:\/\/www.europesays.com\/fr\/wp-json\/wp\/v2\/media\/662130"}],"wp:attachment":[{"href":"https:\/\/www.europesays.com\/fr\/wp-json\/wp\/v2\/media?parent=662129"}],"wp:term":[{"taxonomy":"category","embeddable":true,"href":"https:\/\/www.europesays.com\/fr\/wp-json\/wp\/v2\/categories?post=662129"},{"taxonomy":"post_tag","embeddable":true,"href":"https:\/\/www.europesays.com\/fr\/wp-json\/wp\/v2\/tags?post=662129"}],"curies":[{"name":"wp","href":"https:\/\/api.w.org\/{rel}","templated":true}]}}