{"id":662137,"date":"2026-01-14T04:21:16","date_gmt":"2026-01-14T04:21:16","guid":{"rendered":"https:\/\/www.europesays.com\/fr\/662137\/"},"modified":"2026-01-14T04:21:16","modified_gmt":"2026-01-14T04:21:16","slug":"mariah-carey-quatre-sites-en-simultane-la-ceremonie-douverture-des-jo-2026-se-devoile-peu-a-peu","status":"publish","type":"post","link":"https:\/\/www.europesays.com\/fr\/662137\/","title":{"rendered":"Mariah Carey, quatre sites en simultan\u00e9\u2026 La c\u00e9r\u00e9monie d&rsquo;ouverture des JO 2026 se d\u00e9voile peu \u00e0 peu"},"content":{"rendered":"<ul class=\"jsx-862013697 ArticleChapo__List\">\n<li class=\"jsx-862013697 ArticleChapo__List_Item flex\">Les JO d&rsquo;hiver de Milan-Cortina vont ouvrir leurs portes, vendredi 6 f\u00e9vrier, avec la premi\u00e8re c\u00e9r\u00e9monie d&rsquo;ouverture multisites de l&rsquo;histoire olympique.<\/li>\n<li class=\"jsx-862013697 ArticleChapo__List_Item flex\">Avant le jour J, TF1info vous d\u00e9voile tout ce que l&rsquo;on sait d\u00e9j\u00e0 sur le secret le mieux gard\u00e9 d&rsquo;Italie.<\/li>\n<\/ul>\n<p><a href=\"https:\/\/www.tf1info.fr\/jeux-olympiques\/\" rel=\"noopener\" class=\"jsx-484472199 Link jsx-1428418400 jsx-2089987738\" target=\"_blank\"><\/p>\n<p style=\"font-weight:400\" class=\"jsx-1837267516\">Suivez la couverture compl\u00e8te<\/p>\n<p style=\"font-weight:800\" class=\"jsx-1837267516\">Jeux olympiques et paralympiques<\/p>\n<p><\/a><\/p>\n<p data-module=\"article-paragraph\" class=\"jsx-157965717 Paragraph\">\u00c0 Paris, on avait eu droit \u00e0 <a href=\"https:\/\/www.tf1info.fr\/jeux-olympiques\/retro-2024-l-annee-ou-la-ceremonie-d-ouverture-des-jeux-olympiques-de-paris-a-dechaine-les-passions-2340192.html\" target=\"_blank\" rel=\"noopener\">la premi\u00e8re c\u00e9r\u00e9monie d&rsquo;ouverture en dehors d&rsquo;un stade<\/a>, avec une parade inoubliable sur la Seine. Milan-Cortina se pr\u00e9pare, \u00e0 son tour, \u00e0 d\u00e9poussi\u00e9rer <a href=\"https:\/\/www.tf1info.fr\/actualite\/jeux-olympiques-8509-13031\/\" target=\"_blank\" rel=\"noopener\">les Jeux olympiques<\/a>, en mettant en sc\u00e8ne la premi\u00e8re c\u00e9r\u00e9monie multisites de l&rsquo;histoire.<\/p>\n<p data-module=\"article-paragraph\" class=\"jsx-157965717 Paragraph Paragraph__End\">Soixante-dix ans apr\u00e8s avoir accueilli ses premiers Jeux d&rsquo;hiver, d\u00e9j\u00e0 \u00e0 Cortina, et vingt ans apr\u00e8s ceux de Turin, l&rsquo;Italie inaugurera <a href=\"https:\/\/www.tf1info.fr\/sport\/jeux-olympiques-hiver-milan-cortina-italie-que-se-derouleront-les-jo-2026-2125102.html\" target=\"_blank\" rel=\"noopener\">sa quinzaine olympique<\/a>, vendredi 6 f\u00e9vrier, sur les coups de 20h, avec un concept totalement original.<\/p>\n<p>Quatre sites en simultan\u00e9<\/p>\n<p data-module=\"article-paragraph\" class=\"jsx-157965717 Paragraph\">Par souci d&rsquo;inclure tous les athl\u00e8tes, m\u00eame ceux qui auront d\u00e9j\u00e0 commenc\u00e9 les \u00e9preuves, la grand-messe retransmise en mondovision se d\u00e9roulera en simultan\u00e9 sur quatre sites diff\u00e9rents.\u00a0Avant sa d\u00e9molition, <a href=\"https:\/\/www.tf1info.fr\/sport\/football-ac-milan-psg-ligue-des-champions-lancer-de-faux-billets-t-shirts-floques-71-san-siro-promet-l-enfer-au-traitre-gianluigi-donnarumma-2275363.html\" target=\"_blank\" rel=\"noopener\">le l\u00e9gendaire stade San Siro<\/a> servira de cadre principal au spectacle projet\u00e9 \u00e0 Cortina d&rsquo;Ampezzo, Livigno et Predazzo, h\u00f4tes des \u00e9preuves de ski alpin, de snowboard et ski freestyle et de ski nordique.<\/p>\n<p data-module=\"article-paragraph\" class=\"jsx-157965717 Paragraph Paragraph__End\">\u00ab\u00a0C&rsquo;est une parade qui doit donner \u00e0 l&rsquo;\u00e9cran la sensation qu&rsquo;on est tous ensemble. C&rsquo;est la premi\u00e8re fois que les athl\u00e8tes d\u00e9j\u00e0 en montagne (pour leurs \u00e9preuves, ndlr) pourront y participer\u00a0\u00bb, a soulign\u00e9 Andrea Varnier, le patron du comit\u00e9 d&rsquo;organisation italien. Chaque d\u00e9l\u00e9gation pourra choisir o\u00f9 elle souhaite placer ses deux porte-drapeaux, une femme et un homme. L&rsquo;Italie aura exceptionnellement quatre repr\u00e9sentants : deux \u00e0 Milan et deux autres \u00e0 Cortina.<\/p>\n<blockquote class=\"jsx-2786790838 Quote__Text\"><p>Un hommage \u00e0 l&rsquo;esprit italien<\/p><\/blockquote>\n<p>Marco Balich, directeur artistique de la c\u00e9r\u00e9monie d&rsquo;ouverture<\/p>\n<p data-module=\"article-paragraph\" class=\"jsx-157965717 Paragraph Paragraph__End\">L&rsquo;histoire et l&rsquo;innovation seront au c\u0153ur de la c\u00e9r\u00e9monie imagin\u00e9e par Marco Balich, l&rsquo;incontournable directeur et producteur artistique qui revendique <a href=\"https:\/\/www.balichwonderstudio.com\/team\/marco-balich\/\" target=\"_blank\" rel=\"nofollow noopener\">sur son site (nouvelle fen\u00eatre)<\/a> la cr\u00e9ation de \u00ab\u00a0seize c\u00e9r\u00e9monies olympiques\u00a0\u00bb, dont Rio 2016 et Tokyo 2020. Pr\u00e9sent\u00e9 par ses soins comme \u00ab\u00a0le plus grand show des vingt prochaines ann\u00e9es jamais produit en Italie\u00a0\u00bb, le spectacle aura pour fil conducteur : \u00ab\u00a0l&rsquo;harmonie\u00a0\u00bb. Celle entre \u00ab\u00a0la ville et les montagnes\u00a0\u00bb, \u00ab\u00a0l&rsquo;humain et la nature\u00a0\u00bb, \u00ab\u00a0les hommes, les arts et les cultures\u00a0\u00bb et \u00ab\u00a0la tradition et le futur\u00a0\u00bb.<\/p>\n<blockquote data-testid=\"EmbedTwitter\" id=\"tweet-1978840047932547460-:R9dcmj9v79m:\" class=\"jsx-aeff1a1c40f54d7a twitter-tweet flex justify-center items-center\"><p>Avec un titre. Un concept : Armonia. \u2728  Un fil conducteur qui tisse ensemble imagination et beaut\u00e9, L\u00e9onard de Vinci et les grands inventeurs, le design et le go\u00fbt italiens, la musique et l&rsquo;\u00e9l\u00e9gance.  Une histoire qui c\u00e9l\u00e8bre le talent italien sous toutes ses formes. \ud83d\udccd 6\u2026  pic.twitter.com\/7Hm7QPqlNi \u2014 Jeux Olympiques (@jeuxolympiques)  October 16, 2025<\/p><\/blockquote>\n<p data-module=\"article-paragraph\" class=\"jsx-157965717 Paragraph Paragraph__End\">\u00ab\u00a0L&rsquo;harmonie, c&rsquo;est la capacit\u00e9 \u00e0 transformer nos valeurs en images, sons et \u00e9motions partag\u00e9s. C&rsquo;est un voyage dans les vraies couleurs de l&rsquo;Italie : son art, sa cr\u00e9ativit\u00e9, son humanit\u00e9\u00a0\u00bb, a-t-il dit. \u00ab\u00a0Nous voulons proposer une c\u00e9r\u00e9monie capable de conjuguer le style italien \u00e0 la puissance de l&rsquo;\u00e9motion.\u00a0\u00bb Si le contenu pr\u00e9cis de la c\u00e9r\u00e9monie d&rsquo;ouverture, d&rsquo;une dur\u00e9e de 2h30, demeure secret, on sait qu&rsquo;elle sera \u00ab\u00a0un hommage \u00e0 l&rsquo;esprit italien\u00a0\u00bb, avec des figures comme L\u00e9onard de Vinci, et au \u00ab\u00a0made in Italy\u00a0\u00bb. L&rsquo;h\u00e9ritage du regrett\u00e9 <a href=\"https:\/\/www.tf1info.fr\/culture\/mort-de-giorgio-armani-le-monde-a-perdu-un-geant-pluie-d-hommages-au-createur-decede-a-91-ans-2392720.html\" target=\"_blank\" rel=\"noopener\">Giorgio Armani, d\u00e9c\u00e9d\u00e9 le 4 septembre 2025<\/a>, sera aussi c\u00e9l\u00e9br\u00e9.<\/p>\n<p>Mariah Carey en superstar<\/p>\n<p data-module=\"article-paragraph\" class=\"jsx-157965717 Paragraph\">Une pl\u00e9iade d&rsquo;invit\u00e9s de prestige participeront \u00e0 l&rsquo;\u00e9v\u00e9nement. <a href=\"https:\/\/www.tf1info.fr\/culture\/it-s-time-mariah-carey-lance-la-saison-de-noel-2025-en-video-et-en-chanson-2404212.html\" target=\"_blank\" rel=\"noopener\">Mariah Carey<\/a>, la superstar des f\u00eates de fin d&rsquo;ann\u00e9e, fera r\u00e9sonner sa voix l\u00e9gendaire \u00e0 San Siro, o\u00f9 plus de 60.000 spectateurs prendront place apr\u00e8s avoir d\u00e9bours\u00e9 260 \u00e0 2.000 euros. L&rsquo;ic\u00f4ne de la pop de 56 ans, \u00ab\u00a0reconnue mondialement pour sa voix inimitable et une \u0153uvre musicale capable de traverser les g\u00e9n\u00e9rations et les cultures\u00a0\u00bb, a \u00e9t\u00e9 choisie par les organisateurs pour \u00ab\u00a0incarner pleinement l&rsquo;\u00e9motion qui accompagne la pr\u00e9paration des Jeux\u00a0\u00bb.<\/p>\n<p data-module=\"article-paragraph\" class=\"jsx-157965717 Paragraph Paragraph__End\">D&rsquo;autres personnalit\u00e9s locales se joindront \u00e0 elle, comme le t\u00e9nor <a href=\"https:\/\/www.tf1info.fr\/culture\/video-coronavirus-pandemie-covid19-andrea-bocelli-chante-pour-paques-dans-la-cathedrale-de-milan-totalement-vide-2150849.html\" target=\"_blank\" rel=\"noopener\">Andrea Bocelli<\/a> ou la chanteuse Laura Pausini. Ont \u00e9t\u00e9 aussi annonc\u00e9s l&rsquo;\u00e9toile montante Matilda De Angelis, le violoniste Giovanni Zanon et l&rsquo;actrice Sabrina Impacciatore, aper\u00e7ue dans la saison 2 de la s\u00e9rie <a href=\"https:\/\/www.tf1info.fr\/culture\/saint-tropez-the-white-lotus-s-invite-dans-un-palace-du-sud-de-la-france-pour-sa-saison-4-2417885.html\" target=\"_blank\" rel=\"noopener\">The White Lotus<\/a>.<\/p>\n<p><a href=\"https:\/\/www.tf1info.fr\/jeux-olympiques\/jeux-olympiques-et-paralympiques-d-hiver-milano-cortina-2026-combien-vont-gagner-les-medailles-francais-2418228.html\" rel=\"noopener\" class=\"jsx-3308031228 Link flex\" target=\"_blank\"><img decoding=\"async\" src=\"https:\/\/www.europesays.com\/fr\/wp-content\/uploads\/2026\/01\/milan-cortina-2026-fa4f0b-1@1x.jpeg\" alt=\"Les primes des m\u00e9daill\u00e9s fran\u00e7ais sont reconduites pour les Jeux olympiques et paralympiques 2026. \" loading=\"lazy\" importance=\"low\" fetchpriority=\"low\" class=\"\" aria-hidden=\"true\"\/><\/p>\n<p class=\"jsx-3657663356 ReadMoreArticle__Title\">Lire aussi<\/p>\n<p class=\"jsx-3657663356\">Jeux olympiques et paralympiques d&rsquo;hiver 2026 : combien vont gagner les m\u00e9daill\u00e9s fran\u00e7ais ?<\/p>\n<p><\/a><\/p>\n<p data-module=\"article-paragraph\" class=\"jsx-157965717 Paragraph Paragraph__End\">Clou de ce grand randam : pour la premi\u00e8re fois, la c\u00e9r\u00e9monie du lever de drapeau et l&rsquo;allumage de la vasque olympique se tiendront sur deux sites diff\u00e9rents. Une d\u00e9multiplication pour \u00eatre plus pr\u00e8s des athl\u00e8tes et du public. Les Jeux de Milan-Cortina incluant deux villes, il y aura deux flambeaux : l&rsquo;un sera situ\u00e9 \u00e0 l&rsquo;Arco della Pace, un monument embl\u00e9matique de Milan, et l&rsquo;autre sera sur la Piazza Dibona, le c\u0153ur battant de Cortina d&rsquo;Ampezzo. Peut-\u00eatre l&rsquo;exemple \u00e0 suivre pour les JO 2030 dans les Alpes fran\u00e7aises.<\/p>\n<p>Yohan ROBLIN<\/p>\n<p><script async src=\"https:\/\/platform.twitter.com\/widgets.js\" charset=\"utf-8\"><\/script><\/p>\n","protected":false},"excerpt":{"rendered":"Les JO d&rsquo;hiver de Milan-Cortina vont ouvrir leurs portes, vendredi 6 f\u00e9vrier, avec la premi\u00e8re c\u00e9r\u00e9monie d&rsquo;ouverture multisites&hellip;\n","protected":false},"author":2,"featured_media":662138,"comment_status":"","ping_status":"","sticky":false,"template":"","format":"standard","meta":{"footnotes":""},"categories":[1355],"tags":[1111,11,1921,30231,58,59,1011,27,1922,452,76361,3996,34115,1361,873,133,76362],"class_list":{"0":"post-662137","1":"post","2":"type-post","3":"status-publish","4":"format-standard","5":"has-post-thumbnail","7":"category-musique","8":"tag-actu","9":"tag-actualites","10":"tag-article-video","11":"tag-disciplines-olympiques","12":"tag-divertissement","13":"tag-entertainment","14":"tag-fr","15":"tag-france","16":"tag-info","17":"tag-italie","18":"tag-jeux-olympiques-et-paralympiques-dhiver-2026-de-milan-cortina","19":"tag-jeux-olympiques","20":"tag-mariah-carey","21":"tag-music","22":"tag-musique","23":"tag-video","24":"tag-video-jeux-olympiques-et-paralympiques"},"share_on_mastodon":{"url":"https:\/\/pubeurope.com\/@fr\/115891541389574835","error":""},"_links":{"self":[{"href":"https:\/\/www.europesays.com\/fr\/wp-json\/wp\/v2\/posts\/662137","targetHints":{"allow":["GET"]}}],"collection":[{"href":"https:\/\/www.europesays.com\/fr\/wp-json\/wp\/v2\/posts"}],"about":[{"href":"https:\/\/www.europesays.com\/fr\/wp-json\/wp\/v2\/types\/post"}],"author":[{"embeddable":true,"href":"https:\/\/www.europesays.com\/fr\/wp-json\/wp\/v2\/users\/2"}],"replies":[{"embeddable":true,"href":"https:\/\/www.europesays.com\/fr\/wp-json\/wp\/v2\/comments?post=662137"}],"version-history":[{"count":0,"href":"https:\/\/www.europesays.com\/fr\/wp-json\/wp\/v2\/posts\/662137\/revisions"}],"wp:featuredmedia":[{"embeddable":true,"href":"https:\/\/www.europesays.com\/fr\/wp-json\/wp\/v2\/media\/662138"}],"wp:attachment":[{"href":"https:\/\/www.europesays.com\/fr\/wp-json\/wp\/v2\/media?parent=662137"}],"wp:term":[{"taxonomy":"category","embeddable":true,"href":"https:\/\/www.europesays.com\/fr\/wp-json\/wp\/v2\/categories?post=662137"},{"taxonomy":"post_tag","embeddable":true,"href":"https:\/\/www.europesays.com\/fr\/wp-json\/wp\/v2\/tags?post=662137"}],"curies":[{"name":"wp","href":"https:\/\/api.w.org\/{rel}","templated":true}]}}