{"id":662139,"date":"2026-01-14T04:22:32","date_gmt":"2026-01-14T04:22:32","guid":{"rendered":"https:\/\/www.europesays.com\/fr\/662139\/"},"modified":"2026-01-14T04:22:32","modified_gmt":"2026-01-14T04:22:32","slug":"sorties-cinema-du-14-janvier-laffaire-bojarski-furcy-ne-libre-les-films-a-voir-ou-pas-le-parisien","status":"publish","type":"post","link":"https:\/\/www.europesays.com\/fr\/662139\/","title":{"rendered":"Sorties cin\u00e9ma du 14 janvier : \u00ab L\u2019Affaire Bojarski \u00bb, \u00ab Furcy, n\u00e9 libre \u00bb\u2026 Les films \u00e0 voir (ou pas) &#8211; Le Parisien"},"content":{"rendered":"<ol>\n<li><a href=\"https:\/\/news.google.com\/rss\/articles\/CBMihwJBVV95cUxQUEpOQjJIVTVBRkt2X01pLU9GR2VxMkstZFVnQXgzQXN3Mk1ZNzVrNFlNc3NZS09VVWFjTllxZzZGOVM5cFA2Smp0MzlMdGRNclJqemJqWTdoUnoxMDlvM3BWSTY3RFpzWFBfeTJRcXV5NDFRT1BLaklVc093Qy1JaHVibUZrVnBMRjdmdmJYUldSbG9qa0ZsdTdoUWpGYkI0UFcydnRnakxia1RMdkhIYUpvMU9LcWFCTHlfSnFST0xseGJmTDB1QXFWUTExNUduNkx2eDZ3Q3RETEJuQnVvMWZEVmRpeFd5aFZIQ2lJaDRQcjQ4cGdRVUV0NDdxT1Bub2FyMUJTVQ?oc=5\" target=\"_blank\" rel=\"noopener\">Sorties cin\u00e9ma du 14 janvier : \u00ab L\u2019Affaire Bojarski \u00bb, \u00ab Furcy, n\u00e9 libre \u00bb\u2026 Les films \u00e0 voir (ou pas)<\/a>&nbsp;&nbsp;Le Parisien<\/li>\n<li><a href=\"https:\/\/news.google.com\/rss\/articles\/CBMi5AFBVV95cUxQREJrNGdqS2NUUF90a1pQVnM5WG1KOVp4MHRURFgwTDFabzVVNzEzM2x1T1djVnFSWDFJSEkwQm9zU3l0aTRQOU53Ukcycktfd1F1SDVZZ1VqV3pnOGNDN2VkSEpieVR2OVp5dlhDdGFBSmJxX2FVTG1SY0p1bDcwWlI2UUZlbXlEdmIyT0pHOWNkWWVHT0J2Q096YlVGUk9OTWk2QWFXZUxJMGMxTnY3Ymp4aWZLRi1KMkFFV0V0VzNUSDVDVk1Fa0piT1pScmg5UTlMMHRfS25wTHFhbHFLWWhCLVc?oc=5\" target=\"_blank\" rel=\"noopener\">Les films \u00e0 l\u2019affiche : \u00ab Furcy, n\u00e9 libre \u00bb, \u00ab Eleonora Duse \u00bb, \u00ab L\u2019Affaire Bojarski \u00bb, \u00ab Palestine 36 \u00bb\u2026<\/a>&nbsp;&nbsp;Le Monde.fr<\/li>\n<li><a href=\"https:\/\/news.google.com\/rss\/articles\/CBMipAFBVV95cUxOVEVkbnJJMTAweHBPeGdBYUlnTmtaODhOaFhiYk5ETk9XaHlRWHlLelBPUHJRYVpaRDJFSlZORUZlbE9fR0Q0QUxsdWU5MVVWQmtYR1poZ1VsNzhDeTBGcDZlV0hmWFpCOVktVXcwSjdhVVlfVF96UGdTNVBZaHMtLWY4S3N5akVYZFplajVBR1N0U2xHczh1eWZ4UFo5dmQ0WUdnVA?oc=5\" target=\"_blank\" rel=\"noopener\">L&rsquo;Affaire Bojarski le film &#8211; Cin\u00e9mas &#8211; Le T\u00e9l\u00e9gramme : quotidien regional de Bretagne<\/a>&nbsp;&nbsp;Le T\u00e9l\u00e9gramme<\/li>\n<li><a href=\"https:\/\/news.google.com\/rss\/articles\/CBMi4wFBVV95cUxOZjI5ZWRIRkhxUG9sR3ljcG9ZSVg4S3JtVGxzeHBSWm5JTGdHUDd5eHZEYW9obW5mYnp1T2theUUyWThOdHViVTN5NHR0OUItdWdieEI0bHlLVzF1OWRaSWhlTG5JdjBWc0RLM3BDNFgtYXQ4Vzk3UkR6VzFmbXBWQXNoaTZHd01nem04My1yR0Fza2dDQjFIRWhFS3F1UnlHdUlObFNEQ1hqN0MtRHdCVGN2TWxyd0x0RGJ4blYyT2JvSjVLbzRfOXd1NFlxVzJVdXc1S3BibmhBaTJHWGNwSHhzZw?oc=5\" target=\"_blank\" rel=\"noopener\">\u00ab Ma m\u00e8re m\u2019a simplement dit : \u201cIl para\u00eet que ton p\u00e8re fait de la fausse monnaie\u201d \u00bb : les confessions d&rsquo;Anne Bojarski avant la sortie d&rsquo;un film sur son p\u00e8re<\/a>&nbsp;&nbsp;Le Dauphin\u00e9 Lib\u00e9r\u00e9<\/li>\n<li><a href=\"https:\/\/news.google.com\/rss\/articles\/CBMimgFBVV95cUxQR1IxUU9sX05rbEZLWnc1M1JncTE5Qm9uVFBkSEw4aTJXVkU1b0JBMjBTMFc0dV91dzJvb1BWRkVyQmZVcFFOQ2NJSFRqRVRqWVFTRXhaaWhWcFVOdGwzV01aeE1iTk1rX1ZKZU9tTUVSNnFKSUdkVjhfbzM0dGVjTUJNTXptQ3dhMjZqQTRqYUlxeWViZVF5dlp3?oc=5\" target=\"_blank\" rel=\"noopener\">Cin\u00e9ma : Reda Kateb fait le plein de billets<\/a>&nbsp;&nbsp;Les Echos<\/li>\n<\/ol>\n","protected":false},"excerpt":{"rendered":"Sorties cin\u00e9ma du 14 janvier : \u00ab L\u2019Affaire Bojarski \u00bb, \u00ab Furcy, n\u00e9 libre \u00bb\u2026 Les films \u00e0&hellip;\n","protected":false},"author":2,"featured_media":662140,"comment_status":"","ping_status":"","sticky":false,"template":"","format":"standard","meta":{"footnotes":""},"categories":[1354],"tags":[650,872,58,59,1346,1011,27,1360],"class_list":{"0":"post-662139","1":"post","2":"type-post","3":"status-publish","4":"format-standard","5":"has-post-thumbnail","7":"category-films","8":"tag-cinema","9":"tag-culture-et-loisirs","10":"tag-divertissement","11":"tag-entertainment","12":"tag-films","13":"tag-fr","14":"tag-france","15":"tag-movies"},"share_on_mastodon":{"url":"https:\/\/pubeurope.com\/@fr\/115891545282647727","error":""},"_links":{"self":[{"href":"https:\/\/www.europesays.com\/fr\/wp-json\/wp\/v2\/posts\/662139","targetHints":{"allow":["GET"]}}],"collection":[{"href":"https:\/\/www.europesays.com\/fr\/wp-json\/wp\/v2\/posts"}],"about":[{"href":"https:\/\/www.europesays.com\/fr\/wp-json\/wp\/v2\/types\/post"}],"author":[{"embeddable":true,"href":"https:\/\/www.europesays.com\/fr\/wp-json\/wp\/v2\/users\/2"}],"replies":[{"embeddable":true,"href":"https:\/\/www.europesays.com\/fr\/wp-json\/wp\/v2\/comments?post=662139"}],"version-history":[{"count":0,"href":"https:\/\/www.europesays.com\/fr\/wp-json\/wp\/v2\/posts\/662139\/revisions"}],"wp:featuredmedia":[{"embeddable":true,"href":"https:\/\/www.europesays.com\/fr\/wp-json\/wp\/v2\/media\/662140"}],"wp:attachment":[{"href":"https:\/\/www.europesays.com\/fr\/wp-json\/wp\/v2\/media?parent=662139"}],"wp:term":[{"taxonomy":"category","embeddable":true,"href":"https:\/\/www.europesays.com\/fr\/wp-json\/wp\/v2\/categories?post=662139"},{"taxonomy":"post_tag","embeddable":true,"href":"https:\/\/www.europesays.com\/fr\/wp-json\/wp\/v2\/tags?post=662139"}],"curies":[{"name":"wp","href":"https:\/\/api.w.org\/{rel}","templated":true}]}}