{"id":662149,"date":"2026-01-14T04:28:12","date_gmt":"2026-01-14T04:28:12","guid":{"rendered":"https:\/\/www.europesays.com\/fr\/662149\/"},"modified":"2026-01-14T04:28:12","modified_gmt":"2026-01-14T04:28:12","slug":"la-commission-nickel-du-congres-a-examine-la-situation-critique-de-la-filiere","status":"publish","type":"post","link":"https:\/\/www.europesays.com\/fr\/662149\/","title":{"rendered":"La commission nickel du Congr\u00e8s a examin\u00e9 la situation critique de la fili\u00e8re"},"content":{"rendered":"<p class=\"svelte-qfpp5o first-paragraph\">Une session \u00e9conomique et sociale est annonc\u00e9e \u00e0 Paris, apr\u00e8s le rendez-vous politique du 16 janvier \u00e0 l\u2019Elys\u00e9e. Les difficult\u00e9s de la fili\u00e8re nickel y seront sans doute abord\u00e9es. Une probl\u00e9matique qui a occup\u00e9 la <a class=\"article-link svelte-123pfsg\" href=\"https:\/\/la1ere.franceinfo.fr\/nouvellecaledonie\/nouvelle-mission-de-claire-durrieu-sur-le-pacte-de-refondation-il-n-a-pas-de-blocage-mais-des-points-de-discussion-1660796.html\" target=\"_blank\" rel=\"noopener\">derni\u00e8re apr\u00e8s-midi de Claire Durrieu \u00e0 Noum\u00e9a<\/a>, mardi 13 janvier.<\/p>\n<p>Un \u00e9norme enjeu<\/p>\n<p class=\"svelte-qfpp5o\">La directrice de la mission interminist\u00e9rielle d\u00e9di\u00e9e \u00e0 la reconstruction a \u00e9t\u00e9 auditionn\u00e9e par la commission nickel du Congr\u00e8s. Au c\u0153ur des \u00e9changes, rien de moins que l\u2019avenir des trois usines m\u00e9tallurgiques (de <a class=\"article-link svelte-123pfsg\" href=\"https:\/\/la1ere.franceinfo.fr\/nouvellecaledonie\/nickel-la-sln-presente-a-ses-salaries-sa-feuille-de-route-2025-1576561.html\" target=\"_blank\" rel=\"noopener\">la SLN \u00e0 Noum\u00e9a<\/a>, <a class=\"article-link svelte-123pfsg\" href=\"https:\/\/la1ere.franceinfo.fr\/nouvellecaledonie\/province-nord\/nickel-comment-la-smsp-veut-sauver-l-activite-miniere-et-metallurgique-dans-le-nord-1652036.html\" target=\"_blank\" rel=\"noopener\">KNS \u00e0 Voh<\/a> et <a class=\"article-link svelte-123pfsg\" href=\"https:\/\/la1ere.franceinfo.fr\/nouvellecaledonie\/province-sud\/mont-dore\/production-rachat-projet-lucy-le-nouveau-president-de-prony-resources-fait-le-point-sur-la-situation-de-l-usine-du-sud-1630355.html\" target=\"_blank\" rel=\"noopener\">Prony Resources<\/a> dans le Grand Sud). Avec en jeu des milliers d&#8217;emplois.\u00a0<\/p>\n<p>Les repreneurs possibles ont des conditions<\/p>\n<p class=\"svelte-qfpp5o\">\u00ab\u00a0Pour deux d&rsquo;entre elles, elles n&rsquo;ont jamais \u00e9t\u00e9 rentables. Pour l&rsquo;une d&rsquo;entre elles, elle ne l&rsquo;est plus depuis 2012 donc c&rsquo;est une crise qui est tr\u00e8s ancienne\u00a0\u00bb, resitue Claire\u00a0Durrieu. \u00ab\u00a0Il y a un processus de recherche de repreneur pour les trois usines, souligne-t-elle. Ce que je peux dire, c&rsquo;est qu&rsquo;une offre est sur la table pour l&rsquo;une d&rsquo;entre elles, mais qui a une dur\u00e9e de p\u00e9remption fin mars.\u00a0\u00bb <\/p>\n<p class=\"svelte-qfpp5o\">On parle l\u00e0 de l&rsquo;usine du Sud. \u00ab\u00a0Pour les autres, il est possible qu&rsquo;il y ait des offres prochainement.\u00a0\u00bb Mais les repreneurs potentiels mettent deux conditions \u00e0 leur engagement\u00a0: un soutien massif de l\u2019\u00c9tat le temps d\u2019atteindre la rentabilit\u00e9, cumul\u00e9 \u00e0 une ouverture des exportations du minerai brut non valorisable sur place.<\/p>\n<p>\u00ab\u00a0Lever les verrous\u00a0\u00bb<\/p>\n<p class=\"svelte-qfpp5o\">Pour Virginie\u00a0Ruffenach, la Cal\u00e9donie doit faire sa part. \u00ab\u00a0Il ressort de cette discussion qu&rsquo;il nous faut faire le travail n\u00e9cessaire pour lever les verrous qui mettent aussi cette fili\u00e8re dans la difficult\u00e9\u00a0\u00bb, d\u00e9clare la pr\u00e9sidente du groupe Rassemblement. \u00ab\u00a0Nous avons dit que nous seront pr\u00eats \u00e0 l\u00e9gif\u00e9rer au Congr\u00e8s et \u00e0 lever tous les verrous possibles, dans notre domaine de comp\u00e9tences, par exemple sur la possibilit\u00e9 d&rsquo;exportations.\u00a0\u00bb<\/p>\n<p>\u00ab\u00a0Partenaires europ\u00e9ens\u00a0\u00bb<\/p>\n<p class=\"svelte-qfpp5o\">Au-del\u00e0 de l\u2019avenir des usines, les d\u00e9fis de la fili\u00e8re dans sa totalit\u00e9 ont \u00e9t\u00e9 mis sur la table. Et \u00e0 cette \u00e9chelle, explique Philippe Dunoyer, le processus d\u00e9passe les seules comp\u00e9tences cal\u00e9doniennes. \u00ab\u00a0On a un sujet au long cours, qui est le plan de transformation au long terme de la fili\u00e8re nickel\u00a0\u00bb, ouvre l&rsquo;\u00e9lu Cal\u00e9donie ensemble. \u00ab\u00a0Notamment le partenariat avec des acteurs priv\u00e9s, mais de l&rsquo;Union europ\u00e9enne, qui pourrait offrir des conditions de prix int\u00e9ressantes \u00e0 condition que des quantit\u00e9s leur soient garanties.\u00a0\u00bb<\/p>\n<p class=\"svelte-qfpp5o\">\u00ab\u00a0\u00c7a permettrait \u00e0 des usines d&rsquo;avoir un ou des client(s) privil\u00e9gi\u00e9(s) \u00e0 un prix qui assurerait leur rentabilit\u00e9, pose-t-il. \u00c7a n\u00e9cessite aussi des exports, et \u00e7a n\u00e9cessite un engagement de l&rsquo;Etat sur l&rsquo;am\u00e9lioration de la facture de l&rsquo;\u00e9lectricit\u00e9.\u00a0\u00bb<\/p>\n<p class=\"svelte-qfpp5o\">Prochaine \u00e9tape \u00e0 Paris en fin de semaine, avant un retour de Claire\u00a0Durrieu \u00e0 partir du 28 janvier. \u00a0\u00a0<\/p>\n","protected":false},"excerpt":{"rendered":"Une session \u00e9conomique et sociale est annonc\u00e9e \u00e0 Paris, apr\u00e8s le rendez-vous politique du 16 janvier \u00e0 l\u2019Elys\u00e9e.&hellip;\n","protected":false},"author":2,"featured_media":662150,"comment_status":"","ping_status":"","sticky":false,"template":"","format":"standard","meta":{"footnotes":""},"categories":[6],"tags":[35,33,34,1011,27],"class_list":{"0":"post-662149","1":"post","2":"type-post","3":"status-publish","4":"format-standard","5":"has-post-thumbnail","7":"category-economie","8":"tag-business","9":"tag-economie","10":"tag-economy","11":"tag-fr","12":"tag-france"},"share_on_mastodon":{"url":"https:\/\/pubeurope.com\/@fr\/115891568890474815","error":""},"_links":{"self":[{"href":"https:\/\/www.europesays.com\/fr\/wp-json\/wp\/v2\/posts\/662149","targetHints":{"allow":["GET"]}}],"collection":[{"href":"https:\/\/www.europesays.com\/fr\/wp-json\/wp\/v2\/posts"}],"about":[{"href":"https:\/\/www.europesays.com\/fr\/wp-json\/wp\/v2\/types\/post"}],"author":[{"embeddable":true,"href":"https:\/\/www.europesays.com\/fr\/wp-json\/wp\/v2\/users\/2"}],"replies":[{"embeddable":true,"href":"https:\/\/www.europesays.com\/fr\/wp-json\/wp\/v2\/comments?post=662149"}],"version-history":[{"count":0,"href":"https:\/\/www.europesays.com\/fr\/wp-json\/wp\/v2\/posts\/662149\/revisions"}],"wp:featuredmedia":[{"embeddable":true,"href":"https:\/\/www.europesays.com\/fr\/wp-json\/wp\/v2\/media\/662150"}],"wp:attachment":[{"href":"https:\/\/www.europesays.com\/fr\/wp-json\/wp\/v2\/media?parent=662149"}],"wp:term":[{"taxonomy":"category","embeddable":true,"href":"https:\/\/www.europesays.com\/fr\/wp-json\/wp\/v2\/categories?post=662149"},{"taxonomy":"post_tag","embeddable":true,"href":"https:\/\/www.europesays.com\/fr\/wp-json\/wp\/v2\/tags?post=662149"}],"curies":[{"name":"wp","href":"https:\/\/api.w.org\/{rel}","templated":true}]}}