{"id":662157,"date":"2026-01-14T04:36:50","date_gmt":"2026-01-14T04:36:50","guid":{"rendered":"https:\/\/www.europesays.com\/fr\/662157\/"},"modified":"2026-01-14T04:36:50","modified_gmt":"2026-01-14T04:36:50","slug":"la-rn88-fermee-4-nuits-cette-semaine","status":"publish","type":"post","link":"https:\/\/www.europesays.com\/fr\/662157\/","title":{"rendered":"La RN88 ferm\u00e9e 4 nuits cette semaine"},"content":{"rendered":"<p><img decoding=\"async\" class=\"\" style=\"width:100%\" src=\"https:\/\/www.europesays.com\/fr\/wp-content\/uploads\/2026\/01\/RN88_Saint_chamond1767622499639.png\" alt=\"La RN88 \u00e0 Saint-Chamond.\"\/><\/p>\n<p>La RN88 \u00e0 Saint-Chamond.<\/p>\n<p>Cr\u00e9dit : Capture Google maps.<\/p>\n<p>Si vous avez l&rsquo;habitude d&rsquo;aller en direction de Lyon tard dans la soir\u00e9e, attention, il va falloir anticiper vos trajets une grosse partie de la semaine. En effet, la RN88 sera ferm\u00e9e quatre nuits dans le sens Saint-Etienne\/Lyon \u00e0 partir de ce lundi soir. Pour faire simple, la portion concern\u00e9e se trouve entre l&rsquo;\u00e9changeur num\u00e9ro 17, celui de la Varizelle, et le num\u00e9ro 16, celui de Saint-Chamond-centre. Ainsi, de 21h \u00e0 5h du matin, vous devrez emprunter la d\u00e9viation mise en place via la sortie 17 Saint-Chamond\/La Varizelle. Ce sera \u00e9galement le cas les nuits du mardi 13, du mercredi 14 et du jeudi 15 janvier.<\/p>\n<p>Par ailleurs, la RN88 sera aussi ferm\u00e9e \u00e0 la circulation dans le sens Lyon\/Saint-Etienne mais uniquement les nuits du mardi 13, du mercredi 14 et du jeudi 15. Il vous sera l\u00e0 encore immposible de circuler entre 21h et 5h\u00a0 entre les \u00e9changeurs n\u00b016 (St-Chamond-centre) et n\u00b017 (La Varizelle). Une d\u00e9viation sera l\u00e0 encore mise en place via la sortie n\u00b016 \u00ab\u00a0Saint-Chamond-centre\u00a0\u00bb.<\/p>\n","protected":false},"excerpt":{"rendered":"La RN88 \u00e0 Saint-Chamond. Cr\u00e9dit : Capture Google maps. Si vous avez l&rsquo;habitude d&rsquo;aller en direction de Lyon&hellip;\n","protected":false},"author":2,"featured_media":648717,"comment_status":"","ping_status":"","sticky":false,"template":"","format":"standard","meta":{"footnotes":""},"categories":[9653],"tags":[1111,11,2430,4107,5380,1777,674,1011,27,3367,2428,12,5461,25,15292,209,9669,4001,1097],"class_list":{"0":"post-662157","1":"post","2":"type-post","3":"status-publish","4":"format-standard","5":"has-post-thumbnail","7":"category-saint-etienne","8":"tag-actu","9":"tag-actualites","10":"tag-auvergne-rhone-alpes","11":"tag-chantier","12":"tag-deviation","13":"tag-eu","14":"tag-europe","15":"tag-fr","16":"tag-france","17":"tag-loire","18":"tag-lyon","19":"tag-news","20":"tag-perturbation","21":"tag-republique-francaise","22":"tag-rn88","23":"tag-route","24":"tag-saint-chamond","25":"tag-saint-etienne","26":"tag-trafic"},"share_on_mastodon":{"url":"https:\/\/pubeurope.com\/@fr\/115891604440799515","error":""},"_links":{"self":[{"href":"https:\/\/www.europesays.com\/fr\/wp-json\/wp\/v2\/posts\/662157","targetHints":{"allow":["GET"]}}],"collection":[{"href":"https:\/\/www.europesays.com\/fr\/wp-json\/wp\/v2\/posts"}],"about":[{"href":"https:\/\/www.europesays.com\/fr\/wp-json\/wp\/v2\/types\/post"}],"author":[{"embeddable":true,"href":"https:\/\/www.europesays.com\/fr\/wp-json\/wp\/v2\/users\/2"}],"replies":[{"embeddable":true,"href":"https:\/\/www.europesays.com\/fr\/wp-json\/wp\/v2\/comments?post=662157"}],"version-history":[{"count":0,"href":"https:\/\/www.europesays.com\/fr\/wp-json\/wp\/v2\/posts\/662157\/revisions"}],"wp:featuredmedia":[{"embeddable":true,"href":"https:\/\/www.europesays.com\/fr\/wp-json\/wp\/v2\/media\/648717"}],"wp:attachment":[{"href":"https:\/\/www.europesays.com\/fr\/wp-json\/wp\/v2\/media?parent=662157"}],"wp:term":[{"taxonomy":"category","embeddable":true,"href":"https:\/\/www.europesays.com\/fr\/wp-json\/wp\/v2\/categories?post=662157"},{"taxonomy":"post_tag","embeddable":true,"href":"https:\/\/www.europesays.com\/fr\/wp-json\/wp\/v2\/tags?post=662157"}],"curies":[{"name":"wp","href":"https:\/\/api.w.org\/{rel}","templated":true}]}}