{"id":662168,"date":"2026-01-14T04:42:11","date_gmt":"2026-01-14T04:42:11","guid":{"rendered":"https:\/\/www.europesays.com\/fr\/662168\/"},"modified":"2026-01-14T04:42:11","modified_gmt":"2026-01-14T04:42:11","slug":"voeux-2025-marquee-par-des-projets","status":"publish","type":"post","link":"https:\/\/www.europesays.com\/fr\/662168\/","title":{"rendered":"V\u0153ux : 2025 marqu\u00e9e par des projets"},"content":{"rendered":"<p>Devant une salle comble, Michelle Cassar, la maire, entour\u00e9e du conseil municipal et des repr\u00e9sentants de la m\u00e9tropole de Montpellier, du d\u00e9partement, de la r\u00e9gion, de la CCI ainsi que des maires et des repr\u00e9sentants des communes voisines, a pr\u00e9sent\u00e9 ses v\u0153ux \u00e0 la population \u00e0 l\u2019occasion de la traditionnelle c\u00e9r\u00e9monie communale jeudi 8 janvier.<\/p>\n<p><b>Un bilan municipal dans un contexte pr\u00e9\u00e9lectoral<\/b><\/p>\n<p>Elle est ainsi revenue sur les principales r\u00e9alisations men\u00e9es en 2025. En raison du contexte \u00e9lectoral, son intervention s\u2019est par ailleurs volontairement limit\u00e9e au bilan de l\u2019ann\u00e9e \u00e9coul\u00e9e, sans \u00e9vocation des perspectives futures. \u00ab\u00a0\u00catre \u00e9lu, c\u2019est avant tout travailler en \u00e9quipe et agir dans l\u2019int\u00e9r\u00eat g\u00e9n\u00e9ral, avec un esprit de confiance et de solidarit\u00e9\u00a0\u00bb, a-t-elle d\u00e9clar\u00e9.<\/p>\n<p>Parmi les projets structurants \u00e9voqu\u00e9s a figur\u00e9 le lancement des travaux de s\u00e9curisation du carrefour des Oliviers. Autre temps fort de l\u2019ann\u00e9e 2025 ? L\u2019inauguration de la Brigade territoriale autonome de Pignan : \u00ab\u00a0La cr\u00e9ation de cette brigade r\u00e9pond \u00e0 un besoin r\u00e9el sur l\u2019ouest montpelli\u00e9rain et permettra de renforcer la s\u00e9curit\u00e9 du territoire\u00a0\u00bb. Forte de vingt-cinq militaires, la brigade sera \u00e0 terme install\u00e9e dans des locaux d\u00e9finitifs au sein du quartier Saint-Est\u00e8ve. Pignan compte \u00e9galement trente-trois cam\u00e9ras de vid\u00e9oprotection. Le lancement du chantier de la future salle culturelle a \u00e9galement \u00e9t\u00e9 rappel\u00e9. \u00ab\u00a0Cet \u00e9quipement offrira \u00e0 la commune un espace adapt\u00e9 pour accueillir des manifestations culturelles, associatives et \u00e9v\u00e9nementielles\u00a0\u00bb.<\/p>\n<p><b>S\u00e9curit\u00e9, \u00e9quipements et cadre de vie<\/b><\/p>\n<p>L\u2019ann\u00e9e \u00e9coul\u00e9e a par ailleurs \u00e9t\u00e9 marqu\u00e9e par les festivit\u00e9s organis\u00e9es \u00e0 l\u2019occasion des mille ans de la premi\u00e8re mention du nom de Pignan. Les autres actions men\u00e9es en 2025 ? L\u2019agrandissement et la modernisation du poste de police, la relocalisation du centre communal d\u2019action sociale, la r\u00e9novation de l\u2019all\u00e9e centrale et du portail du cimeti\u00e8re route de Saint-Georges, des travaux dans les \u00e9coles, la cr\u00e9ation de jardins partag\u00e9s ou encore la r\u00e9novation des menuiseries de l\u2019h\u00f4tel de ville. Michelle Cassar a enfin rappel\u00e9 que l\u2019ensemble de ces r\u00e9alisations s\u2019inscrit dans un cadre budg\u00e9taire ma\u00eetris\u00e9 : les finances communales restent saines, sans augmentation des taux d\u2019imposition.<\/p>\n<p>Une c\u00e9r\u00e9monie conclue par des remerciements adress\u00e9s aux agents municipaux, aux forces de s\u00e9curit\u00e9, aux associations et aux acteurs \u00e9conomiques locaux, avant de partager un moment convivial autour d\u2019un buffet d\u00eenatoire.<\/p>\n<p>Correspondant Midi Libre : 06 29 73 18 84<\/p>\n","protected":false},"excerpt":{"rendered":"Devant une salle comble, Michelle Cassar, la maire, entour\u00e9e du conseil municipal et des repr\u00e9sentants de la m\u00e9tropole&hellip;\n","protected":false},"author":2,"featured_media":662169,"comment_status":"","ping_status":"","sticky":false,"template":"","format":"standard","meta":{"footnotes":""},"categories":[9599],"tags":[1111,11,1777,674,1011,27,7089,2208,12,2680,76363,316,25],"class_list":{"0":"post-662168","1":"post","2":"type-post","3":"status-publish","4":"format-standard","5":"has-post-thumbnail","7":"category-montpellier","8":"tag-actu","9":"tag-actualites","10":"tag-eu","11":"tag-europe","12":"tag-fr","13":"tag-france","14":"tag-herault","15":"tag-montpellier","16":"tag-news","17":"tag-occitanie","18":"tag-pignan","19":"tag-politique","20":"tag-republique-francaise"},"share_on_mastodon":{"url":"https:\/\/pubeurope.com\/@fr\/115891623874440937","error":""},"_links":{"self":[{"href":"https:\/\/www.europesays.com\/fr\/wp-json\/wp\/v2\/posts\/662168","targetHints":{"allow":["GET"]}}],"collection":[{"href":"https:\/\/www.europesays.com\/fr\/wp-json\/wp\/v2\/posts"}],"about":[{"href":"https:\/\/www.europesays.com\/fr\/wp-json\/wp\/v2\/types\/post"}],"author":[{"embeddable":true,"href":"https:\/\/www.europesays.com\/fr\/wp-json\/wp\/v2\/users\/2"}],"replies":[{"embeddable":true,"href":"https:\/\/www.europesays.com\/fr\/wp-json\/wp\/v2\/comments?post=662168"}],"version-history":[{"count":0,"href":"https:\/\/www.europesays.com\/fr\/wp-json\/wp\/v2\/posts\/662168\/revisions"}],"wp:featuredmedia":[{"embeddable":true,"href":"https:\/\/www.europesays.com\/fr\/wp-json\/wp\/v2\/media\/662169"}],"wp:attachment":[{"href":"https:\/\/www.europesays.com\/fr\/wp-json\/wp\/v2\/media?parent=662168"}],"wp:term":[{"taxonomy":"category","embeddable":true,"href":"https:\/\/www.europesays.com\/fr\/wp-json\/wp\/v2\/categories?post=662168"},{"taxonomy":"post_tag","embeddable":true,"href":"https:\/\/www.europesays.com\/fr\/wp-json\/wp\/v2\/tags?post=662168"}],"curies":[{"name":"wp","href":"https:\/\/api.w.org\/{rel}","templated":true}]}}