{"id":66217,"date":"2025-05-01T06:08:16","date_gmt":"2025-05-01T06:08:16","guid":{"rendered":"https:\/\/www.europesays.com\/fr\/66217\/"},"modified":"2025-05-01T06:08:16","modified_gmt":"2025-05-01T06:08:16","slug":"souvenirs-avec-renaud-goutant-leau-de-vie-familiale-a-4h-du-matin-dans-le-salon","status":"publish","type":"post","link":"https:\/\/www.europesays.com\/fr\/66217\/","title":{"rendered":"Souvenirs. \u00ab\u00a0Avec Renaud, go\u00fbtant l&rsquo;eau-de-vie familiale, \u00e0 4h du matin, dans le salon&#8230;\u00a0\u00bb"},"content":{"rendered":"<p>On a tous des souvenirs de Renaud. Des couplets, des refrains, ta-ta-tin. Ou un concert, des expressions,\u00a0une photo. Quelque chose qui nous ram\u00e8ne parfois \u00e0 l\u2019enfance,\u00a0\u00e0 ce vieil oncle qu\u2019on aimait bien ou \u00e0 des histoires de copains. Mais lui, des souvenirs, il en a plein.<\/p>\n<p>Organisateur de spectacles dans la r\u00e9gion depuis pr\u00e8s de 40 ans, le Grenoblois <a href=\"https:\/\/www.ledauphine.com\/p\/remi-perrier\" target=\"_blank\" rel=\"nofollow noopener\">R\u00e9mi Perrier<\/a> a \u00e9t\u00e9 interview\u00e9 des dizaines de fois par le Dauphin\u00e9 Lib\u00e9r\u00e9. Pour parler de Musilac, des Stones, d\u2019Indochine, de Johnny Hallyday, de Gad Elmaleh, de l\u2019acoustique du Palais des Sports de Grenoble aussi, et on en passe.<\/p>\n<p>Le jeu de l\u2019actualit\u00e9 culturelle, de la promo&#8230; mais jamais quand on parle de Renaud. L\u00e0, c&rsquo;est toujours autre chose. Entre l&rsquo;\u00e9motion et la tendresse.\u00a0<\/p>\n<p>\u00ab\u00a0On ne parle pas d\u2019un chanteur, on parle de notre patrimoine\u00a0\u00bb<\/p>\n<p>A l\u2019occasion des 50 ans de carri\u00e8re de l\u2019auteur de \u00ab\u00a0Mistral Gagnant\u00a0\u00bb, on est donc retourn\u00e9 dans nos archives. C\u2019est Renaud par R\u00e9mi Perrier, deux amis qui ne se laisseront jamais b\u00e9ton.<\/p>\n<p>Ainsi, le Grenoblois nous racontait ceci en mars 2016\u00a0: \u00ab Avec Renaud, <a href=\"https:\/\/www.ledauphine.com\/culture-loisirs\/2022\/07\/01\/moi-je-veux-mourir-derriere-la-scene-rencontre-avec-remi-perrier-qui-organise-le-concert-des-stones-a-lyon\" target=\"_blank\" rel=\"nofollow noopener\">on se parle r\u00e9guli\u00e8rement<\/a>, c\u2019est une histoire de fid\u00e9lit\u00e9. On ne s\u2019est jamais quitt\u00e9 parce que c\u2019est un mec qui est l\u00e0, qui n\u2019oublie pas. J\u2019ai un lien tr\u00e8s fort avec lui. La premi\u00e8re fois, du temps o\u00f9 je bossais \u00e0 la radio, il m\u2019avait ramen\u00e9, avec son chauffeur, en bas de chez mes parents. On avait parl\u00e9 d\u2019eau-de-vie dans la bagnole et nous voil\u00e0, \u00e0 4\u2009h du matin, en train de go\u00fbter l\u2019eau-de-vie familiale dans le salon. Je me rappelle encore ma m\u00e8re, qui voulait m\u2019engueuler parce qu\u2019il \u00e9tait super tard, d\u00e9barquant en robe de chambre et tombant sur Renaud\u2026 Il m\u2019avait raccompagn\u00e9 une autre fois, quelques ann\u00e9es plus tard. On \u00e9tait rest\u00e9 en bas de mon lotissement, dans un parc, \u00e0 Sassenage, \u00e0 fumer nos m\u00e9gots. Comme dans sa chanson, \u00e0 m\u2019asseoir sur un banc\u00a0\u00bb.<\/p>\n<p>\u00ab\u00a0On ne parle pas d\u2019un chanteur, on parle de notre patrimoine, comme pour Barbara, Ferr\u00e9, Brassens. Qui, en \u00e9coutant une de ses chansons, ne repense pas \u00e0 une histoire d\u2019amour, \u00e0 une rupture ? Il accompagne encore nos joies, nos peines. Quand mon p\u00e8re est parti, quand le cercueil a quitt\u00e9 l\u2019\u00e9glise, la musique, c\u2019\u00e9tait \u201cMistral gagnant\u201d. Mon p\u00e8re l\u2019aimait beaucoup\u2026 \u00bb<\/p>\n","protected":false},"excerpt":{"rendered":"On a tous des souvenirs de Renaud. Des couplets, des refrains, ta-ta-tin. Ou un concert, des expressions,\u00a0une photo.&hellip;\n","protected":false},"author":2,"featured_media":66218,"comment_status":"","ping_status":"","sticky":false,"template":"","format":"standard","meta":{"footnotes":""},"categories":[9566],"tags":[1111,11,2430,1687,112,1777,674,107,1011,27,2731,108,6225,873,12,25,16668,273],"class_list":{"0":"post-66217","1":"post","2":"type-post","3":"status-publish","4":"format-standard","5":"has-post-thumbnail","7":"category-grenoble","8":"tag-actu","9":"tag-actualites","10":"tag-auvergne-rhone-alpes","11":"tag-culture-loisirs","12":"tag-edition-grenoble-agglomeration","13":"tag-eu","14":"tag-europe","15":"tag-fil-info","16":"tag-fr","17":"tag-france","18":"tag-grenoble","19":"tag-isere","20":"tag-la-matinale","21":"tag-musique","22":"tag-news","23":"tag-republique-francaise","24":"tag-sassenage","25":"tag-selection-de-la-redaction"},"share_on_mastodon":{"url":"https:\/\/pubeurope.com\/@fr\/114431085979190285","error":""},"_links":{"self":[{"href":"https:\/\/www.europesays.com\/fr\/wp-json\/wp\/v2\/posts\/66217","targetHints":{"allow":["GET"]}}],"collection":[{"href":"https:\/\/www.europesays.com\/fr\/wp-json\/wp\/v2\/posts"}],"about":[{"href":"https:\/\/www.europesays.com\/fr\/wp-json\/wp\/v2\/types\/post"}],"author":[{"embeddable":true,"href":"https:\/\/www.europesays.com\/fr\/wp-json\/wp\/v2\/users\/2"}],"replies":[{"embeddable":true,"href":"https:\/\/www.europesays.com\/fr\/wp-json\/wp\/v2\/comments?post=66217"}],"version-history":[{"count":0,"href":"https:\/\/www.europesays.com\/fr\/wp-json\/wp\/v2\/posts\/66217\/revisions"}],"wp:featuredmedia":[{"embeddable":true,"href":"https:\/\/www.europesays.com\/fr\/wp-json\/wp\/v2\/media\/66218"}],"wp:attachment":[{"href":"https:\/\/www.europesays.com\/fr\/wp-json\/wp\/v2\/media?parent=66217"}],"wp:term":[{"taxonomy":"category","embeddable":true,"href":"https:\/\/www.europesays.com\/fr\/wp-json\/wp\/v2\/categories?post=66217"},{"taxonomy":"post_tag","embeddable":true,"href":"https:\/\/www.europesays.com\/fr\/wp-json\/wp\/v2\/tags?post=66217"}],"curies":[{"name":"wp","href":"https:\/\/api.w.org\/{rel}","templated":true}]}}