{"id":662170,"date":"2026-01-14T04:43:10","date_gmt":"2026-01-14T04:43:10","guid":{"rendered":"https:\/\/www.europesays.com\/fr\/662170\/"},"modified":"2026-01-14T04:43:10","modified_gmt":"2026-01-14T04:43:10","slug":"les-vauverdois-en-forme-pour-lurban-trail-de-montpellier","status":"publish","type":"post","link":"https:\/\/www.europesays.com\/fr\/662170\/","title":{"rendered":"Les Vauverdois en forme pour l\u2019Urban trail de Montpellier"},"content":{"rendered":"<p>6 000 coureurs ont particip\u00e9 ce samedi 10 janvier au soir \u00e0 l\u2019Urban trail de Montpellier, qui proposait deux distances : 6 et 12 km. Trois clubs ou associations vauverdoises \u00e9taient repr\u00e9sent\u00e9s : leurs membres \u00e9taient en tout plus d\u2019une vingtaine et ont pratiquement tous tenu \u00e0 courir la plus longue distance. Parmi eux, l\u2019Elan vauverdois d\u2019athl\u00e9tisme de la pr\u00e9sidente Monique Dany, le Run 2 R du responsable Christoffer Race et Courir \u00e0 Vauvert de la pr\u00e9sidente Patricia Boileau, qui a termin\u00e9 premi\u00e8re de sa cat\u00e9gorie en Master 7.<\/p>\n<p>Mohamed Kani, autre Vauverdois, champion d\u2019Europe de boxe, faisait aussi partie des concurrents. Tous les autres engag\u00e9s, dont les 11 bip bip, ont beaucoup \u00ab\u00a0appr\u00e9ci\u00e9 le parcours nocturne\u00a0\u00bb, qui leur a fait parcourir des endroits symboliques de la capitale h\u00e9raultaise comme le Corum, les Arceaux, l\u2019arc de triomphe, la promenade du P\u00eayrou, la fac de m\u00e9decine, les jolies petites ruelles du centre-ville et pour terminer, les marches du polygone.<\/p>\n<p>Tous les participants ont termin\u00e9 la course. Le lendemain, cinq autres membres de Courir \u00e0 Vauvert ont repr\u00e9sent\u00e9 leur club au trail du Calvaire d\u2019Aramon tandis que d\u2019autres, sous la direction d\u2019Alex, ont fait un entra\u00eenement m\u00e9langeant anciens et nouveaux du club.<\/p>\n<p>Une ann\u00e9e qui commence sur les chapeaux de roues pour l\u2019ensemble des sportifs vauverdois adeptes de la course \u00e0 pied.<\/p>\n<p>Correspondant Midi Libre : 06 20 96 43 47<\/p>\n","protected":false},"excerpt":{"rendered":"6 000 coureurs ont particip\u00e9 ce samedi 10 janvier au soir \u00e0 l\u2019Urban trail de Montpellier, qui proposait&hellip;\n","protected":false},"author":2,"featured_media":662171,"comment_status":"","ping_status":"","sticky":false,"template":"","format":"standard","meta":{"footnotes":""},"categories":[9599],"tags":[1111,11,34885,1777,674,1011,27,2679,2208,12,2680,25,517,76364],"class_list":{"0":"post-662170","1":"post","2":"type-post","3":"status-publish","4":"format-standard","5":"has-post-thumbnail","7":"category-montpellier","8":"tag-actu","9":"tag-actualites","10":"tag-athlu00e9tisme","11":"tag-eu","12":"tag-europe","13":"tag-fr","14":"tag-france","15":"tag-gard","16":"tag-montpellier","17":"tag-news","18":"tag-occitanie","19":"tag-republique-francaise","20":"tag-sport","21":"tag-vauvert"},"share_on_mastodon":{"url":"https:\/\/pubeurope.com\/@fr\/115891627764738873","error":""},"_links":{"self":[{"href":"https:\/\/www.europesays.com\/fr\/wp-json\/wp\/v2\/posts\/662170","targetHints":{"allow":["GET"]}}],"collection":[{"href":"https:\/\/www.europesays.com\/fr\/wp-json\/wp\/v2\/posts"}],"about":[{"href":"https:\/\/www.europesays.com\/fr\/wp-json\/wp\/v2\/types\/post"}],"author":[{"embeddable":true,"href":"https:\/\/www.europesays.com\/fr\/wp-json\/wp\/v2\/users\/2"}],"replies":[{"embeddable":true,"href":"https:\/\/www.europesays.com\/fr\/wp-json\/wp\/v2\/comments?post=662170"}],"version-history":[{"count":0,"href":"https:\/\/www.europesays.com\/fr\/wp-json\/wp\/v2\/posts\/662170\/revisions"}],"wp:featuredmedia":[{"embeddable":true,"href":"https:\/\/www.europesays.com\/fr\/wp-json\/wp\/v2\/media\/662171"}],"wp:attachment":[{"href":"https:\/\/www.europesays.com\/fr\/wp-json\/wp\/v2\/media?parent=662170"}],"wp:term":[{"taxonomy":"category","embeddable":true,"href":"https:\/\/www.europesays.com\/fr\/wp-json\/wp\/v2\/categories?post=662170"},{"taxonomy":"post_tag","embeddable":true,"href":"https:\/\/www.europesays.com\/fr\/wp-json\/wp\/v2\/tags?post=662170"}],"curies":[{"name":"wp","href":"https:\/\/api.w.org\/{rel}","templated":true}]}}