{"id":662180,"date":"2026-01-14T04:57:00","date_gmt":"2026-01-14T04:57:00","guid":{"rendered":"https:\/\/www.europesays.com\/fr\/662180\/"},"modified":"2026-01-14T04:57:00","modified_gmt":"2026-01-14T04:57:00","slug":"le-nouveau-college-lyautey-va-accueillir-ses-premiers-eleves","status":"publish","type":"post","link":"https:\/\/www.europesays.com\/fr\/662180\/","title":{"rendered":"le nouveau coll\u00e8ge Lyautey va accueillir ses premiers \u00e9l\u00e8ves"},"content":{"rendered":"<p> Jug\u00e9 trop enclav\u00e9 et sans mixit\u00e9 sociale, le coll\u00e8ge Solignac du Neuhof sera bient\u00f4t remplac\u00e9 par un tout nouveau b\u00e2timent construit cette fois-ci sur le site de l\u2019ancien l\u2019h\u00f4pital militaire Lyautey. Apr\u00e8s deux ans de travaux, ce nouvel \u00e9tablissement \u00e9coresponsable ouvrira d\u00e8s la rentr\u00e9e 2026 et accueillera \u00e0 terme 600 \u00e9l\u00e8ves en proposant un focus sur les sciences et les langues.<\/p>\n<p>&#13;<br \/>\n              Aliz\u00e9e Chebboub-Courtin &#8211; &#13;<br \/>\n        &#13;<br \/>\n          12 janv. 2026 \u00e0 19:35&#13;<br \/>\n    &#13;<br \/>\n                  | mis \u00e0 jour hier \u00e0 19:04&#13;<br \/>\n              &#8211; Temps de lecture : &#13;<br \/>\n  &#13;\n<\/p>\n<p>                &#13;<br \/>\n    &#13;<br \/>\n    &#13;<br \/>\n    <a href=\"https:\/\/cdn-s-www.dna.fr\/images\/1d3b47c4-3d21-49af-88a5-cb7f99f5a2a0\/NW_raw\/en-parallele-un-parking-de-40-places-une-salle-des-parents-une-salle-des-partenaires-un-auditorium-de-90-places-et-une-salle-polyvalente-seront-egalement-construits-sur-le-site-photo-dr-nunc-architectes-1768239748.jpg\" title=\"En parall\u00e8le, un parking de 40 places, une salle des parents, une salle des partenaires, un auditorium de 90 places et une salle polyvalente seront \u00e9galement construits sur le site.\u00a0 Photo\u00a0Dr Nunc Architectes\" class=\"chocolat-image GA-tracking\" data-ga_type=\"click\" data-ga_category=\"D\u00e9tail\" data-ga_action=\"zoomer\" data-ga_label=\"aggrandir image\" target=\"_blank\" rel=\"noopener\">&#13;<br \/>\n        <img src=\"https:\/\/www.europesays.com\/fr\/wp-content\/uploads\/2026\/01\/en-parallele-un-parking-de-40-places-une-salle-des-parents-une-salle-des-partenaires-un-auditorium-d.jpeg\"   alt=\"En parall\u00e8le, un parking de 40 places, une salle des parents, une salle des partenaires, un auditorium de 90 places et une salle polyvalente seront \u00e9galement construits sur le site.\u00a0 Photo\u00a0Dr Nunc Architectes\" fetchpriority=\"high\" decoding=\"async\" data-mobile=\"NW_detail_M|1768239748\" data-base=\"NW_detail|1768239748\"\/>&#13;<br \/>\n    <\/a>&#13;<br \/>\n    En parall\u00e8le, un parking de 40 places, une salle des parents, une salle des partenaires, un auditorium de 90 places et une salle polyvalente seront \u00e9galement construits sur le site.\u00a0 Photo\u00a0Dr Nunc Architectes<\/p>\n","protected":false},"excerpt":{"rendered":"Jug\u00e9 trop enclav\u00e9 et sans mixit\u00e9 sociale, le coll\u00e8ge Solignac du Neuhof sera bient\u00f4t remplac\u00e9 par un tout&hellip;\n","protected":false},"author":2,"featured_media":662181,"comment_status":"","ping_status":"","sticky":false,"template":"","format":"standard","meta":{"footnotes":""},"categories":[2820],"tags":[1111,11,4749,3599,33,2880,1057,1777,674,107,1011,27,775,12,25,640,2879],"class_list":{"0":"post-662180","1":"post","2":"type-post","3":"status-publish","4":"format-standard","5":"has-post-thumbnail","7":"category-strasbourg","8":"tag-actu","9":"tag-actualites","10":"tag-btp-et-chantiers","11":"tag-college-lycee","12":"tag-economie","13":"tag-edition-strasbourg","14":"tag-education","15":"tag-eu","16":"tag-europe","17":"tag-fil-info","18":"tag-fr","19":"tag-france","20":"tag-grand-est","21":"tag-news","22":"tag-republique-francaise","23":"tag-strasbourg","24":"tag-strasbourg-ville"},"share_on_mastodon":{"url":"https:\/\/pubeurope.com\/@fr\/115891682868378407","error":""},"_links":{"self":[{"href":"https:\/\/www.europesays.com\/fr\/wp-json\/wp\/v2\/posts\/662180","targetHints":{"allow":["GET"]}}],"collection":[{"href":"https:\/\/www.europesays.com\/fr\/wp-json\/wp\/v2\/posts"}],"about":[{"href":"https:\/\/www.europesays.com\/fr\/wp-json\/wp\/v2\/types\/post"}],"author":[{"embeddable":true,"href":"https:\/\/www.europesays.com\/fr\/wp-json\/wp\/v2\/users\/2"}],"replies":[{"embeddable":true,"href":"https:\/\/www.europesays.com\/fr\/wp-json\/wp\/v2\/comments?post=662180"}],"version-history":[{"count":0,"href":"https:\/\/www.europesays.com\/fr\/wp-json\/wp\/v2\/posts\/662180\/revisions"}],"wp:featuredmedia":[{"embeddable":true,"href":"https:\/\/www.europesays.com\/fr\/wp-json\/wp\/v2\/media\/662181"}],"wp:attachment":[{"href":"https:\/\/www.europesays.com\/fr\/wp-json\/wp\/v2\/media?parent=662180"}],"wp:term":[{"taxonomy":"category","embeddable":true,"href":"https:\/\/www.europesays.com\/fr\/wp-json\/wp\/v2\/categories?post=662180"},{"taxonomy":"post_tag","embeddable":true,"href":"https:\/\/www.europesays.com\/fr\/wp-json\/wp\/v2\/tags?post=662180"}],"curies":[{"name":"wp","href":"https:\/\/api.w.org\/{rel}","templated":true}]}}