{"id":66219,"date":"2025-05-01T06:09:45","date_gmt":"2025-05-01T06:09:45","guid":{"rendered":"https:\/\/www.europesays.com\/fr\/66219\/"},"modified":"2025-05-01T06:09:45","modified_gmt":"2025-05-01T06:09:45","slug":"grenoble-lilian-dejean-employe-municipal-tue-par-balle-fait-chevalier-de-la-legion-dhonneur","status":"publish","type":"post","link":"https:\/\/www.europesays.com\/fr\/66219\/","title":{"rendered":"Grenoble. Lilian Dejean, employ\u00e9 municipal tu\u00e9 par balle, fait chevalier de la L\u00e9gion d&rsquo;honneur"},"content":{"rendered":"<p>            Par<br \/>\n        <strong><br \/>\n            <a href=\"https:\/\/actu.fr\/auteur\/lisa-rodrigues\" title=\"Consulter tous les articles de Lisa Rodrigues\" rel=\"nofollow noopener\" target=\"_blank\">Lisa Rodrigues<\/a><br \/>\n        <\/strong><\/p>\n<p>        Publi\u00e9 le<\/p>\n<p>            30 avr. 2025 \u00e0 11h23        <\/p>\n<p>Sa mort avait profond\u00e9ment choqu\u00e9 l\u2019opinion publique en septembre dernier. <a href=\"https:\/\/actu.fr\/auvergne-rhone-alpes\/grenoble_38185\/grenoble-qui-est-lilian-dejean-l-agent-municipal-tue-par-balles-dimanche_61581645.html\" rel=\"nofollow noopener\" target=\"_blank\">Lilian Dejean<\/a>, employ\u00e9 municipal \u00e0 <a href=\"https:\/\/actu.fr\/auvergne-rhone-alpes\/grenoble_38185\" rel=\"nofollow noopener\" target=\"_blank\">Grenoble<\/a>, avait \u00e9t\u00e9 <strong>tu\u00e9 par balles<\/strong> dimanche 8 septembre 2024, alors qu\u2019il se rendait au travail.\u00a0<\/p>\n<p class=\" wall-content\">\u00c2g\u00e9 de 49 ans, le p\u00e8re de famille tentait d\u2019emp\u00eacher la fuite de l\u2019auteur d\u2019un accident de la route \u00e0 proximit\u00e9 de l\u2019H\u00f4tel de ville.<\/p>\n<p class=\" wall-content\">Plus de six mois apr\u00e8s sa mort, il a \u00e9t\u00e9 fait <strong>chevalier de la L\u00e9gion d\u2019honneur<\/strong> \u00e0 titre posthume, selon un d\u00e9cret publi\u00e9 mercredi 30 avril au Journal officiel.<\/p>\n<p>\u00ab\u00a0D\u00e9c\u00e9d\u00e9 dans l\u2019exercice de ses fonctions\u00a0\u00bb<\/p>\n<p class=\" wall-content\">Cette nomination survient apr\u00e8s une proposition du gouvernement de d\u00e9corer l\u2019employ\u00e9 municipal, pr\u00e9cise le d\u00e9cret.<\/p>\n<blockquote class=\"ac-article-quote wall-content\">\n<p>Par d\u00e9cret du Pr\u00e9sident de la R\u00e9publique en date du 29 avril 2025, pris sur le rapport du Premier ministre et du ministre de l&rsquo;am\u00e9nagement du territoire et de la d\u00e9centralisation, et vis\u00e9 pour son ex\u00e9cution par le grand chancelier de la L\u00e9gion d&rsquo;honneur, vu la d\u00e9claration du conseil de l&rsquo;ordre en date du 16 avril 2025 portant que la pr\u00e9sente nomination est faite en conformit\u00e9 des lois, d\u00e9crets et r\u00e8glements en vigueur [&#8230;] est nomm\u00e9 au grade de chevalier avec effet du 27 mars 2025, Dejean (Lilian).<\/p>\n<p>    <strong>Extrait du Journal officiel du 30 avril 2025<\/strong>\n            <\/p><\/blockquote>\n<p>Vid\u00e9os : en ce moment sur Actu<\/p>\n<p class=\" wall-content\">Il est \u00e9galement soulign\u00e9 les \u00ab\u00a030 ans de services\u00a0\u00bb de Lilian Dejean, \u00ab\u00a0d\u00e9c\u00e9d\u00e9 dans l\u2019exercice de ses fonctions\u00a0\u00bb.\u00a0<\/p>\n<p>Le principal suspect \u00e9crou\u00e9<\/p>\n<p class=\" wall-content\">Pour rappel, le principal suspect, Abdoul Diallo, \u00e2g\u00e9 de 25 ans et domicili\u00e9 \u00e0 Saint-Martin-d\u2019H\u00e8res dans la banlieue de Grenoble, a \u00e9t\u00e9 <a href=\"https:\/\/actu.fr\/auvergne-rhone-alpes\/grenoble_38185\/le-suspect-du-meurtre-de-lilian-dejean-arrete-c-est-la-fin-d-un-cauchemar_61900895.html\" rel=\"nofollow noopener\" target=\"_blank\">arr\u00eat\u00e9 en novembre<\/a> au nord du Portugal, o\u00f9 il se cachait depuis la mort de Lilian Dejean. Une information judiciaire a \u00e9t\u00e9 ouverte notamment pour \u00ab\u2009meurtre sur une personne charg\u00e9e d\u2019une mission de service public\u2009\u00bb.<\/p>\n<p class=\" wall-content\">De nombreux hommages lui avaient \u00e9t\u00e9 rendus d\u00e8s le lendemain du meurtre, puis durant une marche blanche. Lilian Dejean avait ensuite \u00e9t\u00e9 inhum\u00e9 en Guadeloupe.<\/p>\n<p class=\" wall-content\">Suivez toute l\u2019actualit\u00e9 de vos villes et m\u00e9dias favoris en vous inscrivant \u00e0 <a href=\"https:\/\/moncompte.actu.fr\" title=\"D\u00e9couvez Mon Actu\" rel=\"nofollow noopener\" data-trk=\"{&quot;cta&quot;:{&quot;action&quot;:&quot;https:\\\/\\\/moncompte.actu.fr&quot;,&quot;category&quot;:&quot;mon compte&quot;,&quot;from&quot;:&quot;article footer&quot;,&quot;name&quot;:&quot;Mon actu&quot;,&quot;type&quot;:&quot;cta&quot;}}\" target=\"_blank\">Mon Actu<\/a>.<\/p>\n","protected":false},"excerpt":{"rendered":"Par Lisa Rodrigues Publi\u00e9 le 30 avr. 2025 \u00e0 11h23 Sa mort avait profond\u00e9ment choqu\u00e9 l\u2019opinion publique en&hellip;\n","protected":false},"author":2,"featured_media":66220,"comment_status":"","ping_status":"","sticky":false,"template":"","format":"standard","meta":{"footnotes":""},"categories":[9566],"tags":[1111,11,2430,1777,674,1011,27,2731,303,777,12,25,104],"class_list":{"0":"post-66219","1":"post","2":"type-post","3":"status-publish","4":"format-standard","5":"has-post-thumbnail","7":"category-grenoble","8":"tag-actu","9":"tag-actualites","10":"tag-auvergne-rhone-alpes","11":"tag-eu","12":"tag-europe","13":"tag-fr","14":"tag-france","15":"tag-grenoble","16":"tag-justice","17":"tag-meurtre","18":"tag-news","19":"tag-republique-francaise","20":"tag-societe"},"share_on_mastodon":{"url":"https:\/\/pubeurope.com\/@fr\/114431090142817017","error":""},"_links":{"self":[{"href":"https:\/\/www.europesays.com\/fr\/wp-json\/wp\/v2\/posts\/66219","targetHints":{"allow":["GET"]}}],"collection":[{"href":"https:\/\/www.europesays.com\/fr\/wp-json\/wp\/v2\/posts"}],"about":[{"href":"https:\/\/www.europesays.com\/fr\/wp-json\/wp\/v2\/types\/post"}],"author":[{"embeddable":true,"href":"https:\/\/www.europesays.com\/fr\/wp-json\/wp\/v2\/users\/2"}],"replies":[{"embeddable":true,"href":"https:\/\/www.europesays.com\/fr\/wp-json\/wp\/v2\/comments?post=66219"}],"version-history":[{"count":0,"href":"https:\/\/www.europesays.com\/fr\/wp-json\/wp\/v2\/posts\/66219\/revisions"}],"wp:featuredmedia":[{"embeddable":true,"href":"https:\/\/www.europesays.com\/fr\/wp-json\/wp\/v2\/media\/66220"}],"wp:attachment":[{"href":"https:\/\/www.europesays.com\/fr\/wp-json\/wp\/v2\/media?parent=66219"}],"wp:term":[{"taxonomy":"category","embeddable":true,"href":"https:\/\/www.europesays.com\/fr\/wp-json\/wp\/v2\/categories?post=66219"},{"taxonomy":"post_tag","embeddable":true,"href":"https:\/\/www.europesays.com\/fr\/wp-json\/wp\/v2\/tags?post=66219"}],"curies":[{"name":"wp","href":"https:\/\/api.w.org\/{rel}","templated":true}]}}