{"id":662202,"date":"2026-01-14T05:11:14","date_gmt":"2026-01-14T05:11:14","guid":{"rendered":"https:\/\/www.europesays.com\/fr\/662202\/"},"modified":"2026-01-14T05:11:14","modified_gmt":"2026-01-14T05:11:14","slug":"lyon-cette-ligne-des-tcl-tres-frequentee-interrompue-deux-jours-apres-un-incident","status":"publish","type":"post","link":"https:\/\/www.europesays.com\/fr\/662202\/","title":{"rendered":"Lyon. Cette ligne des TCL tr\u00e8s fr\u00e9quent\u00e9e interrompue deux jours apr\u00e8s un incident"},"content":{"rendered":"<p>                    Par<br \/>\n        <strong><br \/>\n            <a href=\"https:\/\/actu.fr\/auteur\/theo-zuili\" title=\"Consulter tous les articles de Th\u00e9o Zuili\" target=\"_blank\" rel=\"noopener\">Th\u00e9o Zuili<\/a><br \/>\n                    <\/strong><\/p>\n<p>        Publi\u00e9 le<\/p>\n<p>            13 janv. 2026 \u00e0 17h01        <\/p>\n<p>Un \u00ab\u00a0incident d\u2019aiguillage\u00a0\u00bb interrompt partiellement la circulation du tramway T3 \u00e0 <a href=\"https:\/\/actu.fr\/auvergne-rhone-alpes\/lyon_69123\" target=\"_blank\" rel=\"noopener\">Lyon<\/a> <a href=\"https:\/\/actu.fr\/auvergne-rhone-alpes\/lyon_69123\/tcl-a-lyon-cette-ligne-de-tramway-tres-empruntee-interrompue-panne-en-cours_63689606.html\" target=\"_blank\" rel=\"noopener\">depuis ce mardi matin<\/a>. Les nombreux usagers de cette ligne tr\u00e8s fr\u00e9quent\u00e9e devront finalement attendre la nuit du mercredi 14 au <strong>jeudi 15 janvier<\/strong> pour retrouver une circulation normale, annoncent les <a href=\"https:\/\/actu.fr\/tag\/transports-en-commun-lyonnais-tcl\" target=\"_blank\" rel=\"noopener\">TCL<\/a>.<\/p>\n<p>Aucune reprise ce mardi<\/p>\n<p class=\" wall-content\">Interrompue depuis 8h07, ce mardi 13 janvier, la ligne T3<strong> circule uniquement de Meyzieu ZI \u00e0 Vaulx-en-Velin La Soie<\/strong>. Les stations de Gare <a href=\"https:\/\/actu.fr\/tag\/lyon-part-dieu\" target=\"_blank\" rel=\"noopener\">Part-Dieu<\/a> Villette et Meyzieu Les Panettes ne sont plus desservies \u00ab\u00a0en raison d\u2019un incident d\u2019aiguillage n\u00e9cessitant la mise en place d\u2019un service partiel\u00a0\u00bb.<\/p>\n<p class=\" wall-content\">Le <strong>Rh\u00f4nexpress<\/strong>, \u00e9galement exploit\u00e9 par RATP Dev, est aussi partiellement interrompu. La ligne circule uniquement de A\u00e9roport St-Exup\u00e9ry \u00e0 Vaulx-en-Velin La Soie. La station de Gare Part-Dieu Villette n\u2019est plus desservie.<\/p>\n<p class=\" wall-content\">D\u2019abord estim\u00e9e \u00e0 10h30 puis 13h, aucune reprise n\u2019est finalement attendue ce mardi 13 janvier. \u00ab\u00a0Afin de garantir la continuit\u00e9 des d\u00e9placements, <strong>une flotte de bus relais<\/strong> a \u00e9t\u00e9 d\u00e9ploy\u00e9e entre Vaulx-en-Velin La Soie et Gare Part-Dieu Villette, permettant ainsi de pallier l\u2019interruption temporaire des lignes.\u00a0\u00bb<\/p>\n<p>Un retour du service attendu jeudi<\/p>\n<p class=\" wall-content\">\u00ab\u00a0La reprise de la circulation est estim\u00e9e au mercredi 14 janvier\u00a0\u00bb, indiquent les TCL. Et plus pr\u00e9cis\u00e9ment, la date de reprise annonc\u00e9e est <strong>le jeudi 15 \u00e0 1h30 du matin<\/strong>.<\/p>\n<p class=\" wall-content\">Des dispositifs d\u2019information et d\u2019accompagnement ont \u00e9t\u00e9 mis en place pour aider les voyageurs \u00e0 s\u2019orienter et \u00e0 faciliter leurs d\u00e9placements tout au long du parcours et \u00ab\u00a0les \u00e9quipes TCL, en lien avec les experts techniques, <strong>pr\u00e9sentent leurs excuses<\/strong> pour les d\u00e9sagr\u00e9ments occasionn\u00e9s\u00a0\u00bb.<\/p>\n<p class=\" wall-content\">Les \u00e9quipes \u00ab\u00a0restent pleinement mobilis\u00e9es pour r\u00e9tablir un fonctionnement normal\u00a0\u00bb dans les meilleurs d\u00e9lais.<\/p>\n<p class=\" wall-content\">Personnalisez votre actualit\u00e9 en ajoutant vos villes et m\u00e9dias en favori avec <a href=\"https:\/\/moncompte.actu.fr\" title=\"D\u00e9couvez Mon Actu\" rel=\"nofollow noopener\" data-trk=\"{&quot;cta&quot;:{&quot;action&quot;:&quot;https:\\\/\\\/moncompte.actu.fr&quot;,&quot;category&quot;:&quot;mon compte&quot;,&quot;from&quot;:&quot;article footer&quot;,&quot;name&quot;:&quot;Mon actu&quot;,&quot;type&quot;:&quot;cta&quot;}}\" target=\"_blank\">Mon Actu<\/a>.<\/p>\n","protected":false},"excerpt":{"rendered":"Par Th\u00e9o Zuili Publi\u00e9 le 13 janv. 2026 \u00e0 17h01 Un \u00ab\u00a0incident d\u2019aiguillage\u00a0\u00bb interrompt partiellement la circulation du&hellip;\n","protected":false},"author":2,"featured_media":662203,"comment_status":"","ping_status":"","sticky":false,"template":"","format":"standard","meta":{"footnotes":""},"categories":[1889],"tags":[1111,11,2430,1777,674,118,1011,27,2428,12,25,5787],"class_list":{"0":"post-662202","1":"post","2":"type-post","3":"status-publish","4":"format-standard","5":"has-post-thumbnail","7":"category-lyon","8":"tag-actu","9":"tag-actualites","10":"tag-auvergne-rhone-alpes","11":"tag-eu","12":"tag-europe","13":"tag-faits-divers","14":"tag-fr","15":"tag-france","16":"tag-lyon","17":"tag-news","18":"tag-republique-francaise","19":"tag-transports-en-commun-lyonnais-tcl"},"share_on_mastodon":{"url":"https:\/\/pubeurope.com\/@fr\/115891737939144886","error":""},"_links":{"self":[{"href":"https:\/\/www.europesays.com\/fr\/wp-json\/wp\/v2\/posts\/662202","targetHints":{"allow":["GET"]}}],"collection":[{"href":"https:\/\/www.europesays.com\/fr\/wp-json\/wp\/v2\/posts"}],"about":[{"href":"https:\/\/www.europesays.com\/fr\/wp-json\/wp\/v2\/types\/post"}],"author":[{"embeddable":true,"href":"https:\/\/www.europesays.com\/fr\/wp-json\/wp\/v2\/users\/2"}],"replies":[{"embeddable":true,"href":"https:\/\/www.europesays.com\/fr\/wp-json\/wp\/v2\/comments?post=662202"}],"version-history":[{"count":0,"href":"https:\/\/www.europesays.com\/fr\/wp-json\/wp\/v2\/posts\/662202\/revisions"}],"wp:featuredmedia":[{"embeddable":true,"href":"https:\/\/www.europesays.com\/fr\/wp-json\/wp\/v2\/media\/662203"}],"wp:attachment":[{"href":"https:\/\/www.europesays.com\/fr\/wp-json\/wp\/v2\/media?parent=662202"}],"wp:term":[{"taxonomy":"category","embeddable":true,"href":"https:\/\/www.europesays.com\/fr\/wp-json\/wp\/v2\/categories?post=662202"},{"taxonomy":"post_tag","embeddable":true,"href":"https:\/\/www.europesays.com\/fr\/wp-json\/wp\/v2\/tags?post=662202"}],"curies":[{"name":"wp","href":"https:\/\/api.w.org\/{rel}","templated":true}]}}