{"id":662204,"date":"2026-01-14T05:12:18","date_gmt":"2026-01-14T05:12:18","guid":{"rendered":"https:\/\/www.europesays.com\/fr\/662204\/"},"modified":"2026-01-14T05:12:18","modified_gmt":"2026-01-14T05:12:18","slug":"ca-laisse-un-gout-amer","status":"publish","type":"post","link":"https:\/\/www.europesays.com\/fr\/662204\/","title":{"rendered":"\u00ab\u00a0\u00c7a laisse un go\u00fbt amer\u00a0\u00bb"},"content":{"rendered":"<p>Le constat est l\u00e0. Et il laisse un go\u00fbt \u00ab\u00a0tr\u00e8s amer\u00a0\u00bb \u00e0 la maire de Poleymieux-au-Mont-d\u2019Or, Corinne Cardona (DVD). La seule \u00e9picerie du village a d\u00e9finitivement ferm\u00e9 ses portes ce dimanche 11\u00a0janvier.<\/p>\n<p>Un petit commerce dont les locaux appartiennent \u00e0 la commune et qui faisait l\u2019unanimit\u00e9 parmi les habitants. \u00ab\u00a0Ang\u00e9lique et Lionel \u00e9taient extr\u00eamement engag\u00e9s et sympathiques. Les gens les appr\u00e9ciaient \u00e9norm\u00e9ment. Mais voil\u00e0, cela ne suffit pas \u00e0 un commerce pour vivre. Il faut que&#8230;<\/p>\n","protected":false},"excerpt":{"rendered":"Le constat est l\u00e0. Et il laisse un go\u00fbt \u00ab\u00a0tr\u00e8s amer\u00a0\u00bb \u00e0 la maire de Poleymieux-au-Mont-d\u2019Or, Corinne Cardona&hellip;\n","protected":false},"author":2,"featured_media":662205,"comment_status":"","ping_status":"","sticky":false,"template":"","format":"standard","meta":{"footnotes":""},"categories":[1889],"tags":[1111,11,2430,4406,33,3153,1777,674,1011,27,2428,7218,12,72486,25,2429,3151],"class_list":{"0":"post-662204","1":"post","2":"type-post","3":"status-publish","4":"format-standard","5":"has-post-thumbnail","7":"category-lyon","8":"tag-actu","9":"tag-actualites","10":"tag-auvergne-rhone-alpes","11":"tag-commerce-et-services","12":"tag-economie","13":"tag-edition-ouest-lyonnais","14":"tag-eu","15":"tag-europe","16":"tag-fr","17":"tag-france","18":"tag-lyon","19":"tag-neuville-sur-saone-bassin","20":"tag-news","21":"tag-poleymieux-au-mont-dor","22":"tag-republique-francaise","23":"tag-rhone","24":"tag-selection-de-la-redaction-69"},"share_on_mastodon":{"url":"https:\/\/pubeurope.com\/@fr\/115891741854623272","error":""},"_links":{"self":[{"href":"https:\/\/www.europesays.com\/fr\/wp-json\/wp\/v2\/posts\/662204","targetHints":{"allow":["GET"]}}],"collection":[{"href":"https:\/\/www.europesays.com\/fr\/wp-json\/wp\/v2\/posts"}],"about":[{"href":"https:\/\/www.europesays.com\/fr\/wp-json\/wp\/v2\/types\/post"}],"author":[{"embeddable":true,"href":"https:\/\/www.europesays.com\/fr\/wp-json\/wp\/v2\/users\/2"}],"replies":[{"embeddable":true,"href":"https:\/\/www.europesays.com\/fr\/wp-json\/wp\/v2\/comments?post=662204"}],"version-history":[{"count":0,"href":"https:\/\/www.europesays.com\/fr\/wp-json\/wp\/v2\/posts\/662204\/revisions"}],"wp:featuredmedia":[{"embeddable":true,"href":"https:\/\/www.europesays.com\/fr\/wp-json\/wp\/v2\/media\/662205"}],"wp:attachment":[{"href":"https:\/\/www.europesays.com\/fr\/wp-json\/wp\/v2\/media?parent=662204"}],"wp:term":[{"taxonomy":"category","embeddable":true,"href":"https:\/\/www.europesays.com\/fr\/wp-json\/wp\/v2\/categories?post=662204"},{"taxonomy":"post_tag","embeddable":true,"href":"https:\/\/www.europesays.com\/fr\/wp-json\/wp\/v2\/tags?post=662204"}],"curies":[{"name":"wp","href":"https:\/\/api.w.org\/{rel}","templated":true}]}}