{"id":662214,"date":"2026-01-14T05:19:15","date_gmt":"2026-01-14T05:19:15","guid":{"rendered":"https:\/\/www.europesays.com\/fr\/662214\/"},"modified":"2026-01-14T05:19:15","modified_gmt":"2026-01-14T05:19:15","slug":"les-tracteurs-de-la-fnsea-quittent-paris","status":"publish","type":"post","link":"https:\/\/www.europesays.com\/fr\/662214\/","title":{"rendered":"les tracteurs de la FNSEA quittent Paris"},"content":{"rendered":"<p>\n        06:10\n            <\/p>\n<p class=\"fig-live-post__title\" role=\"heading\" aria-level=\"3\">Ce direct est d\u00e9sormais termin\u00e9<\/p>\n<p class=\"fig-paragraph\">Merci \u00e0 tous d\u2019avoir suivi ce direct. Retrouvez toutes les derni\u00e8res informations en temps r\u00e9el sur\u00a0<a href=\"https:\/\/www.lefigaro.fr\/\" target=\"_blank\" data-fig-type=\"Section\" rel=\"nofollow noopener\" data-gtm-custom-categorie=\"navigation\" data-gtm-custom-action=\"crossclick\" data-gtm-custom-label=\"Contextuel\" data-gtm-event=\"customEventSPE\" data-fig-domain=\"LEFIGARO\">lefigaro.fr<\/a>.<\/p>\n<p>\n        05:38\n            <\/p>\n<p class=\"fig-live-post__title\" role=\"heading\" aria-level=\"3\">Les tracteurs de la FNSEA quittent la capitale<\/p>\n<p class=\"fig-paragraph\">Les tracteurs de la FNSEA et des Jeunes agriculteurs (JA), entr\u00e9s dans Paris mardi matin avant de prendre position autour de l\u2019Assembl\u00e9e nationale, ont commenc\u00e9 \u00e0 quitter la capitale mercredi avant le lever du jour, a constat\u00e9 une journaliste de l\u2019AFP sur place.<\/p>\n<p class=\"fig-paragraph\">Les agriculteurs avaient choisi mardi soir de rester \u00abpour la nuit\u00bb devant le palais Bourbon malgr\u00e9 la \u00abloi d\u2019urgence agricole\u00bb promise par le premier ministre dans la journ\u00e9e pour tenter de calmer leur col\u00e8re des agriculteurs.<\/p>\n<p class=\"fig-body-link\">\n            \u00c0 lire aussi<br \/>\n        <a class=\"fig-body-link__link fig-premium-mark\" href=\"http:\/\/www.lefigaro.fr\/actualite-france\/mercosur-revenus-normes-sebastien-lecornu-repond-a-la-colere-agricole-20260113\" target=\"_blank\" data-fig-type=\"Article\" rel=\"noopener\" data-gtm-custom-categorie=\"navigation\" data-gtm-custom-action=\"crossclick\" data-gtm-custom-label=\"Contextuel\" data-gtm-event=\"customEventSPE\" data-fig-domain=\"LEFIGARO\"><\/p>\n<p>        Mercosur, revenus, normes&#8230; S\u00e9bastien Lecornu r\u00e9pond \u00e0 la col\u00e8re agricole<br \/>\n    <\/a>\n<\/p>\n<p>\n        01:55\n            <\/p>\n<p class=\"fig-live-post__title\" role=\"heading\" aria-level=\"3\">Des tracteurs en centre-ville \u00e0 Toulouse, pr\u00e8s de la pr\u00e9fecture, malgr\u00e9 l\u2019interdiction<\/p>\n<p class=\"fig-paragraph\">Une quarantaine d\u2019agriculteurs de la\u00a0<a href=\"http:\/\/www.lefigaro.fr\/actualite-france\/colere-des-agriculteurs-qu-est-ce-que-la-coordination-rurale-ce-syndicat-adepte-des-actions-coup-de-poing-qui-veut-renverser-la-table-20260108\" target=\"_blank\" data-fig-type=\"Article\" rel=\"noopener\" data-gtm-custom-categorie=\"navigation\" data-gtm-custom-action=\"crossclick\" data-gtm-custom-label=\"Contextuel\" data-gtm-event=\"customEventSPE\" data-fig-domain=\"LEFIGARO\">Coordination rurale (CR)<\/a>\u00a0du Gers, venus avec une quinzaine de tracteurs, sont rentr\u00e9s dans la nuit de mardi \u00e0 mercredi dans le centre-ville de Toulouse et stationnaient pr\u00e8s de la pr\u00e9fecture.<\/p>\n<p class=\"fig-paragraph\">Le pr\u00e9fet de Haute-Garonne et de la r\u00e9gion Occitanie avait pris mardi un arr\u00eat\u00e9 interdisant \u00abla manifestation revendicative du mercredi 14 janvier 2026 \u00e0 Toulouse et sa p\u00e9riph\u00e9rie\u00bb, pr\u00e9vue par plusieurs organisations syndicales d\u2019agriculteurs, tout comme la circulation de tracteurs et d\u2019engins agricoles sur les axes structurants de la r\u00e9gion. Mais dans la soir\u00e9e de mardi, les agriculteurs gersois mobilis\u00e9s sont rentr\u00e9s dans Toulouse et se sont approch\u00e9s du centre-ville, o\u00f9 ils se trouvaient vers minuit, \u00e0 environ une centaine de m\u00e8tres de la pr\u00e9fecture, devant un barrage de forces de l\u2019ordre, positionn\u00e9es sur place avec deux v\u00e9hicules \u00abCentaure\u00bb d\u2019intervention de la gendarmerie.<\/p>\n<p class=\"fig-paragraph\">\u00abMalgr\u00e9 tous les efforts pour nous museler, pour nous interdire de manifester, pour nous intimider et nous faire rester chez nous, nos tracteurs sont enfin rentr\u00e9s dans Toulouse\u00bb, s\u2019\u00e9tait f\u00e9licit\u00e9 vers 23h00 Lionel Candelon, pr\u00e9sident de la CR du Gers et de la chambre d\u2019agriculture locale, dans un SMS \u00e0 l\u2019AFP. \u00abQuand nous, on d\u00e9cide de s\u2019approcher pacifiquement, on a un accueil qui est bien diff\u00e9rent d\u2019autres personnes\u00bb, a regrett\u00e9 sur place Vincent Arbusti, porte-parole de la CR du Gers, affirmant que \u00ables premiers arriv\u00e9s, le plus proche de la pr\u00e9fecture, se sont vus casser une vitre par les forces de l\u2019ordre\u00bb.<\/p>\n<p class=\"fig-paragraph\">Quatre personnes ont \u00e9galement \u00e9t\u00e9 interpell\u00e9es, selon Vincent Arbusti. \u00abVoil\u00e0 la r\u00e9ponse de l\u2019\u00c9tat quand on sait que l\u2019on nous a nous apport\u00e9 aucune r\u00e9ponse, hormis la signature du Mercosur.\u00bb D\u2019autres actions d\u2019agriculteurs devaient avoir lieu dans la matin\u00e9e en r\u00e9gion toulousaine, selon plusieurs responsables syndicaux contact\u00e9s par l\u2019AFP.<\/p>\n<p class=\"fig-body-link\">\n            \u00c0 lire aussi<br \/>\n        <a class=\"fig-body-link__link\" href=\"http:\/\/www.lefigaro.fr\/flash-eco\/echauffourees-entre-manifestants-et-gendarmes-la-marseillaise-entonnee-l-emblematique-barrage-de-l-a64-demantele-apres-un-mois-20260113\" target=\"_blank\" data-fig-type=\"NewsFlash\" rel=\"noopener\" data-gtm-custom-categorie=\"navigation\" data-gtm-custom-action=\"crossclick\" data-gtm-custom-label=\"Contextuel\" data-gtm-event=\"customEventSPE\" data-fig-domain=\"LEFIGARO\"><\/p>\n<p>        \u00c9chauffour\u00e9es entre manifestants et gendarmes, la Marseillaise entonn\u00e9e&#8230; L\u2019embl\u00e9matique barrage de l\u2019A64 d\u00e9mantel\u00e9 apr\u00e8s un mois<br \/>\n    <\/a>\n<\/p>\n<p>                        Hier<\/p>\n<p>\n        23:19\n            <\/p>\n<p class=\"fig-live-post__title\" role=\"heading\" aria-level=\"3\">\u00abPartir maintenant, ce serait d\u00e9poser les armes\u00bb : des agriculteurs restant cette nuit devant l\u2019Assembl\u00e9e nationale t\u00e9moignent<\/p>\n<p class=\"fig-paragraph\">Les agriculteurs de la FNSEA ont annonc\u00e9 rester \u00abpour la nuit\u00bb devant l\u2019Assembl\u00e9e nationale? Qu\u2019est-ce que cela change d\u2019y rester la nuit? \u00abPeut-\u00eatre rien. S\u00fbrement rien, mais on esp\u00e8re quelques trucs quand m\u00eame\u00bb, dit \u00e0 l\u2019AFP Paul Dherouville, c\u00e9r\u00e9alier vers Saint-Lys (Occitanie).<\/p>\n<p class=\"fig-paragraph\">\u00abC\u2019est une fa\u00e7on d\u2019affirmer notre position, nos revendications. Partir maintenant, ce serait d\u00e9poser les armes\u00bb, confie-t-il \u00e0 l\u2019AFP sans savoir s\u2019il monte dans son tracteur pour dormir ou reste dehors avec les autres profitant d\u2019une nuit parisienne \u00e9tonnamment cl\u00e9mente.<\/p>\n<p class=\"fig-paragraph\">\u00abFranchement, je ne pense pas qu\u2019il y aura plus de r\u00e9sultats. On est dans l\u2019attente. On est d\u00e9\u00e7us. Fatigu\u00e9s aussi\u00bb, abonde Audrey Roubault, c\u00e9r\u00e9ali\u00e8re de Fontainebleau.<\/p>\n<p class=\"fig-paragraph\">Portant un foulard \u00abagriculteurs en col\u00e8re\u00bb, le chanteur Francis Lalanne est venu de Bruxelles se joindre au mouvement \u00abpar solidarit\u00e9\u00bb et pour rendre hommage \u00e0 ses \u00abgrands-parents agriculteurs\u00bb.<\/p>\n<p class=\"fig-body-link\">\n            \u00c0 lire aussi<br \/>\n        <a class=\"fig-body-link__link fig-premium-mark\" href=\"http:\/\/www.lefigaro.fr\/conjoncture\/mercosur-pendant-que-les-agriculteurs-europeens-manifestent-que-pensent-les-paysans-sud-americains-de-l-accord-20260113\" target=\"_blank\" data-fig-type=\"Article\" rel=\"noopener\" data-gtm-custom-categorie=\"navigation\" data-gtm-custom-action=\"crossclick\" data-gtm-custom-label=\"Contextuel\" data-gtm-event=\"customEventSPE\" data-fig-domain=\"LEFIGARO\"><\/p>\n<p>        Mercosur\u00a0: pendant que les agriculteurs europ\u00e9ens manifestent, que pensent les paysans sud-am\u00e9ricains de l\u2019accord\u00a0?<br \/>\n    <\/a>\n<\/p>\n<p>\n        22:04\n            <\/p>\n<p class=\"fig-live-post__title\" role=\"heading\" aria-level=\"3\">Mercosur : pendant que les agriculteurs europ\u00e9ens manifestent, que pensent les paysans sud-am\u00e9ricains de l\u2019accord ?<\/p>\n<p class=\"fig-paragraph\">Le trait\u00e9 de libre-\u00e9change entre l\u2019Union europ\u00e9enne et les pays du Mercosur, dont la signature est attendue samedi, fait l\u2019objet d\u2019une opposition r\u00e9solue de la plupart des agriculteurs du Vieux Continent. C\u2019est loin d\u2019\u00eatre le cas de l\u2019autre c\u00f4t\u00e9 de l\u2019Atlantique.<\/p>\n<p class=\"fig-body-cta-link\" data-module=\"fig-cta-link\" data-context=\"was @visible\">\n    <a class=\"fig-body-cta-link__link\" href=\"https:\/\/www.lefigaro.fr\/actualite-france\/mercosur-revenus-normes-sebastien-lecornu-repond-a-la-colere-agricole-20260113\" data-js-gtm=\"{&quot;event&quot;:&quot;customEventGA4&quot;,&quot;eventName&quot;:&quot;click_navigation&quot;,&quot;button_action&quot;:&quot;crossclick&quot;,&quot;feature&quot;:&quot;Contextuel_bouton&quot;,&quot;feature_details&quot;:&quot;LIRE NOTRE ARTICLE&quot;,&quot;link_url&quot;:&quot;https:\\\/\\\/www.lefigaro.fr\\\/actualite-france\\\/mercosur-revenus-normes-sebastien-lecornu-repond-a-la-colere-agricole-20260113&quot;}\" target=\"_blank\" rel=\"noopener\"><br \/>\n                LIRE NOTRE ARTICLE<br \/>\n    <\/a>\n<\/p>\n<p>\n        20:00\n            <\/p>\n<p class=\"fig-live-post__title\" role=\"heading\" aria-level=\"3\">Tracteurs aux abords de l\u2019Assembl\u00e9e nationale : la FNSEA annonce \u00abrester pour la nuit\u00bb<\/p>\n<p class=\"fig-paragraph\">Les agriculteurs de la FNSEA ont annonc\u00e9 rester \u00abpour la nuit\u00bb devant l\u2019Assembl\u00e9e nationale apr\u00e8s y avoir pass\u00e9 la journ\u00e9e de mardi pour r\u00e9clamer davantage de soutien au secteur et malgr\u00e9 les nouvelles annonces du gouvernement.<\/p>\n<p class=\"fig-paragraph\">\u00abOn a d\u00e9cid\u00e9, apr\u00e8s consultation des d\u00e9l\u00e9gations, de rester ici pour la nuit\u00bb, a d\u00e9clar\u00e9 Damien Greffin, l\u2019un des vice-pr\u00e9sidents de la FNSEA, afin de \u00abmener un dernier combat\u00bb.<\/p>\n<p class=\"fig-paragraph\">Plus t\u00f4t dans la journ\u00e9e,\u00a0<a href=\"http:\/\/www.lefigaro.fr\/actualite-france\/mercosur-revenus-normes-sebastien-lecornu-repond-a-la-colere-agricole-20260113\" target=\"_blank\" data-fig-type=\"Article\" rel=\"noopener\" data-gtm-custom-categorie=\"navigation\" data-gtm-custom-action=\"crossclick\" data-gtm-custom-label=\"Contextuel\" data-gtm-event=\"customEventSPE\" data-fig-domain=\"LEFIGARO\">S\u00e9bastien Lecornu<\/a>\u00a0a pourtant annonc\u00e9 \u00abune loi d\u2019urgence agricole\u00bb portant sur \u00abplusieurs priorit\u00e9s: eau, pr\u00e9dation, moyens de production\u00bb. \u00abCe texte sera inscrit \u00e0 l\u2019ordre du jour du Conseil des ministres au mois de mars et sera ensuite examin\u00e9 par le Parlement avant l\u2019\u00e9t\u00e9\u00bb, a promis le premier ministre.<\/p>\n<p class=\"fig-paragraph\">Des annonces dans un premier temps en partie salu\u00e9es par Damien Greffin, avant que beaucoup, parmi la base des d\u00e9l\u00e9gations agricoles, n\u2019expriment leur volont\u00e9 de rester pour poursuivre les n\u00e9gociations et maintenir le rapport de force. Devant ses troupes, le vice-pr\u00e9sident de la FNSEA a affirm\u00e9 mardi soir vouloir \u00abremonter au cr\u00e9neau\u00bb sur le \u00absujet de tr\u00e9sorerie, actuellement en discussion\u00bb.<\/p>\n<p class=\"fig-body-link\">\n            \u00c0 lire aussi<br \/>\n        <a class=\"fig-body-link__link fig-premium-mark\" href=\"http:\/\/www.lefigaro.fr\/actualite-france\/mobilisations-des-agriculteurs-une-centaine-de-tracteurs-attendus-a-paris-ce-mardi-20260112\" target=\"_blank\" data-fig-type=\"Article\" rel=\"noopener\" data-gtm-custom-categorie=\"navigation\" data-gtm-custom-action=\"crossclick\" data-gtm-custom-label=\"Contextuel\" data-gtm-event=\"customEventSPE\" data-fig-domain=\"LEFIGARO\"><\/p>\n<p>        Mobilisations des agriculteurs\u00a0: plusieurs centaines de tracteurs attendus \u00e0 Paris ce mardi<br \/>\n    <\/a>\n<\/p>\n<p>\n        17:18\n            <\/p>\n<p class=\"fig-live-post__title\" role=\"heading\" aria-level=\"3\">Lecornu promet un projet de \u00abloi d\u2019urgence\u00bb notamment sur l\u2019eau qui sera pr\u00e9sent\u00e9 en mars<\/p>\n<p class=\"fig-paragraph\"><a href=\"http:\/\/www.lefigaro.fr\/politique\/face-a-sebastien-lecornu-une-droite-partagee-entre-indulgence-et-mefiance-20260113\" data-fig-type=\"Article\" data-gtm-custom-categorie=\"navigation\" data-gtm-custom-action=\"crossclick\" data-gtm-custom-label=\"Contextuel\" data-gtm-event=\"customEventSPE\" data-fig-domain=\"LEFIGARO\" target=\"_blank\" rel=\"noopener\">S\u00e9bastien Lecornu<\/a>\u00a0a promis mardi aux agriculteurs qu\u2019il pr\u00e9senterait en mars un projet de \u00abloi d\u2019urgence\u00bb sur la politique de l\u2019eau, la \u00abpr\u00e9dation\u00bb du loup et les \u00abmoyens de production\u00bb, qui sera examin\u00e9 par le Parlement \u00abavant l\u2019\u00e9t\u00e9\u00bb.<\/p>\n<p class=\"fig-paragraph\">En attendant le texte de loi qui sera pr\u00e9sent\u00e9 \u00aben mars\u00bb en Conseil de ministres et dont le \u00abcap\u00bb sur l\u2019eau sera \u00abfix\u00e9 d\u2019ici le Salon de l\u2019agriculture\u00bb, le Premier ministre a demand\u00e9 un \u00abmoratoire\u00bb sur toutes les d\u00e9cisions relatives \u00e0 la politique de l\u2019eau. Il se dit aussi \u00abpr\u00eat \u00e0 demander \u00e0 la Commission europ\u00e9enne de faire \u00e9voluer le cadre existant\u00bb pour l\u2019utilisation des nitrates.<\/p>\n<p class=\"fig-body-link\">\n            \u00c0 lire aussi<br \/>\n        <a class=\"fig-body-link__link\" href=\"http:\/\/www.lefigaro.fr\/conjoncture\/les-300-millions-d-euros-de-nouvelles-aides-aux-agriculteurs-ne-rentreront-en-vigueur-qu-en-cas-d-adoption-du-budget-par-le-parlement-martele-sebastien-lecornu-20260110\" data-fig-type=\"NewsFlash\" data-gtm-custom-categorie=\"navigation\" data-gtm-custom-action=\"crossclick\" data-gtm-custom-label=\"Contextuel\" data-gtm-event=\"customEventSPE\" data-fig-domain=\"LEFIGARO\" target=\"_blank\" rel=\"noopener\"><\/p>\n<p>        Les 300 millions d\u2019euros de nouvelles aides aux agriculteurs ne rentreront en vigueur \u00abqu\u2019en cas d\u2019adoption du budget par le Parlement\u00bb, mart\u00e8le S\u00e9bastien Lecornu<br \/>\n    <\/a>\n<\/p>\n<p>\n        16:50\n            <\/p>\n<p class=\"fig-live-post__title\" role=\"heading\" aria-level=\"3\">La FNSEA d\u00e9verse 30 tonnes de patates sur le pont de la Concorde<\/p>\n<p class=\"fig-paragraph\">Un gigantesque tas de pommes de terre. Voil\u00e0 ce que les passants \u00e9tonn\u00e9s peuvent d\u00e9sormais contempler sur le pont de la Concorde, qui relie la place du m\u00eame nom \u00e0 l\u2019Assembl\u00e9e nationale, a constat\u00e9 notre journaliste pr\u00e9sente sur place.<\/p>\n<p>    La FNSEA d\u00e9verse 30 tonnes de patates sur le pont de la Concorde le mardi 13 janvier 2026.<br \/>\n                Marie de Montalembert de Cers \/ Le Figaro<\/p>\n<p class=\"fig-paragraph\">La FNSEA a d\u00e9vers\u00e9 30 tonnes de patates sur le pont, une action symbolique forte, alors que le syndicat a organis\u00e9 une manifestation de tracteurs dans la capitale ce mardi.<\/p>\n<p class=\"fig-body-link\">\n            \u00c0 lire aussi<br \/>\n        <a class=\"fig-body-link__link\" href=\"http:\/\/www.lefigaro.fr\/flash-actu\/colere-des-agriculteurs-la-fnsea-deverse-30-tonnes-de-pommes-de-terre-devant-l-assemblee-nationale-20260113\" data-fig-type=\"NewsFlash\" data-gtm-custom-categorie=\"navigation\" data-gtm-custom-action=\"crossclick\" data-gtm-custom-label=\"Contextuel\" data-gtm-event=\"customEventSPE\" data-fig-domain=\"LEFIGARO\" target=\"_blank\" rel=\"noopener\"><\/p>\n<p>        Col\u00e8re des agriculteurs\u00a0: la FNSEA d\u00e9verse 30 tonnes de pommes de terre devant l\u2019Assembl\u00e9e nationale<br \/>\n    <\/a>\n<\/p>\n<p>\n        15:29\n            <\/p>\n<p class=\"fig-live-post__title\" role=\"heading\" aria-level=\"3\">Mercosur: Annie Genevard propose la cr\u00e9ation d\u2019une \u00abbrigade de contr\u00f4le\u00bb pour v\u00e9rifier la conformit\u00e9 des produits import\u00e9s<\/p>\n<p class=\"fig-paragraph\"><a href=\"http:\/\/www.lefigaro.fr\/politique\/a-bruxelles-annie-genevard-tente-d-arracher-de-quoi-calmer-la-colere-agricole-francaise-20260107\" data-fig-type=\"Article\" data-gtm-custom-categorie=\"navigation\" data-gtm-custom-action=\"crossclick\" data-gtm-custom-label=\"Contextuel\" data-gtm-event=\"customEventSPE\" data-fig-domain=\"LEFIGARO\" target=\"_blank\" rel=\"noopener\">Annie Genevard<\/a>\u00a0s\u2019est exprim\u00e9e lors des questions au gouvernement ce mardi 13 janvier. La ministre de l\u2019agriculture a annonc\u00e9 la cr\u00e9ation d\u2019une \u00abbrigade de contr\u00f4le qui interviendra sur les importations venant des ports du nord de l\u2019Europe et \u00e9galement sur l\u2019ensemble du territoire national\u00bb. Elle sera charg\u00e9e de contr\u00f4ler la conformit\u00e9 des produits import\u00e9s. \u00abCinq substances\u00bb sont d\u00e9j\u00e0 interdites par la France.<\/p>\n<p class=\"fig-body-link\">\n            \u00c0 lire aussi<br \/>\n        <a class=\"fig-body-link__link fig-premium-mark\" href=\"http:\/\/www.lefigaro.fr\/actualite-france\/annie-genevard-bousculee-par-une-puissante-crise-agricole-20251217\" data-fig-type=\"Article\" data-gtm-custom-categorie=\"navigation\" data-gtm-custom-action=\"crossclick\" data-gtm-custom-label=\"Contextuel\" data-gtm-event=\"customEventSPE\" data-fig-domain=\"LEFIGARO\" target=\"_blank\" rel=\"noopener\"><\/p>\n<p>        Annie Genevard bouscul\u00e9e par une puissante crise agricole<br \/>\n    <\/a>\n<\/p>\n<p>\n        15:06\n            <\/p>\n<p class=\"fig-live-post__title\" role=\"heading\" aria-level=\"3\">Des responsables locaux de la FNSEA sont re\u00e7us depuis 14H30 par le cabinet du premier ministre S\u00e9bastien Lecornu<\/p>\n<p class=\"fig-paragraph\">Des responsables locaux de la FNSEA sont re\u00e7us depuis 14H30 par le cabinet du premier ministre\u00a0<a href=\"http:\/\/www.lefigaro.fr\/politique\/pour-se-premunir-d-une-censure-lecornu-agite-le-spectre-de-la-dissolution-20260111\" data-fig-type=\"Article\" data-gtm-custom-categorie=\"navigation\" data-gtm-custom-action=\"crossclick\" data-gtm-custom-label=\"Contextuel\" data-gtm-event=\"customEventSPE\" data-fig-domain=\"LEFIGARO\" target=\"_blank\" rel=\"noopener\">S\u00e9bastien Lecornu<\/a>, qui fera \u00abun deuxi\u00e8me train d\u2019annonces dans l\u2019apr\u00e8s-midi\u00bb, a d\u00e9clar\u00e9 la ministre de l\u2019Agriculture\u00a0<a href=\"http:\/\/www.lefigaro.fr\/politique\/a-bruxelles-annie-genevard-tente-d-arracher-de-quoi-calmer-la-colere-agricole-francaise-20260107\" data-fig-type=\"Article\" data-gtm-custom-categorie=\"navigation\" data-gtm-custom-action=\"crossclick\" data-gtm-custom-label=\"Contextuel\" data-gtm-event=\"customEventSPE\" data-fig-domain=\"LEFIGARO\" target=\"_blank\" rel=\"noopener\">Annie Genevard<\/a>\u00a0venue \u00e0 la rencontre des agriculteurs devant l\u2019Assembl\u00e9e nationale.<\/p>\n<p class=\"fig-paragraph\">\u00abOn ne peut pas dire qu\u2019on aime les agriculteurs et leur compliquer la vie matin, midi et soir\u00bb, a jug\u00e9 Annie Genevard. La ministre a soulign\u00e9 la n\u00e9cessit\u00e9 de \u00abretisser le lien de confiance entre les Fran\u00e7ais et l\u2019agriculture fran\u00e7aise\u00bb. \u00abLes Fran\u00e7ais aiment leurs agriculteurs mais il faut qu\u2019ils aiment davantage leur agriculture, a-t-elle estim\u00e9. Quand je vois qu\u2019on leur dispute le bruit des cloches des vaches, les traitements autoris\u00e9s sur les cultures, l\u2019installation de b\u00e2timents d\u2019\u00e9levage parce que \u00e7a d\u00e9range&#8230; \u00c7a ne peut pas marcher.\u00bb<\/p>\n<p class=\"fig-body-link\">\n            \u00c0 lire aussi<br \/>\n        <a class=\"fig-body-link__link fig-premium-mark\" href=\"https:\/\/www.lefigaro.fr\/conjoncture\/2018\/02\/21\/20002-20180221ARTFIG00224-syndicats-agricoles-les-challengers-de-la-fnsea-veulent-faire-entendre-leur-voix.php\" data-fig-type=\"Article\" data-gtm-custom-categorie=\"navigation\" data-gtm-custom-action=\"crossclick\" data-gtm-custom-label=\"Contextuel\" data-gtm-event=\"customEventSPE\" data-fig-domain=\"LEFIGARO\" target=\"_blank\" rel=\"noopener\"><\/p>\n<p>        Syndicats agricoles: les challengers de la FNSEA veulent faire entendre leur voix<br \/>\n    <\/a>\n<\/p>\n<p>\n        15:01\n            <\/p>\n<p class=\"fig-live-post__title\" role=\"heading\" aria-level=\"3\">Le premier ministre va faire de nouvelles annonces sur \u00abl\u2019eau et les moyens de production\u00bb, affirme Annie Genevard<\/p>\n<p class=\"fig-paragraph\">Le premier ministre\u00a0<a href=\"http:\/\/www.lefigaro.fr\/politique\/pour-se-premunir-d-une-censure-lecornu-agite-le-spectre-de-la-dissolution-20260111\" data-fig-type=\"Article\" data-gtm-custom-categorie=\"navigation\" data-gtm-custom-action=\"crossclick\" data-gtm-custom-label=\"Contextuel\" data-gtm-event=\"customEventSPE\" data-fig-domain=\"LEFIGARO\" target=\"_blank\" rel=\"noopener\">S\u00e9bastien Lecornu<\/a>\u00a0fera mardi apr\u00e8s-midi \u00abun deuxi\u00e8me train d\u2019annonces\u00bb pour r\u00e9pondre \u00e0 la col\u00e8re agricole, a annonc\u00e9 la ministre de l\u2019Agriculture Annie Genevard. La ministre de l\u2019Agriculture s\u2019est entretenue avec plusieurs agriculteurs ce mardi en marge de la manifestation en cours dans la capitale.<\/p>\n<p class=\"fig-paragraph\">\u00abJ\u2019entends vos revendications sur les moyens de production, parce que pour produire il faut de la terre, de l\u2019eau, et des substances qui prot\u00e8gent la production\u00bb, a-t-elle d\u00e9clar\u00e9. Depuis d\u00e9but d\u00e9cembre, les manifestations d\u2019agriculteurs se multiplient et les premi\u00e8res annonces du gouvernement vendredi, notamment un paquet de \u00ab300 millions d\u2019euros\u00bb, apr\u00e8s des d\u00e9fil\u00e9s de tracteurs la semaine derni\u00e8re de la\u00a0<a href=\"http:\/\/www.lefigaro.fr\/actualite-france\/colere-des-agriculteurs-qu-est-ce-que-la-coordination-rurale-ce-syndicat-adepte-des-actions-coup-de-poing-qui-veut-renverser-la-table-20260108\" data-fig-type=\"Article\" data-gtm-custom-categorie=\"navigation\" data-gtm-custom-action=\"crossclick\" data-gtm-custom-label=\"Contextuel\" data-gtm-event=\"customEventSPE\" data-fig-domain=\"LEFIGARO\" target=\"_blank\" rel=\"noopener\">Coordination rurale<\/a>\u00a0puis de la Conf\u00e9d\u00e9ration paysanne dans la capitale, n\u2019ont pas suffi \u00e0 calmer la contestation.<\/p>\n<p class=\"fig-body-link\">\n            \u00c0 lire aussi<br \/>\n        <a class=\"fig-body-link__link fig-premium-mark\" href=\"http:\/\/www.lefigaro.fr\/actualite-france\/mobilisations-des-agriculteurs-une-centaine-de-tracteurs-attendus-a-paris-ce-mardi-20260112\" data-fig-type=\"Article\" data-gtm-custom-categorie=\"navigation\" data-gtm-custom-action=\"crossclick\" data-gtm-custom-label=\"Contextuel\" data-gtm-event=\"customEventSPE\" data-fig-domain=\"LEFIGARO\" target=\"_blank\" rel=\"noopener\"><\/p>\n<p>        Mobilisations des agriculteurs\u00a0: plusieurs centaines de tracteurs attendus \u00e0 Paris ce mardi<br \/>\n    <\/a>\n<\/p>\n<p>\n        14:46\n            <\/p>\n<p class=\"fig-live-post__title\" role=\"heading\" aria-level=\"3\">Cette ann\u00e9e, le Salon de l\u2019agriculture se fera sans vaches, brebis ni porcs<\/p>\n<p class=\"fig-paragraph\">Pour la premi\u00e8re fois en 132 ans d\u2019existence du\u00a0<a href=\"http:\/\/etudiant.lefigaro.fr\/article\/vie-etudiante\/c-est-un-honneur-de-representer-l-ecole-au-salon-de-l-agriculture-l-agro-brigue-sa-premiere-recompense-au-concours-de-la-vache-etudiante-20250301\/\" data-fig-type=\"Article\" data-gtm-custom-categorie=\"navigation\" data-gtm-custom-action=\"crossclick\" data-gtm-custom-label=\"Contextuel\" data-gtm-event=\"customEventSPE\" data-fig-domain=\"ETUDIANT\" target=\"_blank\" rel=\"noopener\">Concours g\u00e9n\u00e9ral agricole (CGA)<\/a>, qui a donn\u00e9 naissance ensuite au\u00a0<a href=\"https:\/\/www.lefigaro.fr\/conjoncture\/2018\/02\/23\/20002-20180223ARTFIG00312-tout-savoir-sur-le-salon-international-de-l-agriculture-qui-ouvre-ce-samedi.php\" data-fig-type=\"Article\" data-gtm-custom-categorie=\"navigation\" data-gtm-custom-action=\"crossclick\" data-gtm-custom-label=\"Contextuel\" data-gtm-event=\"customEventSPE\" data-fig-domain=\"LEFIGARO\" target=\"_blank\" rel=\"noopener\">Salon international de l\u2019agriculture<\/a>\u00a0en 1964,\u00a0\u00abil n\u2019y aura pas de bovins expos\u00e9s \u00e0 Paris, ni de concours de races,\u00a0indique Arnaud Lemoine, directeur g\u00e9n\u00e9ral du SIA.<\/p>\n<p class=\"fig-paragraph\">C\u2019est une volont\u00e9 de tous les organismes de s\u00e9lection\u00a0de races bovines suite \u00e0 l\u2019apparition de la dermatose nodulaire contagieuse fin juin 2025 en France. Ils ne veulent prendre aucun risque sanitaire\u00bb. Brebis et porcs, eux aussi, seront absents. Retrouvez ci-dessous l\u2019article complet du Figaro.<\/p>\n<p class=\"fig-body-link\">\n            \u00c0 lire aussi<br \/>\n        <a class=\"fig-body-link__link\" href=\"http:\/\/www.lefigaro.fr\/salon-de-l-agriculture-des-brebis-et-des-porcs-egalement-absents-20260113\" data-fig-type=\"NewsFlash\" data-gtm-custom-categorie=\"navigation\" data-gtm-custom-action=\"crossclick\" data-gtm-custom-label=\"Contextuel\" data-gtm-event=\"customEventSPE\" data-fig-domain=\"LEFIGARO\" target=\"_blank\" rel=\"noopener\"><\/p>\n<p>        Salon de l\u2019agriculture\u00a0: apr\u00e8s les vaches, des brebis et des porcs \u00e9galement absents<br \/>\n    <\/a>\n<\/p>\n<p>\n        14:12\n            <\/p>\n<p class=\"fig-live-post__title\" role=\"heading\" aria-level=\"3\">Qu\u2019est-ce que la Coordination rurale, le syndicat qui veut renverser la table ?<\/p>\n<p class=\"fig-paragraph\">Leurs\u00a0<a href=\"https:\/\/www.lefigaro.fr\/actualite-france\/a-agen-sous-les-bonnets-jaunes-la-colere-noire-des-agriculteurs-20240123\" data-fig-type=\"Article\" data-gtm-custom-categorie=\"navigation\" data-gtm-custom-action=\"crossclick\" data-gtm-custom-label=\"Contextuel\" data-gtm-event=\"customEventSPE\" data-fig-domain=\"LEFIGARO\" target=\"_blank\" rel=\"noopener\">bonnets en laine<\/a>\u00a0\u00e9maillent d\u00e9sormais invariablement de taches jaunes les rassemblements agricoles en France.\u00a0\u00abFoutez-nous la paix, laissez-nous travailler\u00bb,\u00a0\u00abservir et ne pas se servir\u00bb\u00a0: Leurs slogans, qui fustigent p\u00eale-m\u00eale les normes europ\u00e9ennes, les projets d\u2019accords avec le march\u00e9 sud-am\u00e9ricain, la politique agricole fran\u00e7aise ou l\u2019absence de protection des paysans, s\u2019affichent aujourd\u2019hui sur nombre de panneaux de protestation \u00e9rig\u00e9s dans les rassemblements.<\/p>\n<p class=\"fig-paragraph\">Les lettres\u00a0\u00abCR\u00bb\u00a0peintes en noir, qui font office de sigle, ornent la plupart des \u00e9criteaux brandis en manifestations. Retrouvez ci-dessous l\u2019article complet du Figaro.<\/p>\n<p class=\"fig-body-link\">\n            \u00c0 lire aussi<br \/>\n        <a class=\"fig-body-link__link fig-premium-mark\" href=\"http:\/\/www.lefigaro.fr\/actualite-france\/colere-des-agriculteurs-qu-est-ce-que-la-coordination-rurale-ce-syndicat-adepte-des-actions-coup-de-poing-qui-veut-renverser-la-table-20260108\" data-fig-type=\"Article\" data-gtm-custom-categorie=\"navigation\" data-gtm-custom-action=\"crossclick\" data-gtm-custom-label=\"Contextuel\" data-gtm-event=\"customEventSPE\" data-fig-domain=\"LEFIGARO\" target=\"_blank\" rel=\"noopener\"><\/p>\n<p>        Col\u00e8re des agriculteurs\u00a0: qu\u2019est-ce que la Coordination rurale, ce syndicat adepte des actions coup de poing qui veut renverser la table\u00a0?<br \/>\n    <\/a>\n<\/p>\n<p>\n        13:39\n            <\/p>\n<p class=\"fig-live-post__title\" role=\"heading\" aria-level=\"3\">\u00abLes m\u00eames r\u00e8gles pour tous en Europe\u00bb : deux jeunes agriculteurs expliquent les raisons de leur mobilisation<\/p>\n<p class=\"fig-paragraph\">Pr\u00e9sents ce matin devant l\u2019Assembl\u00e9e nationale, Thomas Raimbert et Hector foussard, tous deux \u00e2g\u00e9s de 25 ans, expliquent\u00a0<a href=\"http:\/\/www.lefigaro.fr\/actualite-france\/les-10-raisons-de-la-colere-des-agriculteurs-en-france-20240123\" data-fig-type=\"Article\" data-gtm-custom-categorie=\"navigation\" data-gtm-custom-action=\"crossclick\" data-gtm-custom-label=\"Contextuel\" data-gtm-event=\"customEventSPE\" data-fig-domain=\"LEFIGARO\" target=\"_blank\" rel=\"noopener\">les raisons de leur mobilisation<\/a>. \u00abJe suis l\u00e0 principalement pour d\u00e9noncer les distorsions de concurrence en Europe\u00bb, affirme Thomas Raimbert. \u00abCe n\u2019est pas seulement pour la France. Ce qu\u2019on attend aujourd\u2019hui, c\u2019est un r\u00e9alignement des r\u00e8gles, avoir la m\u00eame r\u00e9glementation pour tous en Europe.\u00bb Sur l\u2019efficacit\u00e9 des manifestations, il se montre prudemment optimiste\u00a0: \u00abJ\u2019esp\u00e8re vraiment qu\u2019aujourd\u2019hui on est l\u00e0 pour obtenir quelque chose. Je pense que \u00e7a peut aboutir.\u00bb<\/p>\n<p>    Thomas Raimbert et Hector foussard, tous deux \u00e2g\u00e9s de 25 ans, sont venus manifester devant l\u2019Assembl\u00e9e nationale ce mardi 13 janvier.<br \/>\n                Eric de la Chesnais \/ Le Figaro<\/p>\n<p class=\"fig-paragraph\">Les deux jeunes agriculteurs \u00e9voquent aussi la difficult\u00e9 de vivre de leur m\u00e9tier. \u00ab C\u2019est compliqu\u00e9 aujourd\u2019hui de vivre dignement en \u00e9tant agriculteur, surtout sur des march\u00e9s libres\u00a0\u00bb, souligne Hector. \u00ab Plut\u00f4t que de nous distribuer des ch\u00e8ques, souvent futiles et inutiles, il faut revoir la fiscalit\u00e9 des entreprises agricoles.\u00a0\u00bb Ils appellent \u00e9galement \u00e0 \u00ab simplifier les transmissions, notamment pour les jeunes\u00a0\u00bb, et \u00e0 all\u00e9ger \u00ab des m\u00e9canismes trop lourds sur les exportations\u00a0\u00bb.<\/p>\n<p class=\"fig-body-link\">\n            \u00c0 lire aussi<br \/>\n        <a class=\"fig-body-link__link fig-premium-mark\" href=\"http:\/\/www.lefigaro.fr\/actualite-france\/mobilisations-des-agriculteurs-une-centaine-de-tracteurs-attendus-a-paris-ce-mardi-20260112\" data-fig-type=\"Article\" data-gtm-custom-categorie=\"navigation\" data-gtm-custom-action=\"crossclick\" data-gtm-custom-label=\"Contextuel\" data-gtm-event=\"customEventSPE\" data-fig-domain=\"LEFIGARO\" target=\"_blank\" rel=\"noopener\"><\/p>\n<p>        Mobilisations des agriculteurs\u00a0: plusieurs centaines de tracteurs attendus \u00e0 Paris ce mardi<br \/>\n    <\/a>\n<\/p>\n<p>\n        12:27\n            <\/p>\n<p class=\"fig-live-post__title\" role=\"heading\" aria-level=\"3\">Pourquoi l\u2019agriculture fran\u00e7aise est-elle en crise ? La r\u00e9ponse en quatre infographies<\/p>\n<p class=\"fig-paragraph\">Alors que\u00a0<a href=\"http:\/\/www.lefigaro.fr\/conjoncture\/qu-est-ce-que-le-mercosur-avec-qui-l-union-europeenne-devrait-bientot-conclure-un-accord-de-libre-echange-20250903\" target=\"_blank\" data-fig-type=\"NewsFlash\" rel=\"noopener\" data-gtm-custom-categorie=\"navigation\" data-gtm-custom-action=\"crossclick\" data-gtm-custom-label=\"Contextuel\" data-gtm-event=\"customEventSPE\" data-fig-domain=\"LEFIGARO\">le trait\u00e9 de libre-\u00e9change entre l\u2019Union europ\u00e9enne (UE) et le Mercosur<\/a>\u00a0suscite une vive opposition du monde paysan, l\u2019agriculture fran\u00e7aise pourrait voir\u00a0<a href=\"http:\/\/www.lefigaro.fr\/flash-eco\/la-performance-du-commerce-exterieur-alimentaire-francais-au-plus-bas-depuis-25-ans-alerte-l-ania-20250923\" target=\"_blank\" data-fig-type=\"NewsFlash\" rel=\"noopener\" data-gtm-custom-categorie=\"navigation\" data-gtm-custom-action=\"crossclick\" data-gtm-custom-label=\"Contextuel\" data-gtm-event=\"customEventSPE\" data-fig-domain=\"LEFIGARO\">sa balance commerciale<\/a>\u00a0basculer dans le rouge pour la premi\u00e8re fois depuis plusieurs d\u00e9cennies.\u00a0Sur les dix premiers mois de l\u2019ann\u00e9e 2025,\u00a0<a href=\"http:\/\/www.lefigaro.fr\/flash-eco\/la-performance-du-commerce-exterieur-alimentaire-francais-au-plus-bas-depuis-25-ans-alerte-l-ania-20250923\" target=\"_blank\" data-fig-type=\"NewsFlash\" rel=\"noopener\" data-gtm-custom-categorie=\"navigation\" data-gtm-custom-action=\"crossclick\" data-gtm-custom-label=\"Contextuel\" data-gtm-event=\"customEventSPE\" data-fig-domain=\"LEFIGARO\">la balance commerciale des produits agricoles et agroalimentaires s\u2019est effondr\u00e9e<\/a>, passant d\u2019un exc\u00e9dent de 4,5 milliards d\u2019euros en octobre 2024 \u00e0 seulement 125 millions d\u2019euros un an apr\u00e8s. Un changement d\u2019\u00e9chelle spectaculaire qui s\u2019inscrit dans une tendance de fond. En dix ans, l\u2019exc\u00e9dent est ainsi pass\u00e9 de 10,5 milliards d\u2019euros en 2015 \u00e0 5 milliards en 2024.<\/p>\n<p class=\"fig-body-link\">\n            \u00c0 lire aussi<br \/>\n        <a class=\"fig-body-link__link fig-premium-mark\" href=\"http:\/\/www.lefigaro.fr\/conjoncture\/pourquoi-l-agriculture-francaise-est-elle-en-crise-la-reponse-en-quatre-infographies-20260113\" target=\"_blank\" data-fig-type=\"NewsFlash\" rel=\"noopener\" data-gtm-custom-categorie=\"navigation\" data-gtm-custom-action=\"crossclick\" data-gtm-custom-label=\"Contextuel\" data-gtm-event=\"customEventSPE\" data-fig-domain=\"LEFIGARO\"><\/p>\n<p>        Pourquoi l\u2019agriculture fran\u00e7aise est-elle en crise\u00a0? La r\u00e9ponse en quatre infographies<br \/>\n    <\/a>\n<\/p>\n<p>\n        12:08\n            <\/p>\n<p class=\"fig-live-post__title\" role=\"heading\" aria-level=\"3\">L\u2019ancien ministre St\u00e9phane Travert devant l\u2019Assembl\u00e9e<\/p>\n<p class=\"fig-paragraph\">Luc Smessaert vice pr\u00e9sident FNSEA en discussion avec l\u2019ancien ministre de l\u2019Agriculture St\u00e9phane Travert d\u00e9put\u00e9 de la Manche. La pr\u00e9sidente de l\u2019Assembl\u00e9e Nationale est toujours en discussion sur le parvis avec des agriculteurs, a constat\u00e9 notre journaliste Eric de la Chesnais.<\/p>\n<p>    St\u00e9phane Travert.<br \/>\n                Eric de la Chesnais \/ Le Figaro DR.<\/p>\n<p>\n        11:54\n            <\/p>\n<p class=\"fig-live-post__title\" role=\"heading\" aria-level=\"3\">Les agriculteurs discutent d\u00e9sormais avec des \u00e9lus du Rassemblement national<\/p>\n<p class=\"fig-paragraph\">Arnaud Rousseau discute d\u00e9sormais avec des repr\u00e9sentants du Rassemblement national, notamment S\u00e9bastien Chenu et H\u00e9l\u00e8ne Laporte, vice-pr\u00e9sidente de l\u2019Assembl\u00e9e nationale. \u00abNous sommes assez align\u00e9s avec vos revendications\u00bb, assure S\u00e9bastien Chenu. \u00abDerri\u00e8re le sujet des agriculteurs, c\u2019est aussi une vision de la ruralit\u00e9\u00bb, a-t-il ajout\u00e9.<\/p>\n<p>    Des \u00e9lus du Rassemblement national avec Arnaud Rousseau.<br \/>\n                Marie de Montalembert \/ Le Figaro DR.<\/p>\n<p>\n        11:54\n            <\/p>\n<p class=\"fig-live-post__title\" role=\"heading\" aria-level=\"3\">Affluence croissante devant l\u2019Assembl\u00e9e nationale<\/p>\n<p class=\"fig-paragraph\">La mobilisation continue de s\u2019intensifier devant l\u2019<a href=\"http:\/\/www.lefigaro.fr\/flash-eco\/porte-dauphine-champs-elysees-assemblee-nationale-les-images-des-dizaines-de-tracteurs-dans-paris-20260113\" data-fig-type=\"NewsFlash\" data-gtm-custom-categorie=\"navigation\" data-gtm-custom-action=\"crossclick\" data-gtm-custom-label=\"Contextuel\" data-gtm-event=\"customEventSPE\" data-fig-domain=\"LEFIGARO\" target=\"_blank\" rel=\"noopener\">Assembl\u00e9e nationale<\/a>, o\u00f9 de plus en plus d\u2019agriculteurs sont rassembl\u00e9s. Plusieurs responsables politiques sont visibles sur place et \u00e9changent avec les manifestants. De nombreuses \u00e9charpes tricolores sont visibles, constate notre journaliste Marie de Montalembert. L\u2019ambiance reste calme et d\u00e9tendue, et aucun incident n\u2019est signal\u00e9 \u00e0 ce stade.<\/p>\n<p>\n        11:50\n            <\/p>\n<p class=\"fig-live-post__title\" role=\"heading\" aria-level=\"3\">Marion Mar\u00e9chal aupr\u00e8s des agriculteurs<\/p>\n<p class=\"fig-paragraph\">Marion Mar\u00e9chal est aupr\u00e8s des agriculteurs, a constat\u00e9 notre journaliste Marie de Montalembert. \u00abOn est mis au pied du mur avec ce sujet du MERCOSUR. Ce qui nous reste comme moyen de pression, c\u2019est la suspension de la contribution financi\u00e8re au budget de l\u2019Union europ\u00e9enne\u00bb, assure l\u2019eurod\u00e9put\u00e9e. \u00abOn entend cette d\u00e9tresse dans la dignit\u00e9\u00bb.<\/p>\n<p>    Marion Mar\u00e9chal.<br \/>\n                Marie de Montalembert \/ Le Figaro DR.<\/p>\n<p>\n        11:39\n            <\/p>\n<p class=\"fig-live-post__title\" role=\"heading\" aria-level=\"3\">\u00abOn perd notre ind\u00e9pendance alimentaire\u00bb, regrette Bruno Retailleau<\/p>\n<p class=\"fig-paragraph\">\u00abBravo pour ce rassemblement qui se d\u00e9roule dans la dignit\u00e9\u00bb, a commenc\u00e9\u00a0<a href=\"http:\/\/www.lefigaro.fr\/politique\/guillaume-tabard-comment-bruno-retailleau-peut-revenir-dans-le-jeu-20260107\" data-fig-type=\"Article\" data-gtm-custom-categorie=\"navigation\" data-gtm-custom-action=\"crossclick\" data-gtm-custom-label=\"Contextuel\" data-gtm-event=\"customEventSPE\" data-fig-domain=\"LEFIGARO\" target=\"_blank\" rel=\"noopener\">Bruno Retailleau<\/a>. \u00abEn Vend\u00e9e, nous avons fait 25 r\u00e9serves de substitution d\u2019eau\u00bb, a-t-il expliqu\u00e9 en r\u00e9ponse aux demandes d\u2019Arnaud Rousseau sur le stockage d\u2019eau pour les agriculteurs. \u00abQue ce soit sur le CETA ou le MERCOSUR, nous nous sommes toujours oppos\u00e9s\u00bb. \u00abOn perd notre ind\u00e9pendance alimentaire\u00bb, a-t-il regrett\u00e9. \u00abCe qui fait crever les agriculteurs, c\u2019est toutes ces charges, ces normes, ces contraintes administratives\u00bb.<\/p>\n<p>\n        11:34\n            <\/p>\n<p class=\"fig-live-post__title\" role=\"heading\" aria-level=\"3\">\u00abOn va aller \u00e0 Strasbourg le 20 janvier\u00bb, annonce le pr\u00e9sident de la FNSEA \u00e0 Bruno Retailleau<\/p>\n<p class=\"fig-paragraph\">\u00abOn va aller \u00e0 Strasbourg le 20, car nous avons compris que le Mercosur ne se jouerait plus en France mais aupr\u00e8s des institutions europ\u00e9ennes\u00bb, a expliqu\u00e9 Arnaud Rousseau, pr\u00e9sident de la FNSEA \u00e0 Bruno Retailleau, pr\u00e9sident des R\u00e9publicains, devant l\u2019Assembl\u00e9e nationale. \u00abIl nous faut un budget\u00a0!\u00bb, a-t-il demand\u00e9.<\/p>\n<p>\n        11:33\n            <\/p>\n<p class=\"fig-live-post__title\" role=\"heading\" aria-level=\"3\">D\u00e9mant\u00e8lement du barrage de l\u2019A64 : les agriculteurs entonnent la Marseillaise devant les gendarmes<\/p>\n<p class=\"fig-paragraph\">Le barrage que tiennent\u00a0<a href=\"http:\/\/www.lefigaro.fr\/actualite-france\/pyrenees-atlantiques-les-agriculteurs-vont-lever-les-barrages-sur-l-a64-apres-deux-semaines-de-mobilisation-20251226\" data-fig-type=\"NewsFlash\" data-gtm-custom-categorie=\"navigation\" data-gtm-custom-action=\"crossclick\" data-gtm-custom-label=\"Contextuel\" data-gtm-event=\"customEventSPE\" data-fig-domain=\"LEFIGARO\" target=\"_blank\" rel=\"noopener\">les\u00a0agriculteurs depuis un mois pr\u00e8s de Toulouse<\/a>\u00a0\u00e9tait en cours de d\u00e9mant\u00e8lement ce mardi matin par les forces de l\u2019ordre.\u00a0Les manifestants vont partir \u00abentre aujourd\u2019hui et demain, le temps de tout ranger\u00bb, a pr\u00e9cis\u00e9 Bertrand Loup, responsable des \u00abUltras de l\u2019A64\u00bb.<\/p>\n<p class=\"fig-paragraph\">Des br\u00e8ves \u00e9chauffour\u00e9es ont oppos\u00e9 les forces de l\u2019ordre aux manifestants qui voulaient regagner le campement pour le \u00abnettoyer\u00bb. Les agriculteurs ont entonn\u00e9 la Marseillaise devant les gendarmes.<\/p>\n<p>\n        11:26\n            <\/p>\n<p class=\"fig-live-post__title\" role=\"heading\" aria-level=\"3\">Ya\u00ebl Braun-Pivet et Bruno Retailleau face aux agriculteurs<\/p>\n<p class=\"fig-paragraph\">La pr\u00e9sidente de l\u2019Assembl\u00e9e nationale, Ya\u00ebl Braun-Pivet, \u00e9change avec Arnaud Rousseau, pr\u00e9sident de la FNSEA devant le Palais-Bourbon. \u00abC\u2019est important d\u2019\u00eatre en contact\u00bb, explique-t-elle \u00abpour prendre conscience des difficult\u00e9s\u00bb. Elle a annonc\u00e9 une s\u00e9ance concernant l\u2019application des d\u00e9crets de la\u00a0<a href=\"http:\/\/www.lefigaro.fr\/politique\/dossier\/loi-duplomb-contenu-du-texte-petition-vote-tout-ce-qu-il-faut-savoir\" data-fig-type=\"Topic\" data-gtm-custom-categorie=\"navigation\" data-gtm-custom-action=\"crossclick\" data-gtm-custom-label=\"Contextuel\" data-gtm-event=\"customEventSPE\" data-fig-domain=\"LEFIGARO\" target=\"_blank\" rel=\"noopener\">loi Duplomb<\/a>\u00a0le 10 f\u00e9vrier.<\/p>\n<p class=\"fig-paragraph\">Au m\u00eame moment, Bruno Retailleau, pr\u00e9sident des R\u00e9publicains, et C\u00e9line Imart, t\u00eate de liste LR aux \u00e9lections europ\u00e9ennes et elle-m\u00eame agricultrice, \u00e9changent avec d\u2019autres agriculteurs.<\/p>\n<p class=\"fig-body-link\">\n            \u00c0 lire aussi<br \/>\n        <a class=\"fig-body-link__link fig-premium-mark\" href=\"http:\/\/www.lefigaro.fr\/vox\/politique\/loi-duplomb-retention-des-etrangers-dangereux-reformons-le-controle-de-constitutionnalite-pour-revenir-a-l-esprit-de-la-ve-republique-20250813\" data-fig-type=\"Article\" data-gtm-custom-categorie=\"navigation\" data-gtm-custom-action=\"crossclick\" data-gtm-custom-label=\"Contextuel\" data-gtm-event=\"customEventSPE\" data-fig-domain=\"LEFIGARO\" target=\"_blank\" rel=\"noopener\"><\/p>\n<p>        Loi Duplomb, r\u00e9tention des \u00e9trangers dangereux: \u00abR\u00e9formons le contr\u00f4le de constitutionnalit\u00e9 pour revenir \u00e0 l\u2019esprit de la Ve\u00a0R\u00e9publique\u00bb<br \/>\n    <\/a>\n<\/p>\n<p>\n        11:06\n            <\/p>\n<p class=\"fig-live-post__title\" role=\"heading\" aria-level=\"3\">Une d\u00e9l\u00e9gation d\u2019agriculteurs FNSEA et JA sera re\u00e7ue en d\u00e9but d\u2019apr\u00e8s-midi \u00e0 14 heures \u00e0 Matignon<\/p>\n<p class=\"fig-paragraph\">Le premier ministre, S\u00e9bastien Lecornu, recevra une d\u00e9l\u00e9gation d\u2019agriculteurs issus des syndicats FNSEA et Jeunes Agriculteurs en d\u00e9but d\u2019apr\u00e8s-midi aux alentours de 14h, a appris notre journaliste Eric de la Chesnais.<\/p>\n<p>\n        10:59\n            <\/p>\n<p class=\"fig-live-post__title\" role=\"heading\" aria-level=\"3\">Michel Barnier aux c\u00f4t\u00e9s des agriculteurs : \u00ab Je suis solidaire \u00bb<\/p>\n<p class=\"fig-paragraph\">Pr\u00e9sent ce matin \u00e0 Paris aux c\u00f4t\u00e9s des agriculteurs mobilis\u00e9s, Michel Barnier, ancien ministre et d\u00e9put\u00e9, explique sa venue \u00e0 notre journaliste, Marie de Montalembert\u00a0: \u00abJe suis d\u00e9put\u00e9, je repr\u00e9sente les citoyens, qu\u2019ils soient \u00e0 Paris, en Savoie, dans l\u2019Allier et la Loire, ou dans le Nord et l\u2019Ari\u00e8ge. Je suis solidaire des agriculteurs\u00bb. L\u2019ancien ministre charg\u00e9 de l\u2019agriculture, il pr\u00e9cise\u00a0: \u00abJ\u2019ai d\u00e9j\u00e0 \u00e9t\u00e9 au contact de la profession, et je comprends l\u2019importance de cette protestation. Les agriculteurs expriment leurs attentes, et nous devons apporter des r\u00e9ponses, avec un suivi au niveau du Parlement et de la solidarit\u00e9 nationale\u00bb. Sur l\u2019efficacit\u00e9 de ces manifestations, Michel Barnier estime\u00a0: \u00abCes mobilisations sont responsables, il n\u2019y a pas de violence inutile. Je pense que c\u2019est utile, car on entend les revendications d\u2019ici \u00e0 Paris\u00bb.<\/p>\n<p>    L\u2019ancien premier ministre Michel Barnier.<br \/>\n                Marie de Montalembert \/ Le Figaro DR.<\/p>\n<p>\n        10:53\n            <\/p>\n<p class=\"fig-live-post__title\" role=\"heading\" aria-level=\"3\">Aucun bovin au salon de l\u2019agriculture 2026 en raison de la dermatose bovine<\/p>\n<p class=\"fig-paragraph\">Il n\u2019y aura aucun bovin au\u00a0<a href=\"http:\/\/www.lefigaro.fr\/dossier\/salon-de-l-agriculture-annule-la-plus-grande-exposition-de-france-s-adapte-au-covid-19\" data-fig-type=\"Topic\" data-gtm-custom-categorie=\"navigation\" data-gtm-custom-action=\"crossclick\" data-gtm-custom-label=\"Contextuel\" data-gtm-event=\"customEventSPE\" data-fig-domain=\"LEFIGARO\" target=\"_blank\" rel=\"noopener\">salon de l\u2019agriculture<\/a>\u00a02026, pour la premi\u00e8re fois depuis la tenue de ce rendez-vous annuel, en raison de l\u2019\u00e9pid\u00e9mie de dermatose bovine, ont annonc\u00e9 mardi les organisateurs.<\/p>\n<p class=\"fig-paragraph\">\u00abJe peux aujourd\u2019hui malheureusement vous confirmer que nous avons pris acte hier (lundi) soir de la d\u00e9cision qu\u2019il n\u2019y aura aucun bovin au salon international de l\u2019agriculture en 2026\u00bb, a dit \u00e0 la presse son pr\u00e9sident, J\u00e9r\u00f4me Despey. C\u2019est \u00abun coup dur pour le salon\u00bb, a-t-il ajout\u00e9, \u00abprofond\u00e9ment attrist\u00e9\u00bb.<\/p>\n<p>\n        10:50\n            <\/p>\n<p class=\"fig-live-post__title\" role=\"heading\" aria-level=\"3\">Dominique Potier, d\u00e9put\u00e9 PS, devant l\u2019Assembl\u00e9e<\/p>\n<p class=\"fig-paragraph\">Dominique Potier d\u00e9put\u00e9 PS de Meurthe et Moselle, agriculteur, est venu d\u00e9fendre les paysans devant l\u2019Assembl\u00e9e Nationale, constate notre journaliste Eric de la Chesnais.<\/p>\n<p>    Dominique Potier.<br \/>\n                Eric de la Chesnais \/ Le Figaro DR.<\/p>\n<p>\n        10:40\n            <\/p>\n<p class=\"fig-live-post__title\" role=\"heading\" aria-level=\"3\">Les agriculteurs annoncent qu\u2019ils \u00abl\u00e8vent le barrage\u00bb embl\u00e9matique de l\u2019A64<\/p>\n<p class=\"fig-paragraph\">Les agriculteurs annoncent qu\u2019ils \u00abl\u00e8vent le barrage\u00bb embl\u00e9matique de l\u2019A64. L\u2019op\u00e9ration se fait dans le calme, selon les images disponibles.<\/p>\n<p>\n        10:38\n            <\/p>\n<p class=\"fig-live-post__title\" role=\"heading\" aria-level=\"3\">Plusieurs annonces d\u00e8s ce soir<\/p>\n<p class=\"fig-paragraph\">Le minist\u00e8re de l\u2019Agriculture fera plusieurs annonces ce soir, a appris Le Figaro. Vendredi d\u00e9j\u00e0 Annie Genevard, la ministre, avait fait plusieurs annonces sans parvenir \u00e0 apaiser la col\u00e8re agricole. Entre 300 et 400 tracteurs sont gar\u00e9s en enfilade sur 3 rang\u00e9es le long du quai d\u2019Orsay \u00e0 Paris. Les agriculteurs attendent de pieds fermes les annonces du gouvernement ce soir, souligne notre journaliste Eric de la Chesnais.<\/p>\n<p>    Les tracteurs le long de la Seine.<br \/>\n                Eric de la Chesnais \/ Le Figaro DR.<\/p>\n<p>\n        10:31\n            <\/p>\n<p class=\"fig-live-post__title\" role=\"heading\" aria-level=\"3\">400 manifestants devant l\u2019Assembl\u00e9e nationale, selon la pr\u00e9fecture de police de Paris<\/p>\n<p class=\"fig-paragraph\">\u00c0 10 heures, \u00ab353 tracteurs sont positionn\u00e9s quai d\u2019Orsay entre le pont de l\u2019Alma et le pont de la Concorde\u00bb, selon la pr\u00e9fecture de police de Paris. \u00ab400 manifestants sont rassembl\u00e9s aux abords de l\u2019Assembl\u00e9e nationale\u00bb. Aucun incident signal\u00e9 \u00e0 ce stade.<\/p>\n<p>\n        10:27\n            <\/p>\n<p class=\"fig-live-post__title\" role=\"heading\" aria-level=\"3\">Michel Barnier aupr\u00e8s des agriculteurs<\/p>\n<p class=\"fig-paragraph\">L\u2019ancien premier ministre\u00a0et d\u00e9put\u00e9 de Paris\u00a0<a href=\"http:\/\/www.lefigaro.fr\/politique\/menace-de-legislatives-en-mars-michel-barnier-y-voit-une-prise-d-otage-des-municipales-20260111\" data-fig-type=\"Article\" data-gtm-custom-categorie=\"navigation\" data-gtm-custom-action=\"crossclick\" data-gtm-custom-label=\"Contextuel\" data-gtm-event=\"customEventSPE\" data-fig-domain=\"LEFIGARO\" target=\"_blank\" rel=\"noopener\">Michel Barnier, ainsi que Fran\u00e7ois-Xavier Bellamy,\u00a0<\/a>sont aupr\u00e8s des agriculteurs devant l\u2019Assembl\u00e9e nationale, a constat\u00e9 notre journaliste Marie de Montalembert.<\/p>\n<p>    Michel Barnier, ancien premier ministre.<br \/>\n                Marie de Montalembert \/ Le Figaro<\/p>\n<p>\n        10:18\n            <\/p>\n<p class=\"fig-live-post__title\" role=\"heading\" aria-level=\"3\">Lucas, vice-pr\u00e9sident de la FNSEA : \u00abOn m\u00e8ne le combat pour retrouver du sens \u00e0 notre m\u00e9tier\u00bb<\/p>\n<p class=\"fig-paragraph\">Lucas, install\u00e9 depuis deux ans avec son fils dans l\u2019Oise, au nord de Beauvais, exploite deux hectares de vignes. Vice-pr\u00e9sident de la FNSEA, il participe \u00e0 la mobilisation ce matin \u00e0 Paris, venue d\u00e9fendre les int\u00e9r\u00eats des agriculteurs face aux difficult\u00e9s croissantes du secteur. \u00ab\u00c7a fait des semaines qu\u2019on m\u00e8ne le combat pour retrouver du sens \u00e0 notre m\u00e9tier\u00bb, explique-t-il. \u00abIl y a deux ans, nous avions d\u00e9j\u00e0 men\u00e9 une bataille importante, et nous \u00e9tions ressortis avec beaucoup d\u2019engagements et de promesses. Mais beaucoup de ces promesses n\u2019ont pas \u00e9t\u00e9 tenues\u00bb.<\/p>\n<p>    Lucas, vice-pr\u00e9sident de la FNSEA.<br \/>\n                Eric de la Chesnais \/ Le Figaro<\/p>\n<p class=\"fig-paragraph\">Il pointe notamment la\u00a0<a href=\"http:\/\/www.lefigaro.fr\/politique\/dossier\/loi-duplomb-contenu-du-texte-petition-vote-tout-ce-qu-il-faut-savoir\" data-fig-type=\"Topic\" data-gtm-custom-categorie=\"navigation\" data-gtm-custom-action=\"crossclick\" data-gtm-custom-label=\"Contextuel\" data-gtm-event=\"customEventSPE\" data-fig-domain=\"LEFIGARO\" target=\"_blank\" rel=\"noopener\">loi Duplomb<\/a>, pour laquelle \u00ab aucun d\u00e9cret n\u2019est encore paru\u00a0\u00bb, et souligne que d\u2019autres textes, issus du droit d\u2019orientation, attendent toujours d\u2019\u00eatre appliqu\u00e9s. Selon lui, ces retards compliquent la gestion quotidienne des exploitations agricoles et le d\u00e9veloppement de projets. \u00abAujourd\u2019hui, ce que nous attendons, ce sont des r\u00e9ponses concr\u00e8tes\u00a0\u00bb, poursuit Lucas. \u00ab Pourrons-nous construire un b\u00e2timent d\u2019\u00e9levage\u00a0? Pourrons-nous enfin stocker un peu d\u2019eau lorsqu\u2019il tombe en exc\u00e8s\u00a0? Ce sont des questions fondamentales pour la survie et l\u2019avenir de nos exploitations\u00bb.<\/p>\n<p class=\"fig-paragraph\">Pour Lucas, la mobilisation de Paris ne concerne pas seulement sa r\u00e9gion ou ses cultures. \u00abM\u00eame si nos vignes au nord de Beauvais s\u2019en sortent plut\u00f4t bien, nous sommes aussi l\u00e0 pour soutenir les agriculteurs dans les r\u00e9gions du Sud, qui rencontrent plus de difficult\u00e9s avec des rendements plus faibles. Il s\u2019agit de d\u00e9fendre l\u2019ensemble du m\u00e9tier et de garantir que chacun puisse vivre de son travail.\u00a0\u00bb<\/p>\n<p>\n        10:13\n            <\/p>\n<p class=\"fig-live-post__title\" role=\"heading\" aria-level=\"3\">Un agriculteur de 88 ans toujours mobilis\u00e9<\/p>\n<p class=\"fig-paragraph\">Louis de Scorailles, 88\u202fans, est pr\u00e9sent ce matin \u00e0 Paris. \u00ab Je me bats depuis que la PAC existe\u00a0\u00bb, explique-t-il. Sur place, Louis de Scorailles pr\u00e9sente un document destin\u00e9 aux Parisiens, expliquant \u00abcomment on devient agriculteur, ce que co\u00fbte l\u2019exploitation agricole\u00bb. Il pr\u00e9cise\u00a0: \u00abJ\u2019ai \u00e9dit\u00e9 cette affiche, c\u2019est ma composition, tous les mois. Je viens ici pour que la f\u00e9d\u00e9ration la mette en place sur les grands panneaux\u00bb.<\/p>\n<p>    Louis de Scorailles.<br \/>\n                Marie de Montalembert \/ Le Figaro DR.<\/p>\n<p>\n        10:10\n            <\/p>\n<p class=\"fig-live-post__title\" role=\"heading\" aria-level=\"3\">Les agriculteurs de la FNSEA d\u00e9termin\u00e9s \u00e0 rester \u00e0 Paris tant que leurs demandes ne seront pas \u00abentendues\u00bb<\/p>\n<p class=\"fig-paragraph\">Les agriculteurs de la FNSEA d\u00e9termin\u00e9s \u00e0 rester \u00e0 Paris tant que leurs demandes ne seront pas \u00abentendues\u00bb, fait savoir son vice-pr\u00e9sident. Les agriculteurs venus manifester mardi matin \u00e0 Paris avec au moins 350 tracteurs n\u2019en bougeront pas tant que leurs demandes n\u2019auront pas \u00e9t\u00e9 \u00abentendues\u00bb, a averti l\u2019un des vice-pr\u00e9sidents du syndicat FNSEA, organisateur de ce mouvement.<\/p>\n<p class=\"fig-paragraph\">\u00abLa r\u00e9volte paysanne red\u00e9marre aujourd\u2019hui et nous resterons ici jusqu\u2019\u00e0 ce qu\u2019on ait des r\u00e9ponses. On demande \u00e0 \u00eatre re\u00e7us par le Premier ministre. On ne bougera pas d\u2019ici tant qu\u2019on n\u2019aura pas \u00e9t\u00e9 re\u00e7us et entendus,\u00bb a d\u00e9clar\u00e9 \u00e0 ses troupes Damien Greffin, \u00e9galement responsable du syndicat pour le grand bassin parisien.<\/p>\n<p>\n        10:10\n            <\/p>\n<p class=\"fig-live-post__title\" role=\"heading\" aria-level=\"3\">La ministre de l\u2019Agriculture, Annie Genevard, promet \u00abd\u2019acc\u00e9l\u00e9rer\u00bb<\/p>\n<p class=\"fig-paragraph\">Dans un post sur X, la ministre de l\u2019Agriculture r\u00e9agit\u00a0<a href=\"https:\/\/www.lefigaro.fr\/conjoncture\/en-direct-agriculteurs-blocage-mobilisation-mercosur-accord-manifestations-colere-crise-paris-20260113\" data-fig-type=\"Live\" data-gtm-custom-categorie=\"navigation\" data-gtm-custom-action=\"crossclick\" data-gtm-custom-label=\"Contextuel\" data-gtm-event=\"customEventSPE\" data-fig-domain=\"LEFIGARO\" target=\"_blank\" rel=\"noopener\">aux mobilisations d\u2019ampleur du jour de la FNSEA et des JA<\/a>. Soulignant \u00abl\u2019inqui\u00e9tude l\u00e9gitime\u00bb des agriculteurs, la ministre appelle \u00abau calme et au respect des personnes et des biens\u00bb. Apr\u00e8s un paquet de mesures de 300 millions d\u2019euros\u00a0<a href=\"http:\/\/www.lefigaro.fr\/conjoncture\/les-300-millions-d-euros-de-nouvelles-aides-aux-agriculteurs-ne-rentreront-en-vigueur-qu-en-cas-d-adoption-du-budget-par-le-parlement-martele-sebastien-lecornu-20260110\" data-fig-type=\"NewsFlash\" data-gtm-custom-categorie=\"navigation\" data-gtm-custom-action=\"crossclick\" data-gtm-custom-label=\"Contextuel\" data-gtm-event=\"customEventSPE\" data-fig-domain=\"LEFIGARO\" target=\"_blank\" rel=\"noopener\">annonc\u00e9 vendredi pour tenter d\u2019apaiser la col\u00e8re agricole<\/a>, la ministre promet de nouvelles mesures ce mardi.<\/p>\n<p class=\"fig-paragraph\">\u00abNous allons acc\u00e9l\u00e9rer. Avec le Premier ministre et le Gouvernement, nous poursuivons le travail d\u2019\u00e9laboration de propositions concr\u00e8tes ce jour pour permettre \u00e0 ceux qui nous nourrissent de remplir leur mission\u00bb a-t-elle expliqu\u00e9 sur le r\u00e9seau social.<\/p>\n<p>\n        10:07\n            <\/p>\n<p class=\"fig-live-post__title\" role=\"heading\" aria-level=\"3\">Des membres de la Coordination rurale au sein de la manifestation<\/p>\n<p class=\"fig-paragraph\">Des agriculteurs membres du syndicat Coordination rurale \u00e9taient devant l\u2019Assembl\u00e9e ce matin, rel\u00e8ve notre journaliste Eric de la Chesnais, bien que cette manifestation se soit d\u00e9roul\u00e9e \u00e0 l\u2019appel d\u2019un autre syndicat la FNSEA. \u00abOn est multicouleur et solidaire aujourd\u2019hui exprime Antoine bonnet jaune de la Coordination Rurale. On d\u00e9fend les paysans avant tout quelle que soit leur appartenance syndicale\u00bb, explique Antoine agriculteur \u00e0 Fruges (62).<\/p>\n<p>    Antoine, agriculteur \u00e0 Fruge.<br \/>\n                Eric de la Chesnais \/ Le Figaro DR.<\/p>\n<p>\n        10:01\n            <\/p>\n<p class=\"fig-live-post__title\" role=\"heading\" aria-level=\"3\">Ambiance conviviale devant le Palais-Bourbon<\/p>\n<p class=\"fig-paragraph\">Devant l\u2019<a href=\"https:\/\/video.lefigaro.fr\/figaro\/actualite-france\/les-agriculteurs-stationnent-devant-l-assemblee-nationale-a-paris-20260113\" data-fig-type=\"Video\" data-gtm-custom-categorie=\"navigation\" data-gtm-custom-action=\"crossclick\" data-gtm-custom-label=\"Contextuel\" data-gtm-event=\"customEventSPE\" data-fig-domain=\"LEFIGARO\" target=\"_blank\" rel=\"noopener\">Assembl\u00e9e nationale<\/a>, les agriculteurs mobilis\u00e9s \u00e0 Paris prennent des caf\u00e9s et consomment des galettes sur place. Des stands ont \u00e9t\u00e9 organis\u00e9s autour du rassemblement. Les manifestants affichent des pancartes et banderoles, parmi lesquelles on peut lire\u00a0: \u00ab Fiers de vous nourrir\u00a0\u00bb, selon notre journaliste, Marie de Montalembert. L\u2019ambiance est conviviale, avec des \u00e9changes entre participants et des moments de pause devant l\u2019Assembl\u00e9e nationale.<\/p>\n<p>    Les agriculteurs devant l\u2019Assembl\u00e9e nationale.<br \/>\n                Marie de Montalembert \/ Le Figaro DR.<\/p>\n<p>\n        09:52\n            <\/p>\n<p class=\"fig-live-post__title\" role=\"heading\" aria-level=\"3\">Les agriculteurs expriment trois revendications principales devant l\u2019Assembl\u00e9e nationale<\/p>\n<p class=\"fig-paragraph\">\u00abNos demandes portent sur 3 points principaux\u00bb, exprime Damien Greffin, pr\u00e9sident de la Chambre d\u2019agriculture \u00cele-de-France, devant les applaudissements nourris des militants r\u00e9unis devant l\u2019Assembl\u00e9e Nationale, juch\u00e9 sur des bottes de paille. \u00abSur l\u2019eau on demande que les zones sensibles de captage soient mises en pause et qu\u2019on obtienne un moratoire. Elles sont compl\u00e8tement d\u00e9corr\u00e9l\u00e9es de l\u2019agronomie. On nous encadre sur des dates et sur des p\u00e9riodes. En fait il n\u2019y a plus rien de coh\u00e9rent et en tout cas on demande \u00e0 revenir sur cette disposition\u00bb.<\/p>\n<p class=\"fig-paragraph\">\u00abLe deuxi\u00e8me dossier concerne les sujets de fiscaux ou \u00e9conomiques, notamment dans cette p\u00e9riode de difficult\u00e9s de prix. Il faut qu\u2019on obtienne une d\u00e9duction fiscale li\u00e9e \u00e0 l\u2019al\u00e9a \u00e9conomique. C\u2019est quelque chose que la FNSEA porte depuis tr\u00e8s longtemps. Le troisi\u00e8me sujet concerne une loi sp\u00e9ciale agricole qui puisse emmener la pr\u00e9dation et les moyens de production, on travaille \u00e0 perte dans les c\u00e9r\u00e9ales ce n\u2019est plus possible\u00bb, a-t-il \u00e9gren\u00e9.<\/p>\n<p>    Les agriculteurs devant l\u2019Assembl\u00e9e nationale.<br \/>\n                Marie de Montalembert \/ Le Figaro DR.<\/p>\n<p>\n        09:48\n            <\/p>\n<p class=\"fig-live-post__title\" role=\"heading\" aria-level=\"3\">Plus de 500 tracteurs et 700 agriculteurs, selon les manifestants<\/p>\n<p class=\"fig-paragraph\">\u00abBravo \u00e0 tous, on est plus de 500 tracteurs, plus de 600 700, 800 agriculteurs, pouvez nous applaudir Cette mobilisation, elle a \u00e9t\u00e9 d\u00e9il\u00e9e hier matin. \u00c7a vous dit la d\u00e9termination des uns et des autres. Bravo, bravo \u00e0 tous d\u2019\u00eatre l\u00e0\u00bb, a l\u00e2ch\u00e9 Damien Greffin, organisateur de la manifestation, et pr\u00e9sident de la Chambre d\u2019Agriculture \u00cele-de-France.<\/p>\n<p class=\"fig-paragraph\">\u00abOn est dans la configuration FNSEA du Grand bassin parisien. Bien \u00e9videmment cette\u00a0<a href=\"http:\/\/www.lefigaro.fr\/actualite-france\/mobilisations-des-agriculteurs-une-centaine-de-tracteurs-attendus-a-paris-ce-mardi-20260112\" target=\"_blank\" data-fig-type=\"Article\" rel=\"noopener\" data-gtm-custom-categorie=\"navigation\" data-gtm-custom-action=\"crossclick\" data-gtm-custom-label=\"Contextuel\" data-gtm-event=\"customEventSPE\" data-fig-domain=\"LEFIGARO\">mobilisation elle s\u2019inscrit dans le mouvement national des jeunes agriculteurs<\/a>\u00a0et de la FNSEA qui a d\u00e9but\u00e9 il y a des semaines, il y a des mois\u00bb, a-t-il poursuivi, \u00e9cout\u00e9 par de nombreux agriculteurs.<\/p>\n<p>    Damien Greffin, pr\u00e9sident de la Chambre d\u2019Agriculture \u00cele de France.<br \/>\n                Eric de la Chesnais \/ Le Figaro DR.<\/p>\n<p class=\"fig-paragraph\">\u00abOn a on se disait \u00e0 quelques-uns, on a un peu l\u2019impression de r\u00e9p\u00e9ter sans arr\u00eat la m\u00eame chose tellement le cours des choses et les d\u00e9cisions dans ce pays ne se prennent pas. La r\u00e9volte paysanne, elle d\u00e9marre, elle red\u00e9marre aujourd\u2019hui et nous serons ici jusqu\u2019\u00e0 ce qu\u2019on ait des r\u00e9ponses\u00bb, a-t-il conclu.<\/p>\n<p>\n        09:45\n            <\/p>\n<p class=\"fig-live-post__title\" role=\"heading\" aria-level=\"3\">\u00abOn demande la libert\u00e9 d\u2019entreprendre\u00bb<\/p>\n<p class=\"fig-paragraph\">\u00abCe qu\u2019on demande c\u2019est essentiellement de la libert\u00e9 d\u2019entreprendre retrouver du sens \u00e0 notre m\u00e9tier. C\u2019est pas forc\u00e9ment de l\u2019argent sonnant et tr\u00e9buchant. L\u00e2chez-nous la grappe, arr\u00eater d\u2019emmerder les paysans sur des idioties administratives qui au quotidien nous p\u00e8sent, nous co\u00fbtent de l\u2019argent\u00bb, explique Luc Smessaert vice-pr\u00e9sident de la\u00a0<a href=\"https:\/\/video.lefigaro.fr\/figaro\/economie\/mobilisation-agricole-a-paris-c-est-une-reussite-souligne-le-president-de-la-fnsea-de-l-oise-20260113\" target=\"_blank\" data-fig-type=\"Video\" rel=\"noopener\" data-gtm-custom-categorie=\"navigation\" data-gtm-custom-action=\"crossclick\" data-gtm-custom-label=\"Contextuel\" data-gtm-event=\"customEventSPE\" data-fig-domain=\"LEFIGARO\">FNSEA\u00a0<\/a>et pr\u00e9sident de la Chambre d\u2019agriculture de l\u2019Oise, \u00e9leveur laitier.<\/p>\n<p class=\"fig-paragraph\">\u00abC\u2019est par exemple la directive nitrate avec la version 7, c\u2019est-\u00e0-dire qu\u2019on on a empil\u00e9 empil\u00e9 des r\u00e8gles qui n\u2019ont aucun sens. C\u2019est des \u00e9l\u00e9ments sur l\u2019eau, les aires d\u2019alimentation de captage, c\u2019est des pr\u00eats de tr\u00e9sorerie qu\u2019on n\u2019a toujours pas eu depuis un an, des pr\u00eats de consolidation. C\u2019est un ensemble d\u2019\u00e9l\u00e9ments qui font qu\u2019au quotidien, c\u2019est un m\u00e9tier qui devient invivable et donc on est d\u00e9termin\u00e9 parce qu\u2019on ne veut pas crever en silence, il faut retrouver du sens \u00e0 notre m\u00e9tier, retrouver du revenu parce que sans revenu, on ne peut pas faire ce beau m\u00e9tier\u00bb, ajoute-t-il aupr\u00e8s de notre journaliste Eric de la Chesnais.<\/p>\n<p>    Luc Smessaert \u00e0 gauche.<br \/>\n                Eric de la Chesnais \/ Le Figaro DR.<\/p>\n<p class=\"fig-paragraph\">\u00abLa troisi\u00e8me lettre en un mois C\u2019est juste flou et puis arr\u00eatez de faire croire aux Fran\u00e7ais que vous allez nous donner de l\u2019argent sans cesse. La fameuse annonce des 300 millions c\u2019est du recyclage, des choses qui sont annonc\u00e9es depuis des mois. Il y a \u00e0 peine 30 \u00e0 40 millions sur les 300 millions annonc\u00e9s qui sont de l\u2019argent frais, le reste c\u2019est du vieux recycl\u00e9\u00bb.<\/p>\n<p>\n        08:37\n            <\/p>\n<p class=\"fig-live-post__title\" role=\"heading\" aria-level=\"3\">Les agriculteurs quittent leur tracteur pour prendre un caf\u00e9 ou rejoindre l\u2019Assembl\u00e9e nationale<\/p>\n<p class=\"fig-paragraph\">Tous les agriculteurs mobilis\u00e9s \u00e0 Paris sont entr\u00e9s dans la capitale et la t\u00eate de cort\u00e8ge a atteint l\u2019Assembl\u00e9e nationale. Les tracteurs forment d\u00e9sormais une longue file du quai d\u2019Orsay jusqu\u2019\u00e0 l\u2019\u00c9toile, selon un agriculteur.<\/p>\n<p class=\"fig-paragraph\">Les manifestants ont quitt\u00e9 leurs v\u00e9hicules, ferm\u00e9 leurs tracteurs \u00e0 cl\u00e9 et se dirigent vers les caf\u00e9s ou, comme l\u2019ironise un jeune agriculteur, pour prendre l\u2019ap\u00e9ro\u00a0: \u00abOn est debout depuis 1\u202fheure du matin quand m\u00eame.\u00bb D\u2019autres manifestants vont rejoindre \u00e0 pied l\u2019Assembl\u00e9e nationale. Malgr\u00e9 l\u2019arr\u00eat des tracteurs, l\u2019ambiance reste d\u00e9tendue et aucun incident n\u2019est signal\u00e9 pour le moment.<\/p>\n<p>    Les manifestants quittent leur tracteur pour se sustinter.<br \/>\n                Marie de MONTALEMBERT DE CERS \/ LE FIGARO<\/p>\n<p>\n        08:33\n            <\/p>\n<p class=\"fig-live-post__title\" role=\"heading\" aria-level=\"3\">\u00abC\u2019est une r\u00e9ussite\u00bb, a soulign\u00e9 le pr\u00e9sident de la FNSEA de l\u2019Oise<\/p>\n<p class=\"fig-paragraph\">R\u00e9gis Desrumaux, pr\u00e9sident de la\u00a0<a href=\"http:\/\/www.lefigaro.fr\/actualite-france\/mercosur-en-colere-contre-macron-la-fnsea-appelle-a-une-journee-de-mobilisation-mercredi-20251109\" data-fig-type=\"NewsFlash\" data-gtm-custom-categorie=\"navigation\" data-gtm-custom-action=\"crossclick\" data-gtm-custom-label=\"Contextuel\" data-gtm-event=\"customEventSPE\" data-fig-domain=\"LEFIGARO\" target=\"_blank\" rel=\"noopener\">FNSEA<\/a>\u00a0de l\u2019Oise, venu en tracteur de sa ferme laiti\u00e8re, a expliqu\u00e9 \u00e0 notre envoy\u00e9 sp\u00e9cial Eric de la Chesnais pourquoi il a particip\u00e9 \u00e0 la manifestation ce mardi 13 janvier \u00e0 Paris. \u00abOn demande de desserrer la vis des normes et des contraintes\u00bb, s\u2019est-il insurg\u00e9. Il a aussi mis en avant l\u2019ampleur de la mobilisation \u00e0 Paris. \u00abEn deux jours de temps, c\u2019est une r\u00e9ussite\u00bb, a soulign\u00e9 l\u2019agriculteur.<\/p>\n<p>\n        08:21\n            <\/p>\n<p class=\"fig-live-post__title\" role=\"heading\" aria-level=\"3\">La mobilisation des agriculteurs engendre aussi des perturbations sur les routes franciliennes<\/p>\n<p class=\"fig-paragraph\">Du monde sur les routes. Ce mardi, la mobilisation des agriculteurs perturbe la circulation en \u00cele-de-France, selon Sytadin, le service d\u00e9di\u00e9 de la Direction des routes de la r\u00e9gion. A 8h20, 395km d\u2019embouteillages \u00e9taient r\u00e9pertori\u00e9s sur les axes, ainsi, un niveau inhabituellement \u00e9lev\u00e9 et en hausse. Le centre de Paris, notamment &#8211; les Champs-\u00c9lys\u00e9es et les routes autour du Louvre et de Ch\u00e2telet &#8211; \u00e9tait particuli\u00e8rement charg\u00e9.<\/p>\n<p>    395km d\u2019embouteillages \u00e0 8h20.<br \/>\n                Capture d\u2019\u00e9cran Sytadin.<\/p>\n<p>\n        08:13\n            <\/p>\n<p class=\"fig-live-post__title\" role=\"heading\" aria-level=\"3\">Le gouvernement envisage de nouvelles annonces<\/p>\n<p class=\"fig-paragraph\">La porte-parole du gouvernement Maud Bregeon a assur\u00e9 que les annonces d\u00e9j\u00e0 faites aux agriculteurs, \u00e0 nouveau mobilis\u00e9s mardi, ne valaient \u00abpas solde de tout compte\u00bb et que \u00able dialogue et les \u00e9changes continuent\u00bb. \u00abCe qui a \u00e9t\u00e9 mis sur la table par le gouvernement n\u2019est pas pour solde de tout compte, mais on a besoin de continuer \u00e0 discuter\u00bb, a-t-elle affirm\u00e9 sur TF1.<\/p>\n<p class=\"fig-paragraph\">Parmi les sujets qui pourraient faire l\u2019objet de nouvelles annonces, Maud Bregeon a cit\u00e9 \u00abla transmission, la question des revenus, la question de l\u2019eau, de l\u2019adaptation au changement climatique\u00bb. \u00abLa liste est \u00e9videmment non exhaustive\u00bb, a-t-elle compl\u00e9t\u00e9. La mobilisation mardi se fait cette fois \u00e0 l\u2019appel de la\u00a0<a href=\"http:\/\/www.lefigaro.fr\/conjoncture\/des-annonces-concretes-pour-les-agriculteurs-seront-annoncees-par-sebastien-lecornu-d-ici-a-vendredi-selon-la-fnsea-20260106\" target=\"_blank\" data-fig-type=\"NewsFlash\" rel=\"noopener\" data-gtm-custom-categorie=\"navigation\" data-gtm-custom-action=\"crossclick\" data-gtm-custom-label=\"Contextuel\" data-gtm-event=\"customEventSPE\" data-fig-domain=\"LEFIGARO\">FNSEA<\/a>\u00a0et des Jeunes Agriculteurs pour exiger des \u00abactes concrets et imm\u00e9diats\u00bb du gouvernement qui peine \u00e0 faire face \u00e0 la col\u00e8re agricole.<\/p>\n<p>\n        08:07\n            <\/p>\n<p class=\"fig-live-post__title\" role=\"heading\" aria-level=\"3\">Les 350 agriculteurs en tracteur sont entr\u00e9s dans la capitale<\/p>\n<p class=\"fig-paragraph\">Le dernier bilan de la pr\u00e9fecture de police \u00e0 7h50 indique que l\u2019ensemble des agriculteurs en tracteur, soit environ 350, ont p\u00e9n\u00e9tr\u00e9 dans la capitale. Les fins de cort\u00e8ge quittent la Porte Dauphine en direction du Quai d\u2019Orsay, o\u00f9 250 tracteurs les attendent d\u00e9j\u00e0.<\/p>\n<p>\n        07:56\n            <\/p>\n<p class=\"fig-live-post__title\" role=\"heading\" aria-level=\"3\">\u00abOn est venus pour essayer de faire bouger les choses\u00bb : le t\u00e9moignage de Corentin, agriculteur de 24\u202fans<\/p>\n<p class=\"fig-paragraph\">Parmi les rangs des manifestants ce matin \u00e0 Paris, Corentin Le Vacher, 24\u202fans, fils d\u2019agriculteur en\u00a0<a href=\"http:\/\/www.lefigaro.fr\/actualite-france\/eure-et-loir-un-couple-d-octogenaires-retrouve-mort-la-piste-du-feminicide-suivi-d-un-suicide-privilegiee-20251212\" target=\"_blank\" data-fig-type=\"NewsFlash\" rel=\"noopener\" data-gtm-custom-categorie=\"navigation\" data-gtm-custom-action=\"crossclick\" data-gtm-custom-label=\"Contextuel\" data-gtm-event=\"customEventSPE\" data-fig-domain=\"LEFIGARO\">Eure\u2011et\u2011Loir<\/a>. \u00abMon p\u00e8re cultive des c\u00e9r\u00e9ales, des betteraves et des pommes de terre\u00bb, explique celui qui manifeste pour la deuxi\u00e8me fois apr\u00e8s un d\u00e9placement \u00e0 Bruxelles en d\u00e9cembre.<\/p>\n<p class=\"fig-body-link\">\n            \u00c0 lire aussi<br \/>\n        <a class=\"fig-body-link__link fig-premium-mark\" href=\"http:\/\/www.lefigaro.fr\/politique\/sur-l-a64-bloquee-par-les-tracteurs-gabriel-attal-tente-de-rallier-a-lui-les-agriculteurs-20240126\" data-fig-type=\"Article\" data-gtm-custom-categorie=\"navigation\" data-gtm-custom-action=\"crossclick\" data-gtm-custom-label=\"Contextuel\" data-gtm-event=\"customEventSPE\" data-fig-domain=\"LEFIGARO\" target=\"_blank\" rel=\"noopener\"><\/p>\n<p>        Sur l\u2019A64 bloqu\u00e9e par les tracteurs, Gabriel Attal tente de rallier \u00e0 lui les agriculteurs<br \/>\n    <\/a>\n<\/p>\n<p class=\"fig-paragraph\">\u00abOn vient \u00e0 Paris pour essayer de faire bouger les choses, m\u00eame si on ne pense pas que \u00e7a bouge. Dans notre r\u00e9gion, avec les cultures industrielles, on s\u2019en sort plut\u00f4t bien, mais c\u2019est aussi pour les r\u00e9gions du Sud, qui ont plus de mal avec des rendements plus faibles\u00bb, indique Corentin Le Vacher.<\/p>\n<p>    Corentin Le Vacher, fils d\u2019agruculteur, manifeste \u00e0 Paris ce 13 janvier 2026.<br \/>\n                Marie de MONTALEMBERT DE CERS \/ LE FIGARO<\/p>\n<p class=\"fig-paragraph\">\u00abOn attend des vraies actions, que \u00e7a bouge vraiment beaucoup. Ce qu\u2019on attend, c\u2019est\u201cplus de marge, moins de charges\u201d\u00bb, scande-t-il. \u00abMoi, personnellement, je ne suis pas vraiment syndiqu\u00e9. Les normes en vrai on s\u2019en fout tant qu\u2019on est r\u00e9mun\u00e9r\u00e9 pour notre travail\u00bb, poursuit-il.<\/p>\n<p class=\"fig-paragraph\">Corentin Le Vacher d\u00e9plore aussi la charge de travail et le manque de reconnaissance\u00a0: \u00abQuelqu\u2019un veut un salari\u00e9 qui ferait 50\u202fheures par semaine\u2026 alors que nous avec les contraintes que l\u2019on a, on m\u00e9rite d\u2019avoir quand m\u00eame un salaire en cons\u00e9quence, afin de pouvoir s\u2019en sortir.\u00bb<\/p>\n<p>    Sur son tracteur, on peut lire \u00abTrump vient chercher Macron, on en a marre\u00bb.<br \/>\n                Marie de MONTALEMBERT DE CERS \/ LE FIGARO<\/p>\n<p>\n        07:50\n            <\/p>\n<p class=\"fig-live-post__title\" role=\"heading\" aria-level=\"3\">Porte Dauphine, Champs-\u00c9lys\u00e9es, Assembl\u00e9e nationale&#8230; Les images de la mobilisation agricole \u00e0 Paris<\/p>\n<p class=\"fig-paragraph\">Une quinzaine de tracteurs ont parcouru les grandes art\u00e8res de la capitale de la Porte Dauphine aux Champs-\u00c9lys\u00e9es jusqu\u2019\u00e0 l\u2019Assembl\u00e9e nationale. Le parcours de cette nouvelle mobilisation agricole dans Paris a \u00e9t\u00e9 \u00abvalid\u00e9\u00bb par le pr\u00e9fet de Police selon un communiqu\u00e9.<\/p>\n<p>\n        07:49\n            <\/p>\n<p class=\"fig-live-post__title\" role=\"heading\" aria-level=\"3\">Le barrage de l\u2019A64 en cours de d\u00e9mant\u00e8lement par les forces de l\u2019ordre<\/p>\n<p class=\"fig-paragraph\">Le barrage que tiennent les agriculteurs depuis un mois sur l\u2019<a href=\"http:\/\/www.lefigaro.fr\/actualite-france\/on-a-des-producteurs-qui-crevent-nouvelles-actions-d-agriculteurs-en-occitanie-le-blocage-de-l-a64-persiste-20251230\" target=\"_blank\" data-fig-type=\"NewsFlash\" rel=\"noopener\" data-gtm-custom-categorie=\"navigation\" data-gtm-custom-action=\"crossclick\" data-gtm-custom-label=\"Contextuel\" data-gtm-event=\"customEventSPE\" data-fig-domain=\"LEFIGARO\">A64<\/a>\u00a0pr\u00e8s de Toulouse est en cours de d\u00e9mant\u00e8lement mardi matin par les forces de l\u2019ordre, a-t-on appris de sources concordantes. \u00abNous sommes encercl\u00e9s par les gendarmes\u00bb, a d\u00e9clar\u00e9 par t\u00e9l\u00e9phone \u00e0 l\u2019AFP J\u00e9r\u00f4me Bayle, porte-voix des \u00abUltras de l\u2019A64\u00bb qui tiennent ce barrage depuis le 12 d\u00e9cembre.<\/p>\n<p class=\"fig-body-link\">\n            \u00c0 lire aussi<br \/>\n        <a class=\"fig-body-link__link fig-premium-mark\" href=\"http:\/\/www.lefigaro.fr\/actualite-france\/ici-debute-la-resistance-europeenne-les-ultras-de-l-a64-tentent-une-convergence-des-luttes-avec-les-agriculteurs-espagnols-20240604\" data-fig-type=\"Article\" data-gtm-custom-categorie=\"navigation\" data-gtm-custom-action=\"crossclick\" data-gtm-custom-label=\"Contextuel\" data-gtm-event=\"customEventSPE\" data-fig-domain=\"LEFIGARO\" target=\"_blank\" rel=\"noopener\"><\/p>\n<p>        Les \u00abUltras de l\u2019A64\u00bb tentent une convergence des luttes avec les agriculteurs espagnols\u00a0: \u00abIci d\u00e9bute la r\u00e9sistance europ\u00e9enne\u00bb<br \/>\n    <\/a>\n<\/p>\n<p class=\"fig-paragraph\">Les blind\u00e9s des forces de l\u2019ordre d\u00e9ploy\u00e9s en nombre \u00e0 partir de 4 heures du matin, maintiennent les journalistes \u00e0 l\u2019\u00e9cart du barrage, a constat\u00e9 l\u2019AFP. J\u00e9r\u00f4me Bayle, \u00e9leveur de Haute-Garonne, sur place avec une cinquantaine d\u2019agriculteurs a rapport\u00e9 que les v\u00e9hicules de gendarmerie ont d\u00e9truit le mur de bottes de paille \u00e9rig\u00e9 en travers de l\u2019autoroute Toulouse-Bayonne, coup\u00e9e dans les deux sens depuis un mois \u00e0 hauteur de la sortie 27 \u00e0 Carbonne (Haute-Garonne).<\/p>\n<p class=\"fig-paragraph\">\u00abOn ne veut pas d\u2019affrontement avec les gendarmes, mais on r\u00e9siste\u00bb, a ajout\u00e9 Bertrand Loup, autre cadre des \u00abUltras de l\u2019A64\u00bb, pr\u00e9sent sur le barrage mardi matin. Il a pr\u00e9cis\u00e9 \u00e0 l\u2019AFP que les agriculteurs invitaient le pr\u00e9fet de Haute-Garonne \u00e0 venir sur place pour \u00abdiscuter\u00bb.<\/p>\n<p>\n        07:43\n            <\/p>\n<p class=\"fig-live-post__title\" role=\"heading\" aria-level=\"3\">\u00abOn nous demande de faire mieux avec moins de solutions\u00bb : le ras-le-bol d\u2019un agriculteur mobilis\u00e9 \u00e0 Paris<\/p>\n<p class=\"fig-paragraph\">Pr\u00e9sent ce matin \u00e0 Paris, Damien, agriculteur depuis vingt ans, dit participer \u00e0 \u00absa premi\u00e8re manifestation de l\u2019ann\u00e9e mais loin d\u2019\u00eatre la premi\u00e8re de sa vie\u00bb. \u00abOn nous demande de faire mieux, mais avec forc\u00e9ment moins de solutions\u00bb, d\u00e9plore-t-il. \u00abOn a fait plus propre, on a accept\u00e9 les efforts, et aujourd\u2019hui on nous dit qu\u2019on ne respecte aucune norme.\u00bb<\/p>\n<p class=\"fig-body-link\">\n            \u00c0 lire aussi<br \/>\n        <a class=\"fig-body-link__link fig-premium-mark\" href=\"http:\/\/www.lefigaro.fr\/conjoncture\/pourquoi-l-agriculture-francaise-est-elle-en-crise-la-reponse-en-quatre-infographies-20260113\" data-fig-type=\"NewsFlash\" data-gtm-custom-categorie=\"navigation\" data-gtm-custom-action=\"crossclick\" data-gtm-custom-label=\"Contextuel\" data-gtm-event=\"customEventSPE\" data-fig-domain=\"LEFIGARO\" target=\"_blank\" rel=\"noopener\"><\/p>\n<p>        Pourquoi l\u2019agriculture fran\u00e7aise est-elle en crise\u00a0? La r\u00e9ponse en quatre infographies<br \/>\n    <\/a>\n<\/p>\n<p class=\"fig-paragraph\">Il fustige une situation qu\u2019il juge incoh\u00e9rente\u00a0: \u00abOn estime avoir fait des efforts, et puis on va chercher ailleurs, moins cher.\u00bb Interrog\u00e9 sur la possibilit\u00e9 de vivre de son m\u00e9tier, l\u2019agriculteur se montre amer. \u00abEst-ce qu\u2019on peut vivre en \u00e9tant agriculteur\u00a0? Oui\u2026 mais \u00e0 quel prix\u00bb, lance-t-il. \u00ab\u00c7a fait vingt ans que je fais 85 \u00e0 90 heures par semaine, je devrais \u00eatre \u00e0 la retraite depuis longtemps \u00e0 ce rythme\u00bb, ajoute-t-il, avant de temp\u00e9rer\u00a0: \u00abLe rythme de vie reste quand m\u00eame difficilement acceptable sur la dur\u00e9e.\u00bb<\/p>\n<p>    Damien, agriculteur depuis vingt ans, participe \u00e0 la manifestation.<br \/>\n                Marie de MONTALEMBERT DE CERS \/ LE FIGARO<\/p>\n<p>\n        07:32\n            <\/p>\n<p class=\"fig-live-post__title\" role=\"heading\" aria-level=\"3\">Les ponts de l\u2019Alma, des Invalides, Alexandre III et de la Concorde ferm\u00e9s \u00e0 la circulation<\/p>\n<p class=\"fig-paragraph\">Le pont de la Concorde est totalement ferm\u00e9 \u00e0 toute circulation, y compris pi\u00e9tonne, rapporte\u00a0<a href=\"https:\/\/www.lefigaro.fr\/auteur\/eric-de-la-chesnais?msockid=060a16edb14f668702d7000db0516770\" target=\"_blank\" rel=\"nofollow noopener\" data-gtm-custom-categorie=\"navigation\" data-gtm-custom-action=\"crossclick\" data-gtm-custom-label=\"Contextuel\" data-gtm-event=\"customEventSPE\">Eric de la Chesnais<\/a>, notre journaliste sur place.<\/p>\n<p class=\"fig-paragraph\">Le pont de l\u2019Alma, sur lequel d\u00e9filent de nombreux agriculteurs dans leur tracteur, est \u00e9galement ferm\u00e9 \u00e0 la circulation, ainsi que le pont des Invalides et le pont Alexandre III.<\/p>\n<p class=\"fig-body-link\">\n            \u00c0 lire aussi<br \/>\n        <a class=\"fig-body-link__link\" href=\"http:\/\/www.lefigaro.fr\/politique\/agriculture-le-gouvernement-promet-des-mesures-de-soutien-en-janvier-20260102\" data-fig-type=\"NewsFlash\" data-gtm-custom-categorie=\"navigation\" data-gtm-custom-action=\"crossclick\" data-gtm-custom-label=\"Contextuel\" data-gtm-event=\"customEventSPE\" data-fig-domain=\"LEFIGARO\" target=\"_blank\" rel=\"noopener\"><\/p>\n<p>        Agriculture: le gouvernement promet des mesures de soutien en janvier<br \/>\n    <\/a>\n<\/p>\n<p class=\"fig-paragraph\">Rive gauche, la circulation est tr\u00e8s difficile du pont de l\u2019Alma \u00e0 celui de la Concorde rive Gauche. Toutes les travers\u00e9es de la Seine sont interdites aux v\u00e9hicules.<\/p>\n<p>    \u00abStop aux politiques p\u00e9nalisantes et punitives\u00bb, peut-on lire \u00e0 l\u2019avant d\u2019un tracteur qui fait face aux Gendarmes Mobiles, devant l\u2019Assembl\u00e9e Nationale.<br \/>\n                Eric DE LA CHESNAIS \/ LE FIGARO<\/p>\n<p>\n        07:20\n            <\/p>\n<p class=\"fig-live-post__title\" role=\"heading\" aria-level=\"3\">\u00abLes policiers nous comprennent, en g\u00e9n\u00e9ral \u00e7a se passe toujours bien\u00bb, affirme une agricultrice<\/p>\n<p class=\"fig-paragraph\">Les tracteurs des agriculteurs arrivent \u00e0 l\u2019Arc de Triomphe ce mardi matin, arborant des drapeaux fran\u00e7ais et des pancartes. Parmi les slogans visibles\u00a0: \u00abAgriculteurs\u00a0? Enfant on en r\u00eave, adulte on en cr\u00e8ve\u00bb.<\/p>\n<p class=\"fig-paragraph\">Les manifestants klaxonnent en rythme, reprenant des airs de musiques connues comme \u00abBella ciao\u00bb, dans une ambiance quasi festive, relate Marie de Montalembert de Cers, notre journaliste sur place. Aucun incident n\u2019est signal\u00e9 par les forces de l\u2019ordre. Une agricultrice affirme sur place\u00a0: \u00abLes policiers nous comprennent, en g\u00e9n\u00e9ral \u00e7a se passe toujours bien.\u00bb<\/p>\n<p>    Des tracteurs devant l\u2019Arc de Triomphe.<br \/>\n                Marie de MONTALEMBERT DE CERS \/ LE FIGARO<\/p>\n<p>\n        07:14\n            <\/p>\n<p class=\"fig-live-post__title\" role=\"heading\" aria-level=\"3\">150 tracteurs sont entr\u00e9s dans Paris par la Porte Dauphine, selon la pr\u00e9fecture de police<\/p>\n<p class=\"fig-paragraph\">Pour le moment, environ 350 tracteurs ont \u00e9t\u00e9 recens\u00e9s au total pour participer \u00e0 la manifestation \u00e0 Paris, en provenance du nord de la France, de l\u2019Eure-et-Loir, du Loiret et des d\u00e9partements de la grande couronne, selon la pr\u00e9fecture de police.<\/p>\n<p class=\"fig-body-link\">\n            \u00c0 lire aussi<br \/>\n        <a class=\"fig-body-link__link\" href=\"http:\/\/www.lefigaro.fr\/actualite-france\/pas-de-clap-de-fin-prevu-les-images-des-agriculteurs-mobilises-sur-l-a1-contre-le-mercosur-20260112\" data-fig-type=\"NewsFlash\" data-gtm-custom-categorie=\"navigation\" data-gtm-custom-action=\"crossclick\" data-gtm-custom-label=\"Contextuel\" data-gtm-event=\"customEventSPE\" data-fig-domain=\"LEFIGARO\" target=\"_blank\" rel=\"noopener\"><\/p>\n<p>        \u00abPas de clap de fin pr\u00e9vu\u00bb\u00a0: les images des agriculteurs mobilis\u00e9s sur l\u2019A1 contre le Mercosur<br \/>\n    <\/a>\n<\/p>\n<p class=\"fig-paragraph\">Pas moins de 150 tracteurs sont d\u2019ores et d\u00e9j\u00e0 entr\u00e9s dans Paris par la Porte Dauphine et se dirigent vers le Quai d\u2019Orsay. La situation est calme selon la pr\u00e9fecture, qui n\u2019a pour le moment recens\u00e9 aucun incident.<\/p>\n<p>\n        07:03\n            <\/p>\n<p class=\"fig-live-post__title\" role=\"heading\" aria-level=\"3\">\u00abOn ne peut plus supporter cette pression\u00bb : les agriculteurs d\u00e9noncent normes et concurrence \u00e9trang\u00e8re<\/p>\n<p class=\"fig-paragraph\">Parmi les manifestants arriv\u00e9s ce matin \u00e0 Paris, Guillaume Pierrat, agriculteur dans l\u2019<a href=\"https:\/\/video.lefigaro.fr\/figaro\/faits-divers\/aisne-un-professeur-d-histoire-geographie-place-en-garde-a-vue-pour-une-relation-sexuelle-avec-une-collegienne-de-14-ans-20260106\" target=\"_blank\" data-fig-type=\"Video\" rel=\"noopener\" data-gtm-custom-categorie=\"navigation\" data-gtm-custom-action=\"crossclick\" data-gtm-custom-label=\"Contextuel\" data-gtm-event=\"customEventSPE\" data-fig-domain=\"LEFIGARO\">Aisne<\/a>, pr\u00e8s de\u00a0<a href=\"http:\/\/www.lefigaro.fr\/faits-divers\/hommage-national-aux-pompiers-decedes-dans-un-incendie-a-laon-20250616\" target=\"_blank\" data-fig-type=\"NewsFlash\" rel=\"noopener\" data-gtm-custom-categorie=\"navigation\" data-gtm-custom-action=\"crossclick\" data-gtm-custom-label=\"Contextuel\" data-gtm-event=\"customEventSPE\" data-fig-domain=\"LEFIGARO\">Laon<\/a>, d\u00e9nonce une mobilisation devenue r\u00e9currente. \u00abOn a beaucoup de revendications, particuli\u00e8rement contre le Mercosur et les distorsions de concurrence. On met de plus en plus de normes \u00e0 la production fran\u00e7aise et, \u00e0 c\u00f4t\u00e9, on importe des produits qui ne respectent pas du tout ces normes-l\u00e0.\u00bb<\/p>\n<p class=\"fig-body-link\">\n            \u00c0 lire aussi<br \/>\n        <a class=\"fig-body-link__link fig-premium-mark\" href=\"http:\/\/www.lefigaro.fr\/politique\/pourquoi-les-politiques-defendent-les-agriculteurs-mais-pas-les-medecins-20260110\" data-fig-type=\"Article\" data-gtm-custom-categorie=\"navigation\" data-gtm-custom-action=\"crossclick\" data-gtm-custom-label=\"Contextuel\" data-gtm-event=\"customEventSPE\" data-fig-domain=\"LEFIGARO\" target=\"_blank\" rel=\"noopener\"><\/p>\n<p>        Pourquoi les politiques d\u00e9fendent les agriculteurs mais pas les m\u00e9decins<br \/>\n    <\/a>\n<\/p>\n<p class=\"fig-paragraph\">L\u2019agriculteur dit ne \u00abm\u00eame plus pouvoir compter le nombre de manifestations\u00bb, \u00e9voquant \u00abs\u00fbrement la sixi\u00e8me depuis le d\u00e9but de l\u2019ann\u00e9e\u00bb. Objectif affich\u00e9 du convoi\u00a0: \u00abLe point d\u2019arriv\u00e9e, c\u2019est l\u2019Assembl\u00e9e nationale.\u00bb Il plaide pour \u00abune loi sp\u00e9ciale sur l\u2019agriculture, comme la loi Notre-Dame, pour avoir tout le monde autour de la table et obtenir des r\u00e9sultats rapidement\u00bb. \u00abAujourd\u2019hui, on a la capacit\u00e9 d\u2019investir des milliers d\u2019euros, il faut qu\u2019on avance\u00bb, insiste-t-il.<\/p>\n<p>    Charlotte Vassant et Guillaume Pierrat \u00e0 Paris, le 13 janvier 2026.<br \/>\n                Marie de MONTALEMBERT DE CERS \/ LE FIGARO<\/p>\n<p class=\"fig-paragraph\">M\u00eame lassitude chez Charlotte Vassant, pr\u00e9sidente de l\u2019Union des syndicats agricoles de l\u2019Aisne. \u00abOn attend un durcissement. On n\u2019en peut plus\u00bb, affirme-t-elle, d\u00e9non\u00e7ant un secteur \u00abmis sous cloche\u00bb. \u00abUn tiers du monde agricole est en zone sensible, \u00e0 cause des mesures franco-fran\u00e7aises, et \u00e7a, on refuse totalement. On nous interdit aujourd\u2019hui de travailler l\u00e0 o\u00f9 on travaillait depuis des si\u00e8cles, alors qu\u2019on n\u2019apporte pas de pollution. On doit pouvoir vivre dignement de notre m\u00e9tier.\u00bb Et de conclure\u00a0: \u00abTrois \u00e0 quatre points de PIB sont sous contr\u00f4le. On ne peut pas supporter cette pression-l\u00e0, alors qu\u2019il n\u2019y a aucun contr\u00f4le sur ce qui vient de l\u2019ext\u00e9rieur de l\u2019Europe.\u00bb<\/p>\n<p>\n        06:56\n            <\/p>\n<p class=\"fig-live-post__title\" role=\"heading\" aria-level=\"3\">De la porte Dauphine au quai d\u2019Orsay, l\u2019itin\u00e9raire des agriculteurs pour le grand rassemblement de ce mardi<\/p>\n<p class=\"fig-paragraph\">Un communiqu\u00e9 de presse de la pr\u00e9fecture de police de Paris d\u00e9taille le trajet qu\u2019emprunteront les agriculteurs dans la journ\u00e9e. \u00abLe\u00a0<a href=\"http:\/\/www.lefigaro.fr\/actualite-france\/la-police-tue-le-prefet-de-police-de-paris-depose-plainte-apres-des-propos-anti-policiers-d-un-depute-lfi-20250822\" data-fig-type=\"NewsFlash\" data-gtm-custom-categorie=\"navigation\" data-gtm-custom-action=\"crossclick\" data-gtm-custom-label=\"Contextuel\" data-gtm-event=\"customEventSPE\" data-fig-domain=\"LEFIGARO\" target=\"_blank\" rel=\"noopener\">pr\u00e9fet de police<\/a>\u00a0a valid\u00e9 l\u2019itin\u00e9raire propos\u00e9 par les organisateurs qui, r\u00e9ciproquement, se sont engag\u00e9s \u00e0 se conformer aux consignes de s\u00e9curit\u00e9 qui leur seront donn\u00e9es\u00bb, pr\u00e9cise le communiqu\u00e9.<\/p>\n<p class=\"fig-paragraph\">Ce matin, le cort\u00e8ge a quitt\u00e9 la porte Dauphine avant de remonter successivement l\u2019avenue Foch et l\u2019avenue des Champs-\u00c9lys\u00e9es. Les tracteurs suivront ensuite l\u2019avenue George-V et emprunteront le pont de l\u2019Alma avant de rejoindre le lieu du rassemblement qui se tiendra sur le quai d\u2019Orsay, \u00abentre le pont Alexandre-III et la rue Aristide-Briand, jusqu\u2019aux environs de 18h\u00bb.<\/p>\n<p class=\"fig-body-link\">\n            \u00c0 lire aussi<br \/>\n        <a class=\"fig-body-link__link fig-premium-mark\" href=\"http:\/\/www.lefigaro.fr\/actualite-france\/mobilisations-des-agriculteurs-une-centaine-de-tracteurs-attendus-a-paris-ce-mardi-20260112\" data-fig-type=\"Article\" data-gtm-custom-categorie=\"navigation\" data-gtm-custom-action=\"crossclick\" data-gtm-custom-label=\"Contextuel\" data-gtm-event=\"customEventSPE\" data-fig-domain=\"LEFIGARO\" target=\"_blank\" rel=\"noopener\"><\/p>\n<p>        Mobilisations des agriculteurs\u00a0: plusieurs centaines de tracteurs attendus \u00e0 Paris ce mardi<br \/>\n    <\/a>\n<\/p>\n<p class=\"fig-paragraph\">\u00abLe pont de la Concorde et le quai d\u2019Orsay seront ferm\u00e9s \u00e0 la circulation pendant toute la dur\u00e9e du rassemblement\u00bb, rappelle la pr\u00e9fecture de police.<\/p>\n<p>    Les tracteurs arrivent sur le rond-point de l\u2019\u00c9toile, le 13 janvier 2026.<br \/>\n                Marie de MONTALEMBERT DE CERS \/ LE FIGARO<\/p>\n<p class=\"fig-paragraph\">\u00c0 18h, les agriculteurs reformeront un cort\u00e8ge qui empruntera<br \/>\u00able cour Albert-1er, la voie Georges-Pompidou puis l\u2019avenue de Versailles pour quitter Paris par la porte de Saint-Cloud\u00bb.<\/p>\n<p>\n        06:43\n            <\/p>\n<p class=\"fig-live-post__title\" role=\"heading\" aria-level=\"3\">Les agriculteurs remontent l\u2019avenue des Champs-\u00c9lys\u00e9es<\/p>\n<p class=\"fig-paragraph\">Les agriculteurs sont de plus en plus nombreux et continuent d\u2019arriver en force ce mardi matin. Vers 6h30, les premi\u00e8res d\u00e9tonations de p\u00e9tards agricoles se sont fait entendre avenue Foch, en direction de l\u2019Arc de triomphe.<\/p>\n<p>    Les tracteurs remontant l\u2019avenue Foch, le 13 janvier 2026.<br \/>\n                Marie de MONTALEMBERT DE CERS \/ LE FIGARO<\/p>\n<p>\n        06:18\n            <\/p>\n<p class=\"fig-live-post__title\" role=\"heading\" aria-level=\"3\">Des tracteurs sont \u00e0 la porte Dauphine, entre drapeaux fran\u00e7ais et coups de klaxon<\/p>\n<p class=\"fig-paragraph\">Des tracteurs sont arriv\u00e9s porte Dauphine, dans l\u2019ouest de Paris, peu apr\u00e8s 6 heures ce matin.\u00a0<a href=\"http:\/\/www.lefigaro.fr\/actualite-france\/pas-de-clap-de-fin-prevu-les-images-des-agriculteurs-mobilises-sur-l-a1-contre-le-mercosur-20260112\" data-fig-type=\"NewsFlash\" data-gtm-custom-categorie=\"navigation\" data-gtm-custom-action=\"crossclick\" data-gtm-custom-label=\"Contextuel\" data-gtm-event=\"customEventSPE\" data-fig-domain=\"LEFIGARO\" target=\"_blank\" rel=\"noopener\">Les agriculteurs<\/a>\u00a0sont \u00e0 bord de leurs tracteurs, arborent des drapeaux tricolores et klaxonnant \u00e0 leur arriv\u00e9e, nous rapporte notre journaliste sur place Marie de Montalembert de Cers. La circulation avenue Foch est ferm\u00e9e.<\/p>\n<p>    Des tracteurs sont arriv\u00e9s porte Dauphine, dans l\u2019ouest de Paris, peu apr\u00e8s 6 heures ce mardi matin.<br \/>\n                Marie de MONTALEMBERT DE CERS \/ LE FIGARO<\/p>\n<p>\n        06:11\n            <\/p>\n<p class=\"fig-live-post__title\" role=\"heading\" aria-level=\"3\">Des tracteurs de l\u2019Oise arrivent porte de la Chapelle<\/p>\n<p class=\"fig-paragraph\">Des tracteurs de l\u2019Oise arrivent actuellement\u00a0<a href=\"http:\/\/www.lefigaro.fr\/actualite-france\/autour-de-la-porte-de-la-chapelle-la-crainte-d-un-retour-brutal-a-la-realite-20240815\" data-fig-type=\"Article\" data-gtm-custom-categorie=\"navigation\" data-gtm-custom-action=\"crossclick\" data-gtm-custom-label=\"Contextuel\" data-gtm-event=\"customEventSPE\" data-fig-domain=\"LEFIGARO\" target=\"_blank\" rel=\"noopener\">porte de la Chapelle<\/a>, dans le 18e arrondissement de Paris, nous indique notre journaliste sur place \u00c9ric de La Chesnais.<\/p>\n<p>\n        06:04\n            <\/p>\n<p class=\"fig-live-post__title\" role=\"heading\" aria-level=\"3\">Des premiers tracteurs de la FNSEA et des Jeunes Agriculteurs sont entr\u00e9s dans Paris<\/p>\n<p class=\"fig-paragraph\">Une quinzaine de tracteurs de la\u00a0<a href=\"http:\/\/www.lefigaro.fr\/actualite-france\/manifestation-des-agriculteurs-on-reviendra-s-il-y-a-besoin-cet-hiver-previent-arnaud-rousseau-fnsea-a-versailles-20250926\" data-fig-type=\"NewsFlash\" data-gtm-custom-categorie=\"navigation\" data-gtm-custom-action=\"crossclick\" data-gtm-custom-label=\"Contextuel\" data-gtm-event=\"customEventSPE\" data-fig-domain=\"LEFIGARO\" target=\"_blank\" rel=\"noopener\">FNSEA<\/a>\u00a0et des\u00a0<a href=\"http:\/\/www.lefigaro.fr\/actualite-france\/anciens-ouvriers-jeunes-cadres-reconvertis-des-classes-moyennes-le-profil-des-nouveaux-agriculteurs-loin-des-cliches-20250925\" data-fig-type=\"Article\" data-gtm-custom-categorie=\"navigation\" data-gtm-custom-action=\"crossclick\" data-gtm-custom-label=\"Contextuel\" data-gtm-event=\"customEventSPE\" data-fig-domain=\"LEFIGARO\" target=\"_blank\" rel=\"noopener\">Jeunes Agriculteurs<\/a>\u00a0sont entr\u00e9s dans Paris mardi matin peu avant 6 heures, a constat\u00e9 une journaliste de l\u2019AFP, premiers arriv\u00e9s de larges convois qui devraient voir d\u00e9barquer plusieurs centaines de tracteurs dans la capitale. Nombre de cars de CRS sont pr\u00e9sents aux abords des Champs-\u00c9lys\u00e9es.<\/p>\n<p>\n        06:03\n            <\/p>\n<p class=\"fig-live-post__title\" role=\"heading\" aria-level=\"3\">Bienvenue sur ce direct<\/p>\n<p class=\"fig-paragraph\">Bonjour \u00e0 tous et bienvenue sur ce direct consacr\u00e9 \u00e0 une nouvelle journ\u00e9e de\u00a0<a href=\"http:\/\/www.lefigaro.fr\/annie-genevard-annonce-un-plan-de-130-millions-d-euros-pour-calmer-la-colere-agricole-20260109\" data-fig-type=\"Article\" data-gtm-custom-categorie=\"navigation\" data-gtm-custom-action=\"crossclick\" data-gtm-custom-label=\"Contextuel\" data-gtm-event=\"customEventSPE\" data-fig-domain=\"LEFIGARO\" target=\"_blank\" rel=\"noopener\">col\u00e8re agricole.<\/a><\/p>\n<p>                Les publications appara\u00eetront ici<\/p>\n<p>            Fermer<\/p>\n","protected":false},"excerpt":{"rendered":"06:10 Ce direct est d\u00e9sormais termin\u00e9 Merci \u00e0 tous d\u2019avoir suivi ce direct. Retrouvez toutes les derni\u00e8res informations&hellip;\n","protected":false},"author":2,"featured_media":662215,"comment_status":"","ping_status":"","sticky":false,"template":"","format":"standard","meta":{"footnotes":""},"categories":[1888],"tags":[339,11,2572,7551,340,343,345,350,130,344,352,349,33,341,313,1777,674,1011,27,346,342,353,21426,351,347,12,626,348,25,354],"class_list":{"0":"post-662214","1":"post","2":"type-post","3":"status-publish","4":"format-standard","5":"has-post-thumbnail","7":"category-paris","8":"tag-actualite-economique","9":"tag-actualites","10":"tag-agriculteurs","11":"tag-blocage","12":"tag-bourse","13":"tag-cac-40","14":"tag-chef-dentreprise","15":"tag-concurrence","16":"tag-consommation","17":"tag-creation-dentreprise","18":"tag-crise","19":"tag-delocalisations","20":"tag-economie","21":"tag-emploi","22":"tag-entreprises","23":"tag-eu","24":"tag-europe","25":"tag-fr","26":"tag-france","27":"tag-grands-patrons","28":"tag-impots","29":"tag-licenciements","30":"tag-mercosur","31":"tag-monopole","32":"tag-multinationales","33":"tag-news","34":"tag-paris","35":"tag-privatisation","36":"tag-republique-francaise","37":"tag-unio"},"share_on_mastodon":{"url":"https:\/\/pubeurope.com\/@fr\/115891769386025793","error":""},"_links":{"self":[{"href":"https:\/\/www.europesays.com\/fr\/wp-json\/wp\/v2\/posts\/662214","targetHints":{"allow":["GET"]}}],"collection":[{"href":"https:\/\/www.europesays.com\/fr\/wp-json\/wp\/v2\/posts"}],"about":[{"href":"https:\/\/www.europesays.com\/fr\/wp-json\/wp\/v2\/types\/post"}],"author":[{"embeddable":true,"href":"https:\/\/www.europesays.com\/fr\/wp-json\/wp\/v2\/users\/2"}],"replies":[{"embeddable":true,"href":"https:\/\/www.europesays.com\/fr\/wp-json\/wp\/v2\/comments?post=662214"}],"version-history":[{"count":0,"href":"https:\/\/www.europesays.com\/fr\/wp-json\/wp\/v2\/posts\/662214\/revisions"}],"wp:featuredmedia":[{"embeddable":true,"href":"https:\/\/www.europesays.com\/fr\/wp-json\/wp\/v2\/media\/662215"}],"wp:attachment":[{"href":"https:\/\/www.europesays.com\/fr\/wp-json\/wp\/v2\/media?parent=662214"}],"wp:term":[{"taxonomy":"category","embeddable":true,"href":"https:\/\/www.europesays.com\/fr\/wp-json\/wp\/v2\/categories?post=662214"},{"taxonomy":"post_tag","embeddable":true,"href":"https:\/\/www.europesays.com\/fr\/wp-json\/wp\/v2\/tags?post=662214"}],"curies":[{"name":"wp","href":"https:\/\/api.w.org\/{rel}","templated":true}]}}