{"id":662220,"date":"2026-01-14T05:22:14","date_gmt":"2026-01-14T05:22:14","guid":{"rendered":"https:\/\/www.europesays.com\/fr\/662220\/"},"modified":"2026-01-14T05:22:14","modified_gmt":"2026-01-14T05:22:14","slug":"trump-affirme-que-les-etats-unis-prendront-des-mesures-tres-fortes-si-teheran-commence-a-pendre-des-manifestants","status":"publish","type":"post","link":"https:\/\/www.europesays.com\/fr\/662220\/","title":{"rendered":"Trump affirme que les \u00c9tats-Unis prendront des \u00abmesures tr\u00e8s fortes\u00bb si T\u00e9h\u00e9ran commence \u00e0 pendre des manifestants"},"content":{"rendered":"<p>\n        06:09\n            <\/p>\n<p class=\"fig-live-post__title\" role=\"heading\" aria-level=\"3\">Ce direct est d\u00e9sormais termin\u00e9<\/p>\n<p class=\"fig-paragraph\">Merci \u00e0 tous d\u2019avoir suivi ce direct. Retrouvez toutes les derni\u00e8res informations en temps r\u00e9el sur\u00a0<a href=\"https:\/\/www.lefigaro.fr\/\" target=\"_blank\" data-fig-type=\"Section\" rel=\"nofollow noopener\" data-gtm-custom-categorie=\"navigation\" data-gtm-custom-action=\"crossclick\" data-gtm-custom-label=\"Contextuel\" data-gtm-event=\"customEventSPE\" data-fig-domain=\"LEFIGARO\">lefigaro.fr<\/a>.<\/p>\n<p>\n        00:19\n            <\/p>\n<p class=\"fig-live-post__title\" role=\"heading\" aria-level=\"3\">L\u2019Iran accuse les \u00c9tats-Unis de chercher un \u00abpr\u00e9texte\u00bb pour une intervention militaire<\/p>\n<p class=\"fig-paragraph\">La mission iranienne \u00e0 l\u2019ONU a accus\u00e9 mardi les \u00c9tats-Unis de chercher un \u00abpr\u00e9texte\u00bb pour intervenir militairement en Iran, secou\u00e9 par un mouvement de contestation, apr\u00e8s que Donald Trump a menac\u00e9 d\u2019agir \u00abde mani\u00e8re tr\u00e8s forte\u00bb contre T\u00e9h\u00e9ran en cas d\u2019ex\u00e9cutions de manifestants.<\/p>\n<p class=\"fig-paragraph\">\u00abLes fantasmes et la politique des \u00c9tats-Unis \u00e0 l\u2019\u00e9gard de l\u2019Iran sont fond\u00e9s sur un changement de r\u00e9gime, avec des sanctions, des menaces, des troubles orchestr\u00e9s et le chaos servant de modus operandi pour fabriquer un pr\u00e9texte \u00e0 une intervention militaire\u00bb, a \u00e9crit la mission iranienne sur X, dans un message accompagn\u00e9 d\u2019une lettre de protestation adress\u00e9e aux dirigeants de l\u2019ONU.<\/p>\n<p class=\"fig-paragraph\">L\u2019Iran a \u00e9galement accus\u00e9 le pr\u00e9sident am\u00e9ricain d\u2019encourager la d\u00e9stabilisation politique, d\u2019inciter \u00e0 la violence et de menacer la souverainet\u00e9, l\u2019int\u00e9grit\u00e9 territoriale et la s\u00e9curit\u00e9 nationale du pays. \u00abLes \u00c9tats-Unis et le r\u00e9gime isra\u00e9lien portent une responsabilit\u00e9 juridique directe et ind\u00e9niable dans la perte de vies civiles innocentes qui en r\u00e9sulte, en particulier parmi les jeunes\u00bb, \u00e9crit l\u2019ambassadeur iranien aupr\u00e8s des Nations unies, Amir Saeid Iravani, dans sa lettre adress\u00e9e au Conseil de s\u00e9curit\u00e9 de l\u2019ONU ainsi qu\u2019au secr\u00e9taire g\u00e9n\u00e9ral de l\u2019ONU, Ant\u00f3nio Guterres.<\/p>\n<p class=\"fig-body-link\">\n            \u00c0 lire aussi<br \/>\n        <a class=\"fig-body-link__link fig-premium-mark\" href=\"http:\/\/www.lefigaro.fr\/international\/en-iran-le-pouvoir-emousse-d-ali-khamenei-un-guide-supreme-en-sursis-20260113\" target=\"_blank\" data-fig-type=\"Article\" rel=\"noopener\" data-gtm-custom-categorie=\"navigation\" data-gtm-custom-action=\"crossclick\" data-gtm-custom-label=\"Contextuel\" data-gtm-event=\"customEventSPE\" data-fig-domain=\"LEFIGARO\"><\/p>\n<p>        En Iran, le pouvoir \u00e9mouss\u00e9 d\u2019Ali Khamenei, un guide supr\u00eame en sursis<br \/>\n    <\/a>\n<\/p>\n<p>                        Hier<\/p>\n<p>\n        23:45\n            <\/p>\n<p class=\"fig-live-post__title\" role=\"heading\" aria-level=\"3\">Washington appelle ses ressortissants \u00e0 \u00e9vacuer l\u2019Iran \u00abimm\u00e9diatement\u00bb<\/p>\n<p class=\"fig-paragraph\">Washington a appel\u00e9 les ressortissants am\u00e9ricains \u00e0 \u00e9vacuer l\u2019Iran \u00abimm\u00e9diatement\u00bb, les incitant \u00e0 prendre la route via l\u2019Arm\u00e9nie ou la Turquie \u00absi les conditions le permettent\u00bb.<\/p>\n<p class=\"fig-paragraph\">\u00abLes manifestations \u00e0 travers l\u2019Iran continuent de s\u2019intensifier. Les mesures de s\u00e9curit\u00e9 sont renforc\u00e9es, les routes sont ferm\u00e9es, les transports publics sont perturb\u00e9s et l\u2019acc\u00e8s \u00e0 Internet est bloqu\u00e9. Le gouvernement iranien a restreint l\u2019acc\u00e8s aux r\u00e9seaux mobiles, fixes et \u00e0 Internet\u00bb, \u00e9crit dans un communiqu\u00e9 le secr\u00e9tariat d\u2019\u00c9tat aux affaires \u00e9trang\u00e8res.<\/p>\n<p class=\"fig-body-link\">\n            \u00c0 lire aussi<br \/>\n        <a class=\"fig-body-link__link fig-premium-mark\" href=\"http:\/\/www.lefigaro.fr\/international\/le-regime-tue-sans-retenue-en-iran-la-repression-vire-au-massacre-20260113\" target=\"_blank\" data-fig-type=\"Article\" rel=\"noopener\" data-gtm-custom-categorie=\"navigation\" data-gtm-custom-action=\"crossclick\" data-gtm-custom-label=\"Contextuel\" data-gtm-event=\"customEventSPE\" data-fig-domain=\"LEFIGARO\"><\/p>\n<p>        \u00abLe r\u00e9gime tue sans retenue\u00bb\u00a0: en Iran, la r\u00e9pression vire au massacre<br \/>\n    <\/a>\n<\/p>\n<p>\n        22:54\n            <\/p>\n<p class=\"fig-live-post__title\" role=\"heading\" aria-level=\"3\">\u00abLe r\u00e9gime tue sans retenue\u00bb : en Iran, la r\u00e9pression vire au massacre<\/p>\n<p class=\"fig-paragraph\">Ali Dehghan, 55\u00a0ans, Mahmoud Moussavi, 29\u00a0ans, Erfan Faraji, 18\u00a0ans\u2026 Alors que les informations s\u2019\u00e9chappent au compte-gouttes\u00a0d\u2019Iran, toujours soumis \u00e0 un\u00a0black-out g\u00e9n\u00e9ral sur l\u2019internet, la liste des victimes de la r\u00e9pression s\u2019allonge \u00e0 une allure gla\u00e7ante.<\/p>\n<p class=\"fig-paragraph\">Selon la cha\u00eene iranienne en exil Iran International, au moins 12\u00a0000\u00a0personnes auraient \u00e9t\u00e9 tu\u00e9es, principalement durant les nuits de jeudi et vendredi. C\u2019est\u00a0\u00ab\u00a0le plus grand massacre de l\u2019histoire iranienne contemporaine\u00a0\u00bb,\u00a0affirme son comit\u00e9 de direction dans un communiqu\u00e9 publi\u00e9 ce mardi. Selon le m\u00e9dia d\u2019opposition, l\u2019ordre de tirer \u00e0 balles r\u00e9elles aurait \u00e9t\u00e9 directement donn\u00e9 par le Conseil supr\u00eame de la s\u00e9curit\u00e9 nationale, avec le blanc-seing du guide supr\u00eame, Ali Khamenei.<\/p>\n<p class=\"fig-body-cta-link\" data-module=\"fig-cta-link\" data-context=\"was @visible\">\n    <a class=\"fig-body-cta-link__link\" href=\"https:\/\/www.lefigaro.fr\/international\/le-regime-tue-sans-retenue-en-iran-la-repression-vire-au-massacre-20260113\" data-js-gtm=\"{&quot;event&quot;:&quot;customEventGA4&quot;,&quot;eventName&quot;:&quot;click_navigation&quot;,&quot;button_action&quot;:&quot;crossclick&quot;,&quot;feature&quot;:&quot;Contextuel_bouton&quot;,&quot;feature_details&quot;:&quot;LIRE NOTRE ARTICLE&quot;,&quot;link_url&quot;:&quot;https:\\\/\\\/www.lefigaro.fr\\\/international\\\/le-regime-tue-sans-retenue-en-iran-la-repression-vire-au-massacre-20260113&quot;}\" target=\"_blank\" rel=\"noopener\"><br \/>\n                LIRE NOTRE ARTICLE<br \/>\n    <\/a>\n<\/p>\n<p>\n        22:08\n            <\/p>\n<p class=\"fig-live-post__title\" role=\"heading\" aria-level=\"3\">Donald Trump promet des \u00abmesures tr\u00e8s fermes\u00bb contre le gouvernement iranien s\u2019il proc\u00e9dait \u00e0 des pendaisons de manifestants<\/p>\n<p class=\"fig-paragraph\">Le pr\u00e9sident Donald Trump a d\u00e9clar\u00e9 mardi que les \u00c9tats-Unis prendraient des \u00abmesures tr\u00e8s fermes\u00bb si le gouvernement iranien commen\u00e7ait \u00e0 pendre des manifestants, sans toutefois pr\u00e9ciser quelles seraient ces mesures.<\/p>\n<p class=\"fig-paragraph\">\u00abJe n\u2019ai pas entendu parler de pendaisons. S\u2019ils les pendent, vous allez voir certaines choses&#8230;Nous prendrons des mesures tr\u00e8s fermes s\u2019ils font une telle chose\u00bb, a d\u00e9clar\u00e9 Trump \u00e0 CBS News lors d\u2019une interview.<\/p>\n<p class=\"fig-body-link\">\n            \u00c0 lire aussi<br \/>\n        <a class=\"fig-body-link__link fig-premium-mark\" href=\"http:\/\/www.lefigaro.fr\/vox\/economie\/bertille-bayart-l-operation-fed-de-donald-trump-tourne-au-fiasco-20260113\" target=\"_blank\" data-fig-type=\"Article\" rel=\"noopener\" data-gtm-custom-categorie=\"navigation\" data-gtm-custom-action=\"crossclick\" data-gtm-custom-label=\"Contextuel\" data-gtm-event=\"customEventSPE\" data-fig-domain=\"LEFIGARO\"><\/p>\n<p>        Bertille Bayart\u00a0: \u00abL\u2019\u201cop\u00e9ration Fed\u201d de Donald Trump tourne au fiasco\u00bb<br \/>\n    <\/a>\n<\/p>\n<p>\n        20:51\n            <\/p>\n<p class=\"fig-live-post__title\" role=\"heading\" aria-level=\"3\">Starlink, propri\u00e9t\u00e9 d\u2019Elon Musk, d\u00e9sormais propos\u00e9 gratuitement en Iran<\/p>\n<p class=\"fig-paragraph\">Le service d\u2019acc\u00e8s \u00e0 internet\u00a0<a href=\"http:\/\/www.lefigaro.fr\/international\/pourquoi-starlink-peine-a-reconnecter-un-iran-coupe-d-internet-20260112\" target=\"_blank\" data-fig-type=\"Article\" rel=\"noopener\" data-gtm-custom-categorie=\"navigation\" data-gtm-custom-action=\"crossclick\" data-gtm-custom-label=\"Contextuel\" data-gtm-event=\"customEventSPE\" data-fig-domain=\"LEFIGARO\">Starlink<\/a>\u00a0est d\u00e9sormais propos\u00e9 gratuitement en\u00a0<a href=\"http:\/\/www.lefigaro.fr\/international\/le-regime-tue-sans-retenue-en-iran-la-repression-vire-au-massacre-20260113\" target=\"_blank\" data-fig-type=\"Article\" rel=\"noopener\" data-gtm-custom-categorie=\"navigation\" data-gtm-custom-action=\"crossclick\" data-gtm-custom-label=\"Contextuel\" data-gtm-event=\"customEventSPE\" data-fig-domain=\"LEFIGARO\">Iran<\/a>, alors que le pouvoir, confront\u00e9 \u00e0 des manifestations monstres depuis plusieurs jours, a coup\u00e9 l\u2019acc\u00e8s \u00e0 Internet. Selon\u00a0<a href=\"https:\/\/www.bloomberg.com\/news\/articles\/2026-01-13\/musk-offers-free-starlink-in-iran-as-internet-blackout-persists?srnd=homepage-europe\" target=\"_blank\" rel=\"noopener\" data-gtm-custom-categorie=\"navigation\" data-gtm-custom-action=\"crossclick\" data-gtm-custom-label=\"Contextuel\" data-gtm-event=\"customEventSPE\">Bloomberg<\/a>, SpaceX, propri\u00e9t\u00e9 d\u2019Elon Musk, a supprim\u00e9 les frais d\u2019abonnement \u00e0 Starlink en Iran.<\/p>\n<p class=\"fig-paragraph\">Les autorit\u00e9s iraniennes avaient r\u00e9ussi \u00e0 brouiller lundi pour la premi\u00e8re fois \u00e0 grande \u00e9chelle les terminaux Starlink pour enrayer la contestation. La R\u00e9publique islamique a d\u00e9velopp\u00e9 au fil des ans une capacit\u00e9 hors du commun de contr\u00f4le de son r\u00e9seau.<\/p>\n<p class=\"fig-paragraph\">Tr\u00e8s ais\u00e9 \u00e0 mettre en \u0153uvre, le contr\u00f4le s\u2019op\u00e8re dans la \u00abcouche logique du routage. Ils sont capables d\u2019un contr\u00f4le tr\u00e8s fin, pouvant d\u00e9cider que tel ou tel c\u00f4t\u00e9 de telle ou telle rue a internet ou pas\u00bb, selon Kave Salamantian, professeur \u00e0 l\u2019Universit\u00e9 de Savoie, sp\u00e9cialiste de la g\u00e9opolitique du cyberespace et co-auteur d\u2019une \u00e9tude sur l\u2019internet iranien.<\/p>\n<p class=\"fig-paragraph\">Starlink peut permettre de surmonter le probl\u00e8me, avec sa constellation de satellites en orbite basse (LEO) permettant d\u2019avoir internet en \u00e9tablissant une connexion de donn\u00e9es entre ces satellites \u00e9voluant \u00e0 environ 550 kilom\u00e8tres d\u2019altitude et les utilisateurs au sol, s\u2019affranchissant des acc\u00e8s internet locaux.<\/p>\n<p class=\"fig-body-link\">\n            \u00c0 lire aussi<br \/>\n        <a class=\"fig-body-link__link fig-premium-mark\" href=\"http:\/\/www.lefigaro.fr\/international\/pourquoi-starlink-peine-a-reconnecter-un-iran-coupe-d-internet-20260112\" target=\"_blank\" data-fig-type=\"Article\" rel=\"noopener\" data-gtm-custom-categorie=\"navigation\" data-gtm-custom-action=\"crossclick\" data-gtm-custom-label=\"Contextuel\" data-gtm-event=\"customEventSPE\" data-fig-domain=\"LEFIGARO\"><\/p>\n<p>        Pourquoi Starlink peine \u00e0 reconnecter un Iran coup\u00e9 d\u2019internet<br \/>\n    <\/a>\n<\/p>\n<p>\n        19:27\n            <\/p>\n<p class=\"fig-live-post__title\" role=\"heading\" aria-level=\"3\">L\u2019UE a convoqu\u00e9 l\u2019ambassadeur d\u2019Iran \u00e0 Bruxelles<\/p>\n<p class=\"fig-paragraph\">L\u2019Union europ\u00e9enne a convoqu\u00e9 l\u2019ambassadeur d\u2019<a href=\"http:\/\/www.lefigaro.fr\/international\/iran-donald-trump-appelle-les-manifestants-a-continuer-et-leur-promet-que-l-aide-est-en-route-20260113\" target=\"_blank\" data-fig-type=\"NewsFlash\" rel=\"noopener\" data-gtm-custom-categorie=\"navigation\" data-gtm-custom-action=\"crossclick\" data-gtm-custom-label=\"Contextuel\" data-gtm-event=\"customEventSPE\" data-fig-domain=\"LEFIGARO\">Iran<\/a>\u00a0\u00e0 Bruxelles, a indiqu\u00e9 mardi un responsable europ\u00e9en sous couvert d\u2019anonymat, sans donner plus de d\u00e9tails.<\/p>\n<p class=\"fig-paragraph\">La pr\u00e9sidente de la Commission europ\u00e9enne\u00a0<a href=\"http:\/\/www.lefigaro.fr\/vox\/monde\/nicolas-baverez-et-si-on-remplacait-ursula-von-der-leyen-par-mario-draghi-20251221\" target=\"_blank\" data-fig-type=\"Article\" rel=\"noopener\" data-gtm-custom-categorie=\"navigation\" data-gtm-custom-action=\"crossclick\" data-gtm-custom-label=\"Contextuel\" data-gtm-event=\"customEventSPE\" data-fig-domain=\"LEFIGARO\">Ursula von der Leyen<\/a>\u00a0a \u00e9galement promis mardi que de nouvelles sanctions contre T\u00e9h\u00e9ran allaient \u00eatre \u00abrapidement\u00bb propos\u00e9es aux 27, apr\u00e8s un bilan jug\u00e9 \u00abeffroyable\u00bb des victimes de la r\u00e9pression des manifestations en Iran.<\/p>\n<p class=\"fig-body-link\">\n            \u00c0 lire aussi<br \/>\n        <a class=\"fig-body-link__link fig-premium-mark\" href=\"http:\/\/www.lefigaro.fr\/international\/tueurs-a-gage-recrutement-d-immigres-et-ordres-de-l-iran-le-puissant-gang-suedois-foxtrot-cible-par-une-operation-de-police-decisive-20260113\" target=\"_blank\" data-fig-type=\"NewsFlash\" rel=\"noopener\" data-gtm-custom-categorie=\"navigation\" data-gtm-custom-action=\"crossclick\" data-gtm-custom-label=\"Contextuel\" data-gtm-event=\"customEventSPE\" data-fig-domain=\"LEFIGARO\"><\/p>\n<p>        Tueurs \u00e0 gage, recrutement d\u2019immigr\u00e9s et ordres de l\u2019Iran\u00a0: le puissant gang su\u00e9dois Foxtrot cibl\u00e9 par une op\u00e9ration de police d\u00e9cisive<br \/>\n    <\/a>\n<\/p>\n<p>\n        19:17\n            <\/p>\n<p class=\"fig-live-post__title\" role=\"heading\" aria-level=\"3\">L\u2019envoy\u00e9 de la Maison-Blanche Steve Witkoff aurait secr\u00e8tement rencontr\u00e9 le fils du Shah<\/p>\n<p class=\"fig-paragraph\">Selon des informations d\u2019<a href=\"http:\/\/www.lefigaro.fr\/international\/dans-le-style-de-l-article-5-de-l-otan-axios-devoile-d-eventuelles-garanties-de-securite-pour-l-ukraine-20251121\" target=\"_blank\" data-fig-type=\"NewsFlash\" rel=\"noopener\" data-gtm-custom-categorie=\"navigation\" data-gtm-custom-action=\"crossclick\" data-gtm-custom-label=\"Contextuel\" data-gtm-event=\"customEventSPE\" data-fig-domain=\"LEFIGARO\">Axios<\/a>, l\u2019envoy\u00e9 sp\u00e9cial de la Maison-Blanche\u00a0<a href=\"http:\/\/www.lefigaro.fr\/international\/witkoff-et-kushner-a-moscou-pour-vendre-a-poutine-le-plan-de-paix-de-trump-20251201\" target=\"_blank\" data-fig-type=\"Article\" rel=\"noopener\" data-gtm-custom-categorie=\"navigation\" data-gtm-custom-action=\"crossclick\" data-gtm-custom-label=\"Contextuel\" data-gtm-event=\"customEventSPE\" data-fig-domain=\"LEFIGARO\">Steve Witkoff<\/a>\u00a0aurait secr\u00e8tement rencontr\u00e9 l\u2019ancien prince h\u00e9ritier d\u2019Iran, Reza Pahlavi, afin de discuter de la situation en Iran.<\/p>\n<p class=\"fig-body-link\">\n            \u00c0 lire aussi<br \/>\n        <a class=\"fig-body-link__link fig-premium-mark\" href=\"http:\/\/www.lefigaro.fr\/international\/nous-voulons-le-retour-du-roi-a-washington-la-diaspora-iranienne-reclame-le-shah-20260112\" target=\"_blank\" data-fig-type=\"Article\" rel=\"noopener\" data-gtm-custom-categorie=\"navigation\" data-gtm-custom-action=\"crossclick\" data-gtm-custom-label=\"Contextuel\" data-gtm-event=\"customEventSPE\" data-fig-domain=\"LEFIGARO\"><\/p>\n<p>        \u00abNous voulons le retour du roi\u00bb\u00a0: \u00e0 Washington, la diaspora iranienne r\u00e9clame le Shah<br \/>\n    <\/a>\n<\/p>\n<p>\n        19:11\n            <\/p>\n<p class=\"fig-live-post__title\" role=\"heading\" aria-level=\"3\">Probablement \u00abdes milliers\u00bb de manifestants tu\u00e9s, selon une ONG<\/p>\n<p class=\"fig-paragraph\">Au moins 734 manifestants ont \u00e9t\u00e9 tu\u00e9s en Iran depuis le d\u00e9but du mouvement de contestation contre le pouvoir, a annonc\u00e9 mardi l\u2019ONG Iran Human Rights (IHR), bas\u00e9e en Norv\u00e8ge, selon laquelle le nombre r\u00e9el de morts pourrait s\u2019\u00e9lever \u00e0 plusieurs milliers.<\/p>\n<p class=\"fig-paragraph\">IHR \u00abcontinue de recevoir des rapports faisant \u00e9tat de milliers de morts dans diff\u00e9rentes villes et provinces d\u2019Iran\u00bb, pr\u00e9cise l\u2019organisation, apr\u00e8s plus de deux semaines de manifestations.<\/p>\n<p class=\"fig-paragraph\">Environ 500 membres des forces de s\u00e9curit\u00e9 iraniennes auraient \u00e9t\u00e9 tu\u00e9es, d\u2019apr\u00e8s le renseignement isra\u00e9lien, cit\u00e9 par la cha\u00eene de t\u00e9l\u00e9vision Channel 13.<\/p>\n<p class=\"fig-body-link\">\n<p>        Regarder la vid\u00e9o<br \/>\n        <a class=\"fig-body-link__link\" href=\"https:\/\/video.lefigaro.fr\/figaro\/international\/iran-l-aide-est-en-route-promet-donald-trump-aux-manifestants-20260113\" target=\"_blank\" data-fig-type=\"Video\" rel=\"noopener\" data-gtm-custom-categorie=\"navigation\" data-gtm-custom-action=\"crossclick\" data-gtm-custom-label=\"Contextuel\" data-gtm-event=\"customEventSPE\" data-fig-domain=\"LEFIGARO\"><\/p>\n<p>        Iran: \u00abL&rsquo;aide est en route\u00bb, promet Donald Trump aux manifestants<br \/>\n    <\/a>\n<\/p>\n<p>\n        17:39\n            <\/p>\n<p class=\"fig-live-post__title\" role=\"heading\" aria-level=\"3\">Iran : comprendre les manifestations contre le r\u00e9gime gr\u00e2ce aux cartes<\/p>\n<p class=\"fig-paragraph\">Les protestations se multiplient \u00e0 travers le pays. Samedi, Donald Trump a affirm\u00e9 que Washington se tenait \u00ab pr\u00eat \u00e0 aider\u00a0\u00bb les manifestants \u00ab qui aspirent \u00e0 la libert\u00e9\u00a0\u00bb.<\/p>\n<p class=\"fig-body-link\">\n            \u00c0 lire aussi<br \/>\n        <a class=\"fig-body-link__link\" href=\"https:\/\/www.lefigaro.fr\/fig-data\/iran-comprendre-les-manifestations-contre-le-regime-grace-aux-cartes-20260111\/\" target=\"_blank\" rel=\"nofollow noopener\" data-gtm-custom-categorie=\"navigation\" data-gtm-custom-action=\"crossclick\" data-gtm-custom-label=\"Contextuel\" data-gtm-event=\"customEventSPE\" data-fig-domain=\"LEFIGARO\"><\/p>\n<p>        Iran\u00a0: comprendre les manifestations contre le r\u00e9gime gr\u00e2ce aux cartes<br \/>\n    <\/a>\n<\/p>\n<p>\n        16:51\n            <\/p>\n<p class=\"fig-live-post__title\" role=\"heading\" aria-level=\"3\">Le parquet menace les \u00ab\u00e9meutiers\u00bb de poursuites passibles de la peine de mort<\/p>\n<p class=\"fig-paragraph\">Le parquet iranien a annonc\u00e9 mardi que certaines des personnes arr\u00eat\u00e9es lors\u00a0<a href=\"http:\/\/www.lefigaro.fr\/international\/dossier\/manifestations-en-iran-et-repression-sanglante-notre-dossier-pour-tout-comprendre-a-la-mobilisation-du-peuple\" data-fig-type=\"Topic\" data-gtm-custom-categorie=\"navigation\" data-gtm-custom-action=\"crossclick\" data-gtm-custom-label=\"Contextuel\" data-gtm-event=\"customEventSPE\" data-fig-domain=\"LEFIGARO\" target=\"_blank\" rel=\"noopener\">des manifestations<\/a>\u00a0s\u2019exposaient \u00e0 des peines passibles de la peine de mort, sur fond d\u2019inqui\u00e9tudes sur l\u2019intensification de la r\u00e9pression en Iran. Le bureau des procureurs de T\u00e9h\u00e9ran a d\u00e9clar\u00e9 qu\u2019un nombre ind\u00e9termin\u00e9 de manifestants seraient poursuivis pour \u00abmoharebeh\u00bb (guerre contre Dieu, en persan), un des chefs d\u2019accusation les plus graves en Iran et passible de la peine de mort, selon un communiqu\u00e9 cit\u00e9 par la t\u00e9l\u00e9vision d\u2019\u00c9tat.<\/p>\n<p class=\"fig-paragraph\">Ces \u00ab\u00e9meutiers\u00bb seront \u00abbient\u00f4t pr\u00e9sent\u00e9s \u00e0 la justice\u00bb, selon la m\u00eame source. Des centaines, voire des milliers de personnes ont \u00e9t\u00e9 tu\u00e9es, selon des d\u00e9fenseurs des droits humains, dans la r\u00e9pression de ce vaste mouvement de contestation, l\u2019un des plus importants depuis la proclamation de la R\u00e9publique islamique en 1979. Les m\u00e9dias d\u2019\u00c9tat iraniens affirment de leur c\u00f4t\u00e9 que des dizaines de membres des forces de s\u00e9curit\u00e9 sont morts aux mains des \u00ab\u00e9meutiers\u00bb.<\/p>\n<p>\n        16:38\n            <\/p>\n<p class=\"fig-live-post__title\" role=\"heading\" aria-level=\"3\">Berlin a convoqu\u00e9 l\u2019ambassadeur d\u2019Iran, appelle \u00e0 la fin des violences contre les manifestants<\/p>\n<p class=\"fig-paragraph\">Le minist\u00e8re allemand des Affaires \u00e9trang\u00e8res a convoqu\u00e9 mardi l\u2019ambassadeur iranien, et appel\u00e9 T\u00e9h\u00e9ran \u00ab\u00e0 mettre fin \u00e0 la violence contre ses citoyens et \u00e0 respecter leurs droits\u00bb. \u00abLes agissements brutaux du r\u00e9gime iranien contre sa propre population sont choquants\u00bb, a ajout\u00e9 le minist\u00e8re dans un message post\u00e9 sur X.<\/p>\n<p>\n        16:26\n            <\/p>\n<p class=\"fig-live-post__title\" role=\"heading\" aria-level=\"3\">Lecornu justifie la prudence de la France par la situation \u00abpr\u00e9occupante\u00bb de C\u00e9cile Kohler et Jacques Paris<\/p>\n<p class=\"fig-paragraph\">S\u00e9bastien Lecornu a justifi\u00e9 mardi la prudence de la France sur la contestation en Iran par la situation \u00abplus que fragile et pr\u00e9occupante\u00bb de\u00a0<a href=\"http:\/\/www.lefigaro.fr\/international\/le-retour-en-france-de-cecile-kohler-et-jacques-paris-suspendu-au-sort-d-une-iranienne-transferee-a-l-ambassade-d-iran-a-paris-20251105\" target=\"_blank\" data-fig-type=\"Article\" rel=\"noopener\" data-gtm-custom-categorie=\"navigation\" data-gtm-custom-action=\"crossclick\" data-gtm-custom-label=\"Contextuel\" data-gtm-event=\"customEventSPE\" data-fig-domain=\"LEFIGARO\">C\u00e9cile Kohler et Jacques Paris<\/a>, d\u00e9tenus pendant plus de trois ans et actuellement assign\u00e9s \u00e0 r\u00e9sidence \u00e0 l\u2019ambassade de France \u00e0 T\u00e9h\u00e9ran.<\/p>\n<p class=\"fig-paragraph\">La France a \u00abtoujours un \u00e9minent devoir de protection de la communaut\u00e9 fran\u00e7aise pr\u00e9sente en Iran\u00bb, a soulign\u00e9 le Premier ministre devant l\u2019Assembl\u00e9e nationale, en \u00e9voquant \u00abla question de Mme Kohler et de M. Paris, qui sont encore actuellement \u00e0 l\u2019ambassade, et dont vous savez tr\u00e8s bien que la situation reste plus que fragile et pr\u00e9occupante\u00bb. \u00abParler de silence est excessif\u00bb, a-t-il ajout\u00e9. \u00abLa R\u00e9publique fran\u00e7aise se tient derri\u00e8re le peuple iranien\u00bb.<\/p>\n<p class=\"fig-body-link\">\n            \u00c0 lire aussi<br \/>\n        <a class=\"fig-body-link__link fig-premium-mark\" href=\"http:\/\/www.lefigaro.fr\/international\/le-retour-en-france-de-cecile-kohler-et-jacques-paris-suspendu-au-sort-d-une-iranienne-transferee-a-l-ambassade-d-iran-a-paris-20251105\" target=\"_blank\" data-fig-type=\"Article\" rel=\"noopener\" data-gtm-custom-categorie=\"navigation\" data-gtm-custom-action=\"crossclick\" data-gtm-custom-label=\"Contextuel\" data-gtm-event=\"customEventSPE\" data-fig-domain=\"LEFIGARO\"><\/p>\n<p>        Le retour en France de C\u00e9cile Kohler et Jacques Paris suspendu au sort d\u2019une Iranienne transf\u00e9r\u00e9e \u00e0 l\u2019ambassade d\u2019Iran \u00e0 Paris<br \/>\n    <\/a>\n<\/p>\n<p>\n        16:25\n            <\/p>\n<p class=\"fig-live-post__title\" role=\"heading\" aria-level=\"3\">Le Danemark convoque le charg\u00e9 d\u2019affaires iranien<\/p>\n<p class=\"fig-paragraph\">Le minist\u00e8re danois des Affaires \u00e9trang\u00e8res a annonc\u00e9 avoir convoqu\u00e9 le charg\u00e9 d\u2019affaires d\u2019Iran, l\u2019ambassadeur \u00e9tant actuellement absent, \u00abafin d\u2019exprimer la condamnation par le gouvernement de l\u2019usage de la violence par le r\u00e9gime iranien contre les manifestants\u00bb.<\/p>\n<p class=\"fig-paragraph\">Le minist\u00e8re danois a d\u00e9clar\u00e9 dans un communiqu\u00e9 qu\u2019il a \u00e9galement exhort\u00e9 \u00abl\u2019Iran \u00e0 respecter ses obligations internationales, y compris le droit \u00e0 la libert\u00e9 d\u2019expression, d\u2019association et de r\u00e9union\u00bb. \u00abCela vaut \u00e9galement pour la garantie d\u2019un acc\u00e8s libre et sans entrave \u00e0 internet\u00bb, a-t-il ajout\u00e9.<\/p>\n<p class=\"fig-body-link\">\n            \u00c0 lire aussi<br \/>\n        <a class=\"fig-body-link__link\" href=\"http:\/\/www.lefigaro.fr\/vox\/monde\/l-iran-des-ayatollahs-a-l-origine-de-la-destabilisation-islamiste-mondiale-20260113\" target=\"_blank\" data-fig-type=\"Article\" rel=\"noopener\" data-gtm-custom-categorie=\"navigation\" data-gtm-custom-action=\"crossclick\" data-gtm-custom-label=\"Contextuel\" data-gtm-event=\"customEventSPE\" data-fig-domain=\"LEFIGARO\"><\/p>\n<p>        \u00ab L\u2019Iran des ayatollahs\u00a0: \u00e0 l\u2019origine de la d\u00e9stabilisation islamiste mondiale\u00a0\u00bb<br \/>\n    <\/a>\n<\/p>\n<p>\n        16:24\n            <\/p>\n<p class=\"fig-live-post__title\" role=\"heading\" aria-level=\"3\">Les organisations syndicales fran\u00e7aises \u00absolidaires\u00bb des Iraniens<\/p>\n<p class=\"fig-paragraph\">\u00abLes organisations syndicales fran\u00e7aises, CFDT, CGT, UNSA, FSU et Solidaires expriment leur plein soutien aux mobilisations en cours en Iran, qui se d\u00e9roulent dans un contexte d\u2019effondrement \u00e9conomique, d\u2019hyper inflation et d\u2019explosion de la pauvret\u00e9\u00bb, font-elles savoir par communiqu\u00e9. \u00abLes revendications sociales et syndicales sont syst\u00e9matiquement criminalis\u00e9es, l\u2019appareil judiciaire et s\u00e9curitaire instaure un climat de peur pour \u00e9touffer toute forme de contestation collective\u00bb, ajoutent-elles.<\/p>\n<p class=\"fig-paragraph\">\u00abElles rejettent \u00e9galement les tentatives d\u2019ing\u00e9rence ext\u00e9rieure provenant, notamment, des \u00c9tats-Unis et d\u2019Isra\u00ebl\u00bb. \u00abElles appellent \u00e0 se joindre au rassemblement le samedi 17 janvier \u00e0 Paris \u00e0 15h, place du Panth\u00e9on\u00bb, concluent-elles.<\/p>\n<p>    Image d\u2019illustration.<br \/>\n                HJBC \/ stock.adobe.com<\/p>\n<p>\n        16:06\n            <\/p>\n<p class=\"fig-live-post__title\" role=\"heading\" aria-level=\"3\">Londres convoque l\u2019ambassadeur d\u2019Iran pour d\u00e9noncer la r\u00e9pression des manifestations<\/p>\n<p class=\"fig-paragraph\"><a href=\"http:\/\/www.lefigaro.fr\/secteur\/high-tech\/le-reseau-social-x-pourrait-etre-interdit-au-royaume-uni-a-cause-d-un-differend-sur-grok-20260108\" data-fig-type=\"NewsFlash\" data-gtm-custom-categorie=\"navigation\" data-gtm-custom-action=\"crossclick\" data-gtm-custom-label=\"Contextuel\" data-gtm-event=\"customEventSPE\" data-fig-domain=\"LEFIGARO\" target=\"_blank\" rel=\"noopener\">Le Royaume-Uni\u00a0<\/a>a convoqu\u00e9 l\u2019ambassadeur d\u2019Iran \u00e0 Londres pour d\u00e9noncer la \u00abr\u00e9pression la plus brutale et la plus sanglante contre des manifestations\u00bb depuis des ann\u00e9es, a annonc\u00e9 mardi la cheffe de la diplomatie britannique Yvette Cooper devant les d\u00e9put\u00e9s britanniques.<\/p>\n<p class=\"fig-paragraph\">\u00abSur mes instructions, le secr\u00e9taire d\u2019\u00c9tat charg\u00e9 du Moyen-Orient a convoqu\u00e9 l\u2019ambassadeur d\u2019Iran pour souligner la gravit\u00e9 du moment, et exiger de l\u2019Iran qu\u2019il r\u00e9ponde aux rapports horribles que nous recevons\u00bb, et qui font \u00e9tat de \u00abmilliers de morts\u00bb, a-t-elle indiqu\u00e9.<\/p>\n<p>\n        15:57\n            <\/p>\n<p class=\"fig-live-post__title\" role=\"heading\" aria-level=\"3\">Iran: \u00abL\u2019aide est en route\u00bb, promet Donald Trump aux manifestants<\/p>\n<p class=\"fig-paragraph\">Donald Trump a encourag\u00e9 mardi les manifestants iraniens \u00e0 poursuivre leur mouvement jusqu\u2019\u00e0 renverser les autorit\u00e9s, en promettant sur son r\u00e9seau Truth Social que \u00abl\u2019aide \u00e9tait en route\u00bb, sans plus de pr\u00e9cisions.<\/p>\n<p class=\"fig-paragraph\">\u00abPatriotes iraniens, CONTINUEZ A MANIFESTER &#8211; PRENEZ LE CONTR\u00d4LE DE VOS INSTITUTIONS!!!\u00bb a \u00e9crit le pr\u00e9sident am\u00e9ricain, pr\u00e9cisant qu\u2019il avait \u00abannul\u00e9 toutes les r\u00e9unions avec des responsables iraniens tant que les meurtres insens\u00e9s de manifestants ne s\u2019arr\u00eataient pas.\u00bb Et d\u2019ajouter\u00a0: \u00abMIGA [Make Iran Great Again].\u00bb<\/p>\n<p>\n        15:34\n            <\/p>\n<p class=\"fig-live-post__title\" role=\"heading\" aria-level=\"3\">La France convoque l\u2019ambassadeur d\u2019Iran pour d\u00e9noncer la r\u00e9pression des manifestations<\/p>\n<p class=\"fig-paragraph\">La France a convoqu\u00e9 mardi l\u2019ambassadeur iranien \u00e0 Paris pour d\u00e9noncer la \u00abviolence d\u2019\u00c9tat qui s\u2019est abattue aveugl\u00e9ment sur les manifestants pacifiques\u00bb, a annonc\u00e9\u00a0<a href=\"http:\/\/www.lefigaro.fr\/international\/le-chantage-des-etats-unis-sur-le-groenland-doit-cesser-denonce-jean-noel-barrot-20260110\" data-fig-type=\"NewsFlash\" data-gtm-custom-categorie=\"navigation\" data-gtm-custom-action=\"crossclick\" data-gtm-custom-label=\"Contextuel\" data-gtm-event=\"customEventSPE\" data-fig-domain=\"LEFIGARO\" target=\"_blank\" rel=\"noopener\">le ministre des Affaires \u00e9trang\u00e8res Jean-No\u00ebl Barrot\u00a0<\/a>devant les d\u00e9put\u00e9s.<\/p>\n<p class=\"fig-paragraph\">\u00abNous ne nous arr\u00eaterons pas l\u00e0\u00a0: il ne saurait y avoir aucune impunit\u00e9 pour ceux qui tournent leurs fusils contre des manifestants pacifiques\u00bb, a affirm\u00e9 le chef de la diplomatie fran\u00e7aise, \u00e9voquant les sanctions \u00abrapides\u00bb contre T\u00e9h\u00e9ran promises par la pr\u00e9sidente de la Commission europ\u00e9enne Ursula von\u00a0der\u00a0Leyen.<\/p>\n<p>\n        15:25\n            <\/p>\n<p class=\"fig-live-post__title\" role=\"heading\" aria-level=\"3\">L\u2019accr\u00e9ditation de l\u2019ambassadeur d\u2019Iran en Irlande report\u00e9e en raison de la r\u00e9pression des manifestations<\/p>\n<p class=\"fig-paragraph\">Le gouvernement irlandais a annonc\u00e9 mardi avoir d\u00e9cid\u00e9 de reporter la c\u00e9r\u00e9monie de pr\u00e9sentation des lettres de cr\u00e9ance du nouvel ambassadeur d\u2019Iran \u00e0 Dublin,<a href=\"http:\/\/www.lefigaro.fr\/international\/la-russie-s-inquiete-face-au-spectre-d-un-chaos-en-iran-20260112\" data-fig-type=\"Article\" data-gtm-custom-categorie=\"navigation\" data-gtm-custom-action=\"crossclick\" data-gtm-custom-label=\"Contextuel\" data-gtm-event=\"customEventSPE\" data-fig-domain=\"LEFIGARO\" target=\"_blank\" rel=\"noopener\">\u00a0en raison de la r\u00e9pression des manifestations par les autorit\u00e9s iraniennes.<\/a><\/p>\n<p class=\"fig-paragraph\">Cette d\u00e9cision \u00aba \u00e9t\u00e9 prise \u00e0 la lumi\u00e8re des manifestations en Iran ces derniers jours qui ont entra\u00een\u00e9 un tr\u00e8s grand nombre de tu\u00e9s ou de bless\u00e9s ainsi qu\u2019une coupure des communications\u00bb, a d\u00e9clar\u00e9 un porte-parole du minist\u00e8re irlandais des Affaires \u00e9trang\u00e8res dans un communiqu\u00e9 transmis \u00e0 l\u2019AFP.<\/p>\n<p class=\"fig-paragraph\">Eshaq Al-Habib a \u00e9t\u00e9 nomm\u00e9 par le minist\u00e8re iranien des Affaires \u00e9trang\u00e8res fin 2025. Il devait prendre officiellement ses fonctions \u00e0 l\u2019issue de la c\u00e9r\u00e9monie pr\u00e9vue mardi \u00e0 la r\u00e9sidence de la pr\u00e9sidente irlandaise Catherine Connolly. L\u2019ancien ambassadeur d\u2019Iran en Irlande, Masoud Eslami, occupait ce poste entre 2018 et 2024, depuis lors vacant.<\/p>\n<p class=\"fig-paragraph\">Le premier ministre irlandais Miche\u00e1l Martin a appel\u00e9 mardi \u00ab\u00e0 la fin de la r\u00e9pression en Iran\u00bb. \u00abIl faut une gouvernance diff\u00e9rente en Iran, davantage de libert\u00e9s pour la population, le droit de se r\u00e9unir librement, le droit \u00e0 la libert\u00e9 d\u2019expression et un syst\u00e8me de gouvernance plus d\u00e9mocratique\u00bb, a-t-il d\u00e9clar\u00e9 devant des journalistes \u00e0 Dublin.<\/p>\n<p>\n        14:58\n            <\/p>\n<p class=\"fig-live-post__title\" role=\"heading\" aria-level=\"3\">Le Portugal convoque l\u2019ambassadeur d\u2019Iran pour condamner la \u00abr\u00e9pression violente\u00bb des contestations<\/p>\n<p class=\"fig-paragraph\"><a href=\"http:\/\/www.lefigaro.fr\/economie\/italie-espagne-portugal-la-formidable-envolee-des-bourses-du-sud-de-l-europe-20251231\" data-fig-type=\"Article\" data-gtm-custom-categorie=\"navigation\" data-gtm-custom-action=\"crossclick\" data-gtm-custom-label=\"Contextuel\" data-gtm-event=\"customEventSPE\" data-fig-domain=\"LEFIGARO\" target=\"_blank\" rel=\"noopener\">Le Portugal<\/a>\u00a0a annonc\u00e9 mardi avoir convoqu\u00e9 l\u2019ambassadeur d\u2019Iran \u00e0 Lisbonne pour lui faire part de sa \u00abcondamnation v\u00e9h\u00e9mente\u00bb de la \u00abr\u00e9pression violente des manifestations\u00bb<a href=\"http:\/\/www.lefigaro.fr\/international\/de-la-chute-du-regime-a-la-transition-negociee-les-differents-scenarios-possibles-en-iran-20260112\" data-fig-type=\"Article\" data-gtm-custom-categorie=\"navigation\" data-gtm-custom-action=\"crossclick\" data-gtm-custom-label=\"Contextuel\" data-gtm-event=\"customEventSPE\" data-fig-domain=\"LEFIGARO\" target=\"_blank\" rel=\"noopener\">\u00a0des derniers jours contre le r\u00e9gime de T\u00e9h\u00e9ran<\/a>.<\/p>\n<p class=\"fig-paragraph\">\u00abPar ailleurs, dans un cadre de concertation europ\u00e9enne, le Portugal est pr\u00eat \u00e0 renforcer les sanctions contre l\u2019Iran\u00bb, a pr\u00e9cis\u00e9 le minist\u00e8re des Affaires \u00e9trang\u00e8res sur son compte X. Lisbonne a ainsi appel\u00e9 \u00ab\u00e0 ce que soient respect\u00e9s les droits des citoyennes et des citoyens iraniens\u00bb. Le ministre des Affaires \u00e9trang\u00e8res Paulo Rangel a convoqu\u00e9 le repr\u00e9sentant de la diplomatie iranienne \u00abpour lui transmettre de vive voix la condamnation v\u00e9h\u00e9mente, d\u00e9j\u00e0 r\u00e9it\u00e9r\u00e9e ces derniers jours, de la r\u00e9pression violente des manifestations\u00bb.<\/p>\n<p>\n        14:38\n            <\/p>\n<p class=\"fig-live-post__title\" role=\"heading\" aria-level=\"3\">L\u2019ex-imp\u00e9ratrice d\u2019Iran appelle les forces de s\u00e9curit\u00e9 \u00e0 rejoindre les manifestants<\/p>\n<p class=\"fig-paragraph\">L\u2019ancienne imp\u00e9ratrice d\u2019Iran Farah Pahlavi, veuve du chah renvers\u00e9 par la r\u00e9volution islamique de 1979, a appel\u00e9 mardi les forces de s\u00e9curit\u00e9 \u00e0 rejoindre\u00a0<a href=\"http:\/\/www.lefigaro.fr\/international\/de-la-chute-du-regime-a-la-transition-negociee-les-differents-scenarios-possibles-en-iran-20260112\" data-fig-type=\"Article\" data-gtm-custom-categorie=\"navigation\" data-gtm-custom-action=\"crossclick\" data-gtm-custom-label=\"Contextuel\" data-gtm-event=\"customEventSPE\" data-fig-domain=\"LEFIGARO\" target=\"_blank\" rel=\"noopener\">le mouvement de protestation d\u00e9fiant le pouvoir depuis plus de deux semaines<\/a>.<\/p>\n<p class=\"fig-paragraph\">Farah Pahlavi, \u00e2g\u00e9e de 87 ans, se fait ainsi l\u2019\u00e9cho de son fils, l\u2019ex-prince h\u00e9ritier Reza Pahlavi, qui avait tenu des propos similaires ces derniers jours et soutient activement les manifestants depuis les \u00c9tats-Unis &#8211; son nom est r\u00e9guli\u00e8rement scand\u00e9 aux rassemblements.<\/p>\n<p class=\"fig-paragraph\">\u00abRappelez-vous que la survie d\u2019aucun gouvernement, le maintien d\u2019aucun avantage, ne justifient que le sang de vos compatriotes soit vers\u00e9\u00bb, a-t-elle \u00e9crit en s\u2019adressant aux forces de s\u00e9curit\u00e9, leur demandant d\u2019entendre les \u00abcris de col\u00e8re et de rage\u00bb des manifestants et de les \u00abrejoindre avant qu\u2019il ne soit trop tard\u00bb.<\/p>\n<p>\n        14:31\n            <\/p>\n<p class=\"fig-live-post__title\" role=\"heading\" aria-level=\"3\">Des \u00absignes concrets\u00bb que les \u00ab\u00e9v\u00e8nements\u00bb remettent en cause \u00abla stabilit\u00e9 du r\u00e9gime\u00bb, selon le renseignement isra\u00e9lien<\/p>\n<p class=\"fig-paragraph\">\u00abPour la premi\u00e8re fois depuis le d\u00e9but des manifestations, on voit des signes concrets que les \u00e9v\u00e9nements en Iran commencent \u00e0 remettre en cause la stabilit\u00e9 m\u00eame du r\u00e9gime\u00bb, a confi\u00e9\u00a0<a href=\"https:\/\/www.mako.co.il\/news-world\/2026_q1\/Article-ac53c6b5ab6ab91026.htm\" target=\"_blank\" rel=\"nofollow noopener\" data-gtm-custom-categorie=\"navigation\" data-gtm-custom-action=\"crossclick\" data-gtm-custom-label=\"Contextuel\" data-gtm-event=\"customEventSPE\">un haut responsable du renseignement isra\u00e9lien au journaliste de N12<\/a>\u00a0Yaron Avraham. \u00abSelon lui, \u00ab il ne s\u2019agit pas encore d\u2019une masse critique, et le r\u00e9gime n\u2019est pas au bord de l\u2019effondrement, mais la courbe des manifestations est en nette et constante augmentation, \u00e0 un rythme que nous n\u2019avons pas vu au cours des semaines pr\u00e9c\u00e9dentes\u00bb.<\/p>\n<p>\n        14:14\n            <\/p>\n<p class=\"fig-live-post__title\" role=\"heading\" aria-level=\"3\">Le proc\u00e8s de l\u2019Iranienne susceptible d\u2019\u00eatre \u00e9chang\u00e9e contre les Fran\u00e7ais Kohler et Paris s\u2019est ouvert<\/p>\n<p class=\"fig-paragraph\">Le proc\u00e8s pour apologie du terrorisme de l\u2019Iranienne Mahdieh Esfandiari, possible monnaie d\u2019\u00e9change avec T\u00e9h\u00e9ran\u00a0<a href=\"http:\/\/www.lefigaro.fr\/actualite-france\/le-proces-pour-apologie-du-terrorisme-de-l-iranienne-mahdieh-esfandiari-qui-pourrait-etre-echangee-contre-cecile-kohler-et-jacques-paris-s-ouvre-ce-mardi-20260113\" data-fig-type=\"NewsFlash\" data-gtm-custom-categorie=\"navigation\" data-gtm-custom-action=\"crossclick\" data-gtm-custom-label=\"Contextuel\" data-gtm-event=\"customEventSPE\" data-fig-domain=\"LEFIGARO\" target=\"_blank\" rel=\"noopener\">contre les Fran\u00e7ais C\u00e9cile Kohler et Jacques Paris<\/a>, s\u2019est ouvert mardi au tribunal correctionnel de Paris.<\/p>\n<p class=\"fig-paragraph\">\u00abJe suis ici aujourd\u2019hui car je vais enfin pouvoir m\u2019exprimer sur les faits, car il y a eu beaucoup d\u2019histoires erron\u00e9es me concernant dans les m\u00e9dias, et beaucoup de mensonges\u00bb, a d\u00e9clar\u00e9 la pr\u00e9venue \u00e0 la presse devant la salle d\u2019audience, juste avant l\u2019ouverture du proc\u00e8s.<\/p>\n<p>\n        13:52\n            <\/p>\n<p class=\"fig-live-post__title\" role=\"heading\" aria-level=\"3\">De la chute du r\u00e9gime \u00e0 la transition n\u00e9goci\u00e9e : les diff\u00e9rents sc\u00e9narios possibles en Iran<\/p>\n<p class=\"fig-paragraph\">Alors qu\u2019une troisi\u00e8me semaine de manifestations d\u00e9bute, en d\u00e9pit de la r\u00e9pression sanglante et de l\u2019oblit\u00e9ration des communications, la suite des \u00e9v\u00e9nements demeure incertaine.<\/p>\n<p>    Les manifestations dans les rues de T\u00e9h\u00e9ran, le 7 janvier 2026.<br \/>\n                Akasbashi\/SIPA<\/p>\n<p class=\"fig-paragraph\">Commerces \u00e0 l\u2019arr\u00eat, esquisse de mouvements de gr\u00e8ve, protestataires d\u00e9fiant sans interruption les balles, arrestations en s\u00e9rie\u2026 Alors que la R\u00e9publique islamique s\u2019appr\u00eate \u00e0 comm\u00e9morer, le 11\u00a0f\u00e9vrier, les 47\u00a0ans de la chute du chah,\u00a0<a href=\"https:\/\/www.lefigaro.fr\/international\/en-direct-iran-reza-pahlavi-le-fils-de-l-ancien-chah-appelle-les-forces-de-securite-a-rejoindre-le-peuple-20260112\" target=\"_blank\" data-fig-type=\"Live\" rel=\"noopener\" data-gtm-custom-categorie=\"navigation\" data-gtm-custom-action=\"crossclick\" data-gtm-custom-label=\"Contextuel\" data-gtm-event=\"customEventSPE\" data-fig-domain=\"LEFIGARO\">les manifestations qui embrasent l\u2019Iran<\/a>\u00a0depuis plus de deux semaines r\u00e9sonnent comme un \u00e9cho familier \u00e0 la r\u00e9volution de 1979. Apr\u00e8s des ann\u00e9es de tyrannie impos\u00e9e, le r\u00e9gime th\u00e9ocratique vit-il ses derni\u00e8res heures\u00a0? Ou la macabre r\u00e9pression en cours sonnera-t-elle le glas de la contestation\u00a0?<\/p>\n<p class=\"fig-body-cta-link\" data-module=\"fig-cta-link\" data-context=\"was @visible\">\n    <a class=\"fig-body-cta-link__link\" href=\"https:\/\/www.lefigaro.fr\/international\/de-la-chute-du-regime-a-la-transition-negociee-les-differents-scenarios-possibles-en-iran-20260112\" data-js-gtm=\"{&quot;event&quot;:&quot;customEventGA4&quot;,&quot;eventName&quot;:&quot;click_navigation&quot;,&quot;button_action&quot;:&quot;crossclick&quot;,&quot;feature&quot;:&quot;Contextuel_bouton&quot;,&quot;feature_details&quot;:&quot;LES DIFF\\u00c9RENTS SC\\u00c9NARIOS EN IRAN&quot;,&quot;link_url&quot;:&quot;https:\\\/\\\/www.lefigaro.fr\\\/international\\\/de-la-chute-du-regime-a-la-transition-negociee-les-differents-scenarios-possibles-en-iran-20260112&quot;}\" target=\"_blank\" rel=\"noopener\"><br \/>\n                LES DIFF\u00c9RENTS SC\u00c9NARIOS EN IRAN<br \/>\n    <\/a>\n<\/p>\n<p>\n        13:27\n            <\/p>\n<p class=\"fig-live-post__title\" role=\"heading\" aria-level=\"3\">Ursula von der Leyen veut des sanctions \u00abrapides\u00bb apr\u00e8s un nombre \u00abhorrifiant\u00bb de victimes<\/p>\n<p class=\"fig-paragraph\"><a href=\"http:\/\/www.lefigaro.fr\/vox\/monde\/nicolas-baverez-et-si-on-remplacait-ursula-von-der-leyen-par-mario-draghi-20251221\" data-fig-type=\"Article\" data-gtm-custom-categorie=\"navigation\" data-gtm-custom-action=\"crossclick\" data-gtm-custom-label=\"Contextuel\" data-gtm-event=\"customEventSPE\" data-fig-domain=\"LEFIGARO\" target=\"_blank\" rel=\"noopener\">La pr\u00e9sidente de la Commission europ\u00e9enne Ursula von\u00a0der\u00a0Leyen<\/a>\u00a0a promis mardi que de nouvelles sanctions contre T\u00e9h\u00e9ran allaient \u00eatre \u00abrapidement\u00bb propos\u00e9es aux 27, apr\u00e8s un bilan \u00abeffroyable\u00bb des victimes de la r\u00e9pression des manifestations en Iran.<\/p>\n<p class=\"fig-paragraph\">\u00abDe nouvelles sanctions visant les responsables de la r\u00e9pression seront rapidement propos\u00e9es\u00bb, a-t-elle indiqu\u00e9 sur le r\u00e9seau social X.<\/p>\n<p>\n        12:59\n            <\/p>\n<p class=\"fig-live-post__title\" role=\"heading\" aria-level=\"3\">Les Pays-Bas convoquent l\u2019ambassadeur d\u2019Iran<\/p>\n<p class=\"fig-paragraph\">L\u2019ambassadeur d\u2019Iran aux Pays-Bas a \u00e9t\u00e9 convoqu\u00e9 mardi pour protester contre les\u00a0<a href=\"http:\/\/www.lefigaro.fr\/international\/tirs-a-balles-reelles-gaz-lacrymogene-arrestations-en-iran-le-regime-reprime-sans-retenue-20260106\" data-fig-type=\"Article\" data-gtm-custom-categorie=\"navigation\" data-gtm-custom-action=\"crossclick\" data-gtm-custom-label=\"Contextuel\" data-gtm-event=\"customEventSPE\" data-fig-domain=\"LEFIGARO\" target=\"_blank\" rel=\"noopener\">violences \u00abexcessives\u00bb perp\u00e9tr\u00e9es contre des manifestants pacifiques en Iran<\/a>, a d\u00e9clar\u00e9 le ministre n\u00e9erlandais des Affaires \u00e9trang\u00e8res, David van Weel.<\/p>\n<p class=\"fig-paragraph\">\u00abL\u2019Iran doit respecter les droits fondamentaux et r\u00e9tablir imm\u00e9diatement l\u2019acc\u00e8s \u00e0 Internet. Les autorit\u00e9s doivent \u00eatre tenues pour responsables\u00bb, a affirm\u00e9 David van Weel dans une publication sur le r\u00e9seau social X, affirmant \u00abse tenir aux c\u00f4t\u00e9s des Europ\u00e9ens afin de sanctionner ces atteintes aux droits de l\u2019homme\u00bb<\/p>\n<p>\n        12:29\n            <\/p>\n<p class=\"fig-live-post__title\" role=\"heading\" aria-level=\"3\">La militante Malala Yousafzai d\u00e9nonce le syst\u00e8me de \u00abs\u00e9gr\u00e9gation\u00bb sexiste en place en Iran et se tient \u00abaux c\u00f4t\u00e9s du peuple\u00bb dans sa qu\u00eate de libert\u00e9<\/p>\n<p class=\"fig-paragraph\">La militante pakistanaise\u00a0<a href=\"http:\/\/www.lefigaro.fr\/international\/israel-a-decime-le-systeme-educatif-a-gaza-denonce-la-pakistanaise-malala-yousafzai-prix-nobel-de-la-paix-20250112\" target=\"_blank\" data-fig-type=\"NewsFlash\" rel=\"noopener\" data-gtm-custom-categorie=\"navigation\" data-gtm-custom-action=\"crossclick\" data-gtm-custom-label=\"Contextuel\" data-gtm-event=\"customEventSPE\" data-fig-domain=\"LEFIGARO\">Malala Yousafzai<\/a>\u00a0a estim\u00e9 sur X que \u00ables manifestations en Iran sont indissociables des restrictions de longue date impos\u00e9es par l\u2019\u00c9tat \u00e0 l\u2019autonomie des filles et des femmes, dans tous les aspects de la vie publique, y compris l\u2019\u00e9ducation\u00bb.<\/p>\n<p class=\"fig-paragraph\">\u00abLe peuple iranien d\u00e9nonce cette r\u00e9pression depuis longtemps, au p\u00e9ril de sa vie, et sa voix est \u00e9touff\u00e9e depuis des d\u00e9cennies\u00bb, abonde-t-elle, d\u00e9non\u00e7ant \u00abun syst\u00e8me plus vaste de contr\u00f4le sexiste, fond\u00e9 sur la s\u00e9gr\u00e9gation, la surveillance et la r\u00e9pression, qui limite la libert\u00e9, le choix et la s\u00e9curit\u00e9 bien au-del\u00e0 des murs de l\u2019\u00e9cole\u00bb.<\/p>\n<p class=\"fig-paragraph\">La militante annonce se tenir \u00abaux c\u00f4t\u00e9s du peuple et des filles iraniennes dans leur qu\u00eate de libert\u00e9 et de dignit\u00e9\u00bb. Et de conclure\u00a0: \u00abElles m\u00e9ritent de d\u00e9cider de leur propre avenir.\u00bb<\/p>\n<p>\n        11:46\n            <\/p>\n<p class=\"fig-live-post__title\" role=\"heading\" aria-level=\"3\">Le Qatar affirme qu\u2019une escalade entre les \u00c9tats-Unis et l\u2019Iran serait \u00abcatastrophique\u00bb pour la r\u00e9gion<\/p>\n<p class=\"fig-paragraph\">Le\u00a0<a href=\"http:\/\/www.lefigaro.fr\/international\/desarmement-du-hamas-liens-sulfureux-avec-le-qatar-imperialisme-turc-israel-inquiet-de-la-prise-de-distance-de-donald-trump-20251230\" target=\"_blank\" data-fig-type=\"Article\" rel=\"noopener\" data-gtm-custom-categorie=\"navigation\" data-gtm-custom-action=\"crossclick\" data-gtm-custom-label=\"Contextuel\" data-gtm-event=\"customEventSPE\" data-fig-domain=\"LEFIGARO\">Qatar<\/a>\u00a0a estim\u00e9 mardi qu\u2019une confrontation entre les \u00c9tats-Unis et l\u2019Iran serait \u00abcatastrophique\u00bb pour la r\u00e9gion, apr\u00e8s que le pr\u00e9sident am\u00e9ricain a menac\u00e9 d\u2019intervenir militairement dans ce pays, en proie \u00e0 la contestation.<\/p>\n<p class=\"fig-paragraph\">\u00abNous savons que toute escalade [&#8230;] aurait des cons\u00e9quences catastrophiques dans la r\u00e9gion et au-del\u00e0, et nous voulons donc l\u2019\u00e9viter autant que possible\u00bb, a d\u00e9clar\u00e9 le porte-parole du minist\u00e8re qatari des Affaires \u00e9trang\u00e8res, Majed al-Ansari, durant une conf\u00e9rence de presse \u00e0 Doha.<\/p>\n<p>\n        11:33\n            <\/p>\n<p class=\"fig-live-post__title\" role=\"heading\" aria-level=\"3\">Environ 2000 personnes tu\u00e9es lors des manifestations, selon un responsable iranien<\/p>\n<p class=\"fig-paragraph\">Un responsable iranien a indiqu\u00e9, sous couvert d\u2019anonymat, \u00e0 Reuters, qu\u2019environ 2000 personnes avaient \u00e9t\u00e9 tu\u00e9es au cours des manifestations qui enflamment l\u2019Iran depuis le 28 d\u00e9cembre.<\/p>\n<p class=\"fig-paragraph\">Des membres des forces de s\u00e9curit\u00e9 font partie des victimes, ajoute le responsable, qui accuse des \u00abterroristes\u00bb d\u2019\u00eatre responsables des d\u00e9c\u00e8s.<\/p>\n<p class=\"fig-body-link\">\n            \u00c0 lire aussi<br \/>\n        <a class=\"fig-body-link__link fig-premium-mark\" href=\"http:\/\/www.lefigaro.fr\/international\/tirs-a-balles-reelles-gaz-lacrymogene-arrestations-en-iran-le-regime-reprime-sans-retenue-20260106\" data-fig-type=\"Article\" data-gtm-custom-categorie=\"navigation\" data-gtm-custom-action=\"crossclick\" data-gtm-custom-label=\"Contextuel\" data-gtm-event=\"customEventSPE\" data-fig-domain=\"LEFIGARO\" target=\"_blank\" rel=\"noopener\"><\/p>\n<p>        Tirs \u00e0 balles r\u00e9elles, gaz lacrymog\u00e8ne, arrestations&#8230; En Iran, le r\u00e9gime r\u00e9prime sans retenue<br \/>\n    <\/a>\n<\/p>\n<p>\n        11:15\n            <\/p>\n<p class=\"fig-live-post__title\" role=\"heading\" aria-level=\"3\">Le chef des droits de l\u2019homme de l\u2019ONU \u00abhorrifi\u00e9\u00bb par la \u00abr\u00e9pression\u00bb<\/p>\n<p class=\"fig-paragraph\">Le Haut-Commissaire de l\u2019ONU aux droits de l\u2019homme\u00a0<a href=\"http:\/\/www.lefigaro.fr\/vox\/monde\/volker-tuerk-l-intervention-militaire-au-venezuela-rend-chaque-pays-moins-sur-20260107\" target=\"_blank\" data-fig-type=\"Article\" rel=\"noopener\" data-gtm-custom-categorie=\"navigation\" data-gtm-custom-action=\"crossclick\" data-gtm-custom-label=\"Contextuel\" data-gtm-event=\"customEventSPE\" data-fig-domain=\"LEFIGARO\">Volker T\u00fcrk\u00a0<\/a>s\u2019est dit mardi \u00abhorrifi\u00e9\u00bb par la \u00abr\u00e9pression\u00bb des manifestations en Iran, qui a fait plus de 600 morts depuis le d\u00e9but de la contestation selon une ONG.<\/p>\n<p class=\"fig-paragraph\">\u00abIl faut cesser de tuer des manifestants pacifiques, et il est inacceptable de qualifier les manifestants de \u201cterroristes\u201d pour justifier la violence \u00e0 leur \u00e9gard\u00bb, a-t-il d\u00e9clar\u00e9 dans un communiqu\u00e9.<\/p>\n<p>\n        11:03\n            <\/p>\n<p class=\"fig-live-post__title\" role=\"heading\" aria-level=\"3\">C\u00e9cile Kohler et Jacques Paris, assign\u00e9s \u00e0 r\u00e9sidence \u00e0 T\u00e9h\u00e9ran, vont bien<\/p>\n<p class=\"fig-paragraph\"><a href=\"http:\/\/www.lefigaro.fr\/international\/le-retour-en-france-de-cecile-kohler-et-jacques-paris-suspendu-au-sort-d-une-iranienne-transferee-a-l-ambassade-d-iran-a-paris-20251105\" target=\"_blank\" data-fig-type=\"Article\" rel=\"noopener\" data-gtm-custom-categorie=\"navigation\" data-gtm-custom-action=\"crossclick\" data-gtm-custom-label=\"Contextuel\" data-gtm-event=\"customEventSPE\" data-fig-domain=\"LEFIGARO\">C\u00e9cile Kohler<\/a>\u00a0et\u00a0<a href=\"http:\/\/www.lefigaro.fr\/international\/oh-la-vache-quand-benjamin-briere-apprend-en-pleine-conference-la-liberation-de-cecile-kohler-et-de-jacques-paris-20251105\" target=\"_blank\" data-fig-type=\"NewsFlash\" rel=\"noopener\" data-gtm-custom-categorie=\"navigation\" data-gtm-custom-action=\"crossclick\" data-gtm-custom-label=\"Contextuel\" data-gtm-event=\"customEventSPE\" data-fig-domain=\"LEFIGARO\">Jacques Paris<\/a>, assign\u00e9s \u00e0 l\u2019ambassade de France \u00e0 T\u00e9h\u00e9ran en attente d\u2019une potentielle lib\u00e9ration, \u00abvont bien\u00bb malgr\u00e9 le mouvement contestataire in\u00e9dit qui secoue l\u2019Iran, a indiqu\u00e9 mardi \u00e0 l\u2019AFP leur entourage, qui \u00absuit la situation heure par heure\u00bb.<\/p>\n<p class=\"fig-paragraph\">\u00abIls sont toujours assign\u00e9s \u00e0 r\u00e9sidence \u00e0 l\u2019ambassade. Ils sont avec les personnels essentiels [de l\u2019ambassade] qui continuent \u00e0 \u00eatre tr\u00e8s attentifs \u00e0 leur \u00e9gard\u00bb, a d\u00e9clar\u00e9 No\u00e9mie Kohler, la s\u0153ur de C\u00e9cile Kohler.<\/p>\n<p class=\"fig-paragraph\">\u00abLeur s\u00e9curit\u00e9 est assur\u00e9e\u00bb, a soulign\u00e9 de son c\u00f4t\u00e9 Anne-Laure Paris, la fille de Jacques Paris. \u00abIls se remettent peu \u00e0 peu de leur d\u00e9tention, mais ils sont impatients de rentrer\u00bb, a-t-elle ajout\u00e9.<\/p>\n<p class=\"fig-paragraph\">Les deux Fran\u00e7ais avaient \u00e9t\u00e9 arr\u00eat\u00e9s et incarc\u00e9r\u00e9s en Iran en mai 2022 avant d\u2019\u00eatre condamn\u00e9s respectivement \u00e0 20 et 17 ans de prison, notamment pour espionnage pour Isra\u00ebl, en octobre dernier. Ils avaient finalement \u00e9t\u00e9 lib\u00e9r\u00e9s, d\u00e9but novembre, avec l\u2019interdiction toutefois de quitter le pays.<\/p>\n<p class=\"fig-body-link\">\n            \u00c0 lire aussi<br \/>\n        <a class=\"fig-body-link__link\" href=\"http:\/\/www.lefigaro.fr\/actualite-france\/le-proces-pour-apologie-du-terrorisme-de-l-iranienne-mahdieh-esfandiari-qui-pourrait-etre-echangee-contre-cecile-kohler-et-jacques-paris-s-ouvre-ce-mardi-20260113\" target=\"_blank\" data-fig-type=\"NewsFlash\" rel=\"noopener\" data-gtm-custom-categorie=\"navigation\" data-gtm-custom-action=\"crossclick\" data-gtm-custom-label=\"Contextuel\" data-gtm-event=\"customEventSPE\" data-fig-domain=\"LEFIGARO\"><\/p>\n<p>        Le proc\u00e8s pour apologie du terrorisme de l&rsquo;Iranienne Mahdieh Esfandiari, qui pourrait \u00eatre \u00e9chang\u00e9e contre C\u00e9cile Kohler et Jacques Paris, s\u2019ouvre ce mardi<br \/>\n    <\/a>\n<\/p>\n<p>\n        10:45\n            <\/p>\n<p class=\"fig-live-post__title\" role=\"heading\" aria-level=\"3\">L\u2019Australie \u00abcondamne le r\u00e9gime iranien\u00bb, fait savoir son premier ministre<\/p>\n<p class=\"fig-paragraph\">Le premier ministre australien\u00a0<a href=\"http:\/\/www.lefigaro.fr\/flash-actu\/heros-australiens-l-hommage-d-anthony-albanese-a-un-couple-de-sexagenaires-tue-dans-l-attentat-de-sydney-20251217\" target=\"_blank\" data-fig-type=\"NewsFlash\" rel=\"noopener\" data-gtm-custom-categorie=\"navigation\" data-gtm-custom-action=\"crossclick\" data-gtm-custom-label=\"Contextuel\" data-gtm-event=\"customEventSPE\" data-fig-domain=\"LEFIGARO\">Anthony Albanese<\/a>\u00a0a affirm\u00e9 sur X que son pays est \u00absolidaire du peuple iranien dans sa lutte pour la dignit\u00e9 et la libert\u00e9\u00bb. \u00abNous condamnons le r\u00e9gime iranien et soutenons un Iran d\u00e9mocratique respectueux des droits humains\u00bb, a-t-il fait savoir.<\/p>\n<p>\n        10:22\n            <\/p>\n<p class=\"fig-live-post__title\" role=\"heading\" aria-level=\"3\">Glucksmann appelle l\u2019UE \u00e0 sortir \u00abdu commentaire\u00bb sur l\u2019Iran<\/p>\n<p class=\"fig-paragraph\">L\u2019UE doit sortir \u00abdu commentaire\u00bb sur l\u2019Iran, a estim\u00e9 mardi l\u2019eurod\u00e9put\u00e9 social-d\u00e9mocrate\u00a0<a href=\"http:\/\/www.lefigaro.fr\/politique\/trumpisme-violence-brutalite-raphael-glucksmann-charge-les-adversaires-de-la-gauche-en-vue-des-municipales-a-paris-20251221\" target=\"_blank\" data-fig-type=\"NewsFlash\" rel=\"noopener\" data-gtm-custom-categorie=\"navigation\" data-gtm-custom-action=\"crossclick\" data-gtm-custom-label=\"Contextuel\" data-gtm-event=\"customEventSPE\" data-fig-domain=\"LEFIGARO\">Rapha\u00ebl Glucksmann<\/a>, candidat potentiel \u00e0 la pr\u00e9sidentielle, et devrait notamment classer les gardiens de la r\u00e9volution, bras arm\u00e9 du r\u00e9gime, sur sa liste des organisations terroristes.<\/p>\n<p class=\"fig-paragraph\">\u00abJe ne supporte plus ces communiqu\u00e9s de l\u2019Union europ\u00e9enne qui disent \u201cnous surveillons la situation\u201d. Nous ne sommes pas des commentateurs de l\u2019histoire. Au Parlement europ\u00e9en, nous demandons depuis des ann\u00e9es que les gardiens de la r\u00e9volution, qui sont l\u2019instrument de la r\u00e9pression, soient plac\u00e9s sur la liste des organisations terroristes de l\u2019UE\u00bb, a r\u00e9clam\u00e9 Rapha\u00ebl Glucksmann sur France Inter.<\/p>\n<p>    Rapha\u00ebl Glucksmann prononce un discours lors d\u2019un rassemblement de la gauche sociale-d\u00e9mocrate \u00e0 Pontoise, le 16 novembre 2025.<br \/>\n                GEOFFROY VAN DER HASSELT \/ AFP<\/p>\n<p class=\"fig-paragraph\">\u00abCela nous permettra d\u2019aller traquer les financements, de cibler leurs leaders, de couper toute relation commerciale, financi\u00e8re\u00bb car \u00abil faut que le r\u00e9gime des mollahs tombe\u00bb, a-t-il affirm\u00e9. Pour autant, l\u2019eurod\u00e9put\u00e9 ne fait \u00abaucune confiance aux actions unilat\u00e9rales de Donald Trump\u00bb pour aider au renversement du r\u00e9gime iranien.<\/p>\n<p class=\"fig-paragraph\">\u00abAu Venezuela, il a fait une frappe, il a laiss\u00e9 en place le r\u00e9gime. Tout \u00e7a pour servir les int\u00e9r\u00eats am\u00e9ricains\u00bb, a-t-il d\u00e9plor\u00e9. \u00abEntre des frappes unilat\u00e9rales am\u00e9ricaines et simplement des communiqu\u00e9s de presse, il y a des actions qu\u2019on appelle la politique\u00bb, a-t-il estim\u00e9.<\/p>\n<p class=\"fig-body-link\">\n            \u00c0 lire aussi<br \/>\n        <a class=\"fig-body-link__link fig-premium-mark\" href=\"http:\/\/www.lefigaro.fr\/politique\/un-documentaire-inedit-devoile-les-ascendances-troubles-de-raphael-glucksmann-20260109\" target=\"_blank\" data-fig-type=\"Article\" rel=\"noopener\" data-gtm-custom-categorie=\"navigation\" data-gtm-custom-action=\"crossclick\" data-gtm-custom-label=\"Contextuel\" data-gtm-event=\"customEventSPE\" data-fig-domain=\"LEFIGARO\"><\/p>\n<p>        Un documentaire in\u00e9dit d\u00e9voile les ascendances troubles de Rapha\u00ebl Glucksmann<br \/>\n    <\/a>\n<\/p>\n<p>\n        10:03\n            <\/p>\n<p class=\"fig-live-post__title\" role=\"heading\" aria-level=\"3\">L\u2019Iran a coup\u00e9 l\u2019internet \u00abapr\u00e8s le d\u00e9but des op\u00e9rations terroristes\u00bb, d\u00e9clare le chef de la diplomatie sur al-Jazeera<\/p>\n<p class=\"fig-paragraph\">L\u2019Iran a coup\u00e9 les communications par internet le 8 janvier parce que des \u00abop\u00e9rations terroristes\u00bb avaient commenc\u00e9 durant les manifestations, initialement li\u00e9es \u00e0 des revendications \u00e9conomiques, a affirm\u00e9 mardi le chef de la diplomatie sur\u00a0<a href=\"http:\/\/www.lefigaro.fr\/medias\/faut-il-interdire-al-jazeera-et-aj-en-france-20240411\" data-fig-type=\"Article\" data-gtm-custom-categorie=\"navigation\" data-gtm-custom-action=\"crossclick\" data-gtm-custom-label=\"Contextuel\" data-gtm-event=\"customEventSPE\" data-fig-domain=\"LEFIGARO\" target=\"_blank\" rel=\"noopener\">la cha\u00eene al-Jazeera.<\/a><\/p>\n<p class=\"fig-paragraph\">\u00abLe gouvernement dialoguait avec les manifestants. L\u2019internet n\u2019a \u00e9t\u00e9 coup\u00e9 que lorsque nous avons \u00e9t\u00e9 confront\u00e9s \u00e0 des op\u00e9rations terroristes et constat\u00e9 que les ordres venaient de l\u2019\u00e9tranger\u00bb, a d\u00e9clar\u00e9 le ministre des Affaires \u00e9trang\u00e8res iranien, Abbas Araghchi.<\/p>\n<p class=\"fig-paragraph\">Des d\u00e9fenseurs des droits humains ont accus\u00e9 la R\u00e9publique islamique d\u2019avoir coup\u00e9 l\u2019internet afin de masquer la r\u00e9pression qui a fait selon eux des centaines, voire des milliers de morts.<\/p>\n<p>\n        09:55\n            <\/p>\n<p class=\"fig-live-post__title\" role=\"heading\" aria-level=\"3\">La Finlande convoque l\u2019ambassadeur d\u2019Iran<\/p>\n<p class=\"fig-paragraph\">La\u00a0<a href=\"http:\/\/www.lefigaro.fr\/international\/finlande-la-police-interroge-l-equipage-du-navire-soupconne-d-avoir-endommage-un-cable-sous-marin-20260102\" target=\"_blank\" data-fig-type=\"NewsFlash\" rel=\"noopener\" data-gtm-custom-categorie=\"navigation\" data-gtm-custom-action=\"crossclick\" data-gtm-custom-label=\"Contextuel\" data-gtm-event=\"customEventSPE\" data-fig-domain=\"LEFIGARO\">Finlande<\/a>\u00a0a affirm\u00e9 se tenir \u00abaux c\u00f4t\u00e9s du peuple iranien\u00bb et annonc\u00e9 la convocation mardi de l\u2019ambassadeur iranien \u00e0 Helsinki, apr\u00e8s la coupure d\u2019internet d\u00e9cid\u00e9e par T\u00e9h\u00e9ran et la violente r\u00e9pression des manifestations. \u00abLe r\u00e9gime iranien a coup\u00e9 internet pour pouvoir tuer et opprimer en silence\u00bb, a \u00e9crit sur X la ministre finlandaise des Affaires \u00e9trang\u00e8res, Elina Valtonen.<\/p>\n<p class=\"fig-paragraph\">\u00abCela ne sera pas tol\u00e9r\u00e9. Nous sommes aux c\u00f4t\u00e9s du peuple iranien, femmes et hommes confondus\u00bb, a-t-elle poursuivi. Elina Valtonen a \u00e9galement indiqu\u00e9 que la Finlande \u00e9tudiait, en collaboration avec l\u2019UE, \u00abdes mesures pour aider \u00e0 rendre la libert\u00e9 au peuple iranien\u00bb.<\/p>\n<p>\n        09:45\n            <\/p>\n<p class=\"fig-live-post__title\" role=\"heading\" aria-level=\"3\">\u00abLa situation ne va pas s\u2019am\u00e9liorer pour la Russie\u00bb, estime Zelensky en r\u00e9action aux manifestations en Iran<\/p>\n<p class=\"fig-paragraph\">\u00abCe qui se passe actuellement en Iran est un signe clair que la situation ne va pas s\u2019am\u00e9liorer pour la Russie\u00bb, a d\u00e9clar\u00e9 le pr\u00e9sident ukrainien\u00a0<a href=\"http:\/\/www.lefigaro.fr\/international\/guerre-en-ukraine-volodymyr-zelensky-remplace-le-chef-du-service-de-securite-nationale-vassyl-maliouk-connu-pour-des-operations-spectaculaires-contre-la-russie-20260105\" target=\"_blank\" data-fig-type=\"NewsFlash\" rel=\"noopener\" data-gtm-custom-categorie=\"navigation\" data-gtm-custom-action=\"crossclick\" data-gtm-custom-label=\"Contextuel\" data-gtm-event=\"customEventSPE\" data-fig-domain=\"LEFIGARO\">Volodymyr Zelensky<\/a>\u00a0sur X, qui qualifie les manifestations qui enflamment le pays depuis le 28 d\u00e9cembre de \u00abv\u00e9ritable soul\u00e8vement\u00bb.<\/p>\n<p class=\"fig-paragraph\">\u00abToute personne de bonne volont\u00e9 sur cette plan\u00e8te souhaite ardemment que le peuple iranien se lib\u00e8re enfin du r\u00e9gime actuel, responsable de tant de souffrances en Ukraine et dans d\u2019autres pays\u00bb, poursuit Zelensky, qui juge \u00abcrucial que le monde ne laisse pas passer cette occasion de changement\u00bb et appelle \u00abchaque dirigeant, chaque pays et chaque organisation internationale [\u00e0] intervenir sans d\u00e9lai.\u00bb \u00abTout peut encore changer\u00bb, conclut-il.<\/p>\n<p>\n        09:17\n            <\/p>\n<p class=\"fig-live-post__title\" role=\"heading\" aria-level=\"3\">Le chancelier allemand estime que le pouvoir en Iran vit ses \u00abderniers jours et semaines\u00bb<\/p>\n<p class=\"fig-paragraph\">Le chancelier allemand\u00a0<a href=\"http:\/\/www.lefigaro.fr\/international\/friedrich-merz-nouvel-ennemi-numero-un-du-kremlin-20260101\" data-fig-type=\"Article\" data-gtm-custom-categorie=\"navigation\" data-gtm-custom-action=\"crossclick\" data-gtm-custom-label=\"Contextuel\" data-gtm-event=\"customEventSPE\" data-fig-domain=\"LEFIGARO\" target=\"_blank\" rel=\"noopener\">Friedrich Merz<\/a>\u00a0a estim\u00e9 mardi que le pouvoir en Iran vit ses \u00abderniers jours et derni\u00e8res semaines\u00bb, au moment o\u00f9 les autorit\u00e9s iraniennes sont accus\u00e9es de r\u00e9primer dans le sang de vastes manifestations.<\/p>\n<p>    Le chancelier allemand Friedrich Merz.<br \/>\n                Ludovic MARIN \/ REUTERS<\/p>\n<p class=\"fig-paragraph\">\u00ab<a href=\"http:\/\/www.lefigaro.fr\/international\/tirs-a-balles-reelles-gaz-lacrymogene-arrestations-en-iran-le-regime-reprime-sans-retenue-20260106\" data-fig-type=\"Article\" data-gtm-custom-categorie=\"navigation\" data-gtm-custom-action=\"crossclick\" data-gtm-custom-label=\"Contextuel\" data-gtm-event=\"customEventSPE\" data-fig-domain=\"LEFIGARO\" target=\"_blank\" rel=\"noopener\">Lorsqu\u2019un r\u00e9gime ne peut se maintenir au pouvoir que par la violence<\/a>, il est de facto \u00e0 bout de souffle. Je pars du principe que nous voyons l\u00e0 les derniers jours et semaines de ce r\u00e9gime\u00bb, a-t-il dit au cours d\u2019un d\u00e9placement \u00e0 Bangalore, dans le sud de l\u2019Inde, selon ses propos retransmis par la t\u00e9l\u00e9vision allemande.<\/p>\n<p>\n        09:00\n            <\/p>\n<p class=\"fig-live-post__title\" role=\"heading\" aria-level=\"3\">L\u2019Espagne convoque l\u2019ambassadeur iranien pour \u00abcondamner\u00bb la situation<\/p>\n<p class=\"fig-paragraph\">L\u2019<a href=\"http:\/\/www.lefigaro.fr\/flash-eco\/espagne-une-cyberattaque-compromet-la-confidentialite-de-donnees-de-clients-d-endesa-20260112\" target=\"_blank\" data-fig-type=\"NewsFlash\" rel=\"noopener\" data-gtm-custom-categorie=\"navigation\" data-gtm-custom-action=\"crossclick\" data-gtm-custom-label=\"Contextuel\" data-gtm-event=\"customEventSPE\" data-fig-domain=\"LEFIGARO\">Espagne<\/a>\u00a0a convoqu\u00e9 mardi l\u2019ambassadeur iranien \u00e0 Madrid afin de lui exprimer son \u00abferme rejet et condamnation\u00bb de la r\u00e9pression des manifestations qui, selon des ONG, ont fait des centaines de morts en Iran, a annonc\u00e9 le ministre des Affaires \u00e9trang\u00e8res.<\/p>\n<p class=\"fig-paragraph\">\u00abLe droit des hommes et des femmes iraniens \u00e0 manifester pacifiquement, leur libert\u00e9 d\u2019expression, doit \u00eatre respect\u00e9\u00bb et les \u00abarrestations arbitraires doivent cesser\u00bb, a affirm\u00e9\u00a0<a href=\"https:\/\/www.lefigaro.fr\/international\/jose-manuel-albares-tous-les-europeens-ont-pris-conscience-des-menaces-20220606\" data-fig-type=\"Article\" data-gtm-custom-categorie=\"navigation\" data-gtm-custom-action=\"crossclick\" data-gtm-custom-label=\"Contextuel\" data-gtm-event=\"customEventSPE\" data-fig-domain=\"LEFIGARO\" target=\"_blank\" rel=\"noopener\">le ministre Jos\u00e9 Manuel Albares<\/a>\u00a0\u00e0 la radio Catalunya.<\/p>\n<p>\n        08:44\n            <\/p>\n<p class=\"fig-live-post__title\" role=\"heading\" aria-level=\"3\">Les liaisons t\u00e9l\u00e9phoniques internationales reprennent avec l\u2019Iran, selon un journaliste de l\u2019AFP<\/p>\n<p class=\"fig-paragraph\">Les liaisons t\u00e9l\u00e9phoniques internationales, interrompues depuis vendredi, ont repris mardi avec l\u2019Iran, selon un journaliste de l\u2019AFP \u00e0 T\u00e9h\u00e9ran.<\/p>\n<p>\n        08:41\n            <\/p>\n<p class=\"fig-live-post__title\" role=\"heading\" aria-level=\"3\">La coupure d\u2019internet impos\u00e9e le 8 janvier en Iran dure depuis 108 heures, selon une ONG<\/p>\n<p class=\"fig-paragraph\">La coupure d\u2019internet en Iran impos\u00e9e le 8 janvier par les autorit\u00e9s dure maintenant depuis plus de quatre jours et demi, a indiqu\u00e9 mardi l\u2019ONG de surveillance de la cybers\u00e9curit\u00e9 Netblocks.<\/p>\n<p class=\"fig-paragraph\">\u00abCela fait 108 heures que l\u2019Iran a mis en place une coupure de l\u2019internet au niveau national qui isole les Iraniens du reste du monde et les isole les uns des autres\u00bb, a d\u00e9clar\u00e9 Netblocks.<\/p>\n<p>\n        08:38\n            <\/p>\n<p class=\"fig-live-post__title\" role=\"heading\" aria-level=\"3\">Le peuple, \u00absans d\u00e9fense\u00bb, a besoin de la communaut\u00e9 internationale, dit le r\u00e9alisateur Jafar Panahi<\/p>\n<p class=\"fig-paragraph\">La r\u00e9pression des manifestations en Iran frappe un peuple \u00absans d\u00e9fense\u00bb qui a besoin du soutien de la communaut\u00e9 internationale pour \u00aben finir\u00bb avec le pouvoir en place, a affirm\u00e9 mardi r\u00e9alisateur iranien\u00a0<a href=\"http:\/\/www.lefigaro.fr\/cinema\/protestation-contre-la-vie-chere-en-iran-jafar-panahi-appelle-a-faire-avancer-l-histoire-20251231\" target=\"_blank\" data-fig-type=\"NewsFlash\" rel=\"noopener\" data-gtm-custom-categorie=\"navigation\" data-gtm-custom-action=\"crossclick\" data-gtm-custom-label=\"Contextuel\" data-gtm-event=\"customEventSPE\" data-fig-domain=\"LEFIGARO\">Jafar Panahi<\/a>, Palme d\u2019or du dernier\u00a0<a href=\"http:\/\/www.lefigaro.fr\/medias\/c-est-comme-dire-que-le-festival-de-cannes-c-est-fini-le-chaos-au-festival-d-angouleme-une-tornade-pour-le-secteur-de-la-bd-20251112\" target=\"_blank\" data-fig-type=\"NewsFlash\" rel=\"noopener\" data-gtm-custom-categorie=\"navigation\" data-gtm-custom-action=\"crossclick\" data-gtm-custom-label=\"Contextuel\" data-gtm-event=\"customEventSPE\" data-fig-domain=\"LEFIGARO\">Festival de Cannes<\/a>.<\/p>\n<p class=\"fig-paragraph\">\u00abLe peuple iranien est sans d\u00e9fense aujourd\u2019hui et malgr\u00e9 tout \u00e7a, il est dans les rues\u00bb, a salu\u00e9 le cin\u00e9aste sur la radio France Inter en d\u00e9non\u00e7ant\u00a0<a href=\"http:\/\/www.lefigaro.fr\/international\/tirs-a-balles-reelles-gaz-lacrymogene-arrestations-en-iran-le-regime-reprime-sans-retenue-20260106\" data-fig-type=\"Article\" data-gtm-custom-categorie=\"navigation\" data-gtm-custom-action=\"crossclick\" data-gtm-custom-label=\"Contextuel\" data-gtm-event=\"customEventSPE\" data-fig-domain=\"LEFIGARO\" target=\"_blank\" rel=\"noopener\">la brutalit\u00e9 de la r\u00e9pression<\/a>\u00a0qui a fait au moins 600 morts selon le bilan d\u2019une organisation non gouvernementale.<\/p>\n<p>\n        08:22\n            <\/p>\n<p class=\"fig-live-post__title\" role=\"heading\" aria-level=\"3\">La Chine \u00absauvegardera\u00bb ses int\u00e9r\u00eats, indique P\u00e9kin apr\u00e8s les menaces de sanctions de Trump<\/p>\n<p class=\"fig-paragraph\">La Chine a d\u00e9clar\u00e9 mardi qu\u2019elle d\u00e9fendrait \u00abr\u00e9solument\u00bb ses int\u00e9r\u00eats devant l\u2019annonce par le pr\u00e9sident Donald Trump que\u00a0<a href=\"https:\/\/www.lefigaro.fr\/international\/en-direct-iran-reza-pahlavi-le-fils-de-l-ancien-chah-appelle-les-forces-de-securite-a-rejoindre-le-peuple-20260112\" data-fig-type=\"Live\" data-gtm-custom-categorie=\"navigation\" data-gtm-custom-action=\"crossclick\" data-gtm-custom-label=\"Contextuel\" data-gtm-event=\"customEventSPE\" data-fig-domain=\"LEFIGARO\" target=\"_blank\" rel=\"noopener\">les \u00c9tats-Unis frapperaient de droits de douane de 25% tout pays commer\u00e7ant avec l\u2019Iran<\/a>, en proie \u00e0 la contestation.<\/p>\n<p class=\"fig-paragraph\">\u00abNous avons toujours pens\u00e9 qu\u2019il n\u2019y avait pas de gagnants dans une guerre commerciale, et la Chine sauvegardera r\u00e9solument ses droits et int\u00e9r\u00eats l\u00e9gitimes\u00bb, a d\u00e9clar\u00e9 une porte-parole du minist\u00e8re des Affaires \u00e9trang\u00e8res, Mao Ning, au cours d\u2019un point-presse r\u00e9gulier.<\/p>\n<p>\n        08:07\n            <\/p>\n<p class=\"fig-live-post__title\" role=\"heading\" aria-level=\"3\">Au moins 648 manifestants tu\u00e9s depuis le d\u00e9but de la contestation<\/p>\n<p class=\"fig-paragraph\">Au moins 648 manifestants ont \u00e9t\u00e9 tu\u00e9s en Iran depuis le 28 d\u00e9cembre, d\u00e9but du mouvement de contestation contre le pouvoir, a annonc\u00e9 lundi l\u2019ONG Iran Human Rights, bas\u00e9e en Norv\u00e8ge.<\/p>\n<p class=\"fig-paragraph\">Parmi les personnes tu\u00e9es figurent neuf mineurs, pr\u00e9cise l\u2019organisation, faisant \u00e9galement \u00e9tat de milliers de bless\u00e9s et d\u2019environ 10.000 arrestations. Certaines estimations, que l\u2019ONG n\u2019a pas pu v\u00e9rifier, \u00e9voquent un bilan nettement plus \u00e9lev\u00e9, allant jusqu\u2019\u00e0 plus de 6000 morts, ajoute-t-elle.<\/p>\n<p class=\"fig-body-link\">\n            \u00c0 lire aussi<br \/>\n        <a class=\"fig-body-link__link fig-premium-mark\" href=\"http:\/\/www.lefigaro.fr\/international\/tirs-a-balles-reelles-gaz-lacrymogene-arrestations-en-iran-le-regime-reprime-sans-retenue-20260106\" data-fig-type=\"Article\" data-gtm-custom-categorie=\"navigation\" data-gtm-custom-action=\"crossclick\" data-gtm-custom-label=\"Contextuel\" data-gtm-event=\"customEventSPE\" data-fig-domain=\"LEFIGARO\" target=\"_blank\" rel=\"noopener\"><\/p>\n<p>        Tirs \u00e0 balles r\u00e9elles, gaz lacrymog\u00e8ne, arrestations&#8230; En Iran, le r\u00e9gime r\u00e9prime sans retenue<br \/>\n    <\/a>\n<\/p>\n<p>\n        07:32\n            <\/p>\n<p class=\"fig-live-post__title\" role=\"heading\" aria-level=\"3\">Des milliers de manifestants en soutien au pouvoir iranien<\/p>\n<p class=\"fig-paragraph\">\u00c0 l\u2019appel du pr\u00e9sident\u00a0<a href=\"http:\/\/www.lefigaro.fr\/international\/iran-le-reformateur-massoud-pezeshkian-cree-la-surprise-20240707\" data-fig-type=\"Article\" data-gtm-custom-categorie=\"navigation\" data-gtm-custom-action=\"crossclick\" data-gtm-custom-label=\"Contextuel\" data-gtm-event=\"customEventSPE\" data-fig-domain=\"LEFIGARO\" target=\"_blank\" rel=\"noopener\">Massoud Pezeshkian<\/a>, des milliers d\u2019Iraniens ont envahi lundi selon les images de la t\u00e9l\u00e9vision d\u2019\u00c9tat la place de la R\u00e9volution, au c\u0153ur de T\u00e9h\u00e9ran, en soutien au pouvoir confront\u00e9 \u00e0 l\u2019un de ses plus grands d\u00e9fis depuis la proclamation de la R\u00e9publique islamique en 1979. Leur mobilisation est un \u00abavertissement\u00bb aux \u00c9tats-Unis, a r\u00e9agi le guide supr\u00eame, l\u2019ayatollah Ali Khamenei.<\/p>\n<p class=\"fig-paragraph\">Dans la capitale, au milieu de drapeaux de la R\u00e9publique islamique et de slogans \u00abMort \u00e0 l\u2019Am\u00e9rique\u00bb, la foule a r\u00e9cit\u00e9 des pri\u00e8res pour les membres des forces de s\u00e9curit\u00e9 tu\u00e9s dans ce que le gouvernement qualifie \u00abd\u2019\u00e9meutes\u00bb. Des dizaines sont morts au total, selon la presse iranienne.<\/p>\n<p class=\"fig-body-link\">\n            \u00c0 lire aussi<br \/>\n        <a class=\"fig-body-link__link fig-premium-mark\" href=\"http:\/\/www.lefigaro.fr\/international\/quand-un-regime-se-sent-fort-il-n-a-pas-besoin-d-arreter-massivement-en-iran-le-crepuscule-de-l-ayatollah-ali-khamenei-20251114\" target=\"_blank\" data-fig-type=\"Article\" rel=\"noopener\" data-gtm-custom-categorie=\"navigation\" data-gtm-custom-action=\"crossclick\" data-gtm-custom-label=\"Contextuel\" data-gtm-event=\"customEventSPE\" data-fig-domain=\"LEFIGARO\"><\/p>\n<p>        \u00ab\u00a0Quand un r\u00e9gime se sent fort, il n\u2019a pas besoin d\u2019arr\u00eater massivement\u00a0\u00bb\u00a0: en Iran, le cr\u00e9puscule de l\u2019ayatollah Ali Khamenei<br \/>\n    <\/a>\n<\/p>\n<p class=\"fig-paragraph\">L\u2019Iran m\u00e8ne une guerre contre des \u00abterroristes\u00bb, a lanc\u00e9 sur place le pr\u00e9sident du Parlement, Mohammad Bagher Ghalibaf, mena\u00e7ant d\u2019infliger \u00e0 Donald Trump une le\u00e7on \u00abinoubliable\u00bb en cas d\u2019attaque am\u00e9ricaine. D\u2019autres rassemblements similaires ont eu lieu dans plusieurs villes, d\u2019apr\u00e8s les m\u00e9dias officiels, tandis que le gouvernement a d\u00e9cr\u00e9t\u00e9 trois jours de deuil national.<\/p>\n<p>\n        07:05\n            <\/p>\n<p class=\"fig-live-post__title\" role=\"heading\" aria-level=\"3\">Macron condamne la \u00abviolence d\u2019\u00c9tat\u00bb en Iran qui \u00abfrappe aveugl\u00e9ment\u00bb les manifestants<\/p>\n<p class=\"fig-paragraph\">Le pr\u00e9sident\u00a0<a href=\"http:\/\/www.lefigaro.fr\/politique\/dans-une-lettre-a-emmanuel-macron-eric-ciotti-appelle-le-president-de-la-republique-a-reconnaitre-l-opposition-iranienne-comme-seul-interlocuteur-20260111\" target=\"_blank\" data-fig-type=\"NewsFlash\" rel=\"noopener\" data-gtm-custom-categorie=\"navigation\" data-gtm-custom-action=\"crossclick\" data-gtm-custom-label=\"Contextuel\" data-gtm-event=\"customEventSPE\" data-fig-domain=\"LEFIGARO\">Emmanuel Macron<\/a>\u00a0a condamn\u00e9 lundi \u00abla violence d\u2019\u00c9tat\u00bb qui \u00abfrappe aveugl\u00e9ment\u00bb les manifestants en Iran et s\u2019est dit \u00abaux c\u00f4t\u00e9s\u00bb des d\u00e9fenseurs des \u00ablibert\u00e9s fondamentales\u00bb.<\/p>\n<p class=\"fig-paragraph\">\u00abJe condamne la violence d\u2019\u00c9tat qui frappe aveugl\u00e9ment les Iraniennes et les Iraniens qui r\u00e9clament avec courage le respect de leurs droits\u00bb, a-t-il \u00e9crit sur X. \u00abLe respect des libert\u00e9s fondamentales est une exigence universelle et nous sommes aux c\u00f4t\u00e9s de celles et ceux qui les d\u00e9fendent\u00bb, a-t-il ajout\u00e9.<\/p>\n<p class=\"fig-body-link\">\n            \u00c0 lire aussi<br \/>\n        <a class=\"fig-body-link__link\" href=\"http:\/\/www.lefigaro.fr\/politique\/dans-une-lettre-a-emmanuel-macron-eric-ciotti-appelle-le-president-de-la-republique-a-reconnaitre-l-opposition-iranienne-comme-seul-interlocuteur-20260111\" target=\"_blank\" data-fig-type=\"NewsFlash\" rel=\"noopener\" data-gtm-custom-categorie=\"navigation\" data-gtm-custom-action=\"crossclick\" data-gtm-custom-label=\"Contextuel\" data-gtm-event=\"customEventSPE\" data-fig-domain=\"LEFIGARO\"><\/p>\n<p>        Dans une lettre \u00e0 Emmanuel Macron, \u00c9ric Ciotti appelle le pr\u00e9sident de la R\u00e9publique \u00e0 reconna\u00eetre l\u2019opposition iranienne comme seul interlocuteur<br \/>\n    <\/a>\n<\/p>\n<p>\n        06:55\n            <\/p>\n<p class=\"fig-live-post__title\" role=\"heading\" aria-level=\"3\">Le personnel diplomatique non essentiel fran\u00e7ais a quitt\u00e9 l\u2019Iran<\/p>\n<p class=\"fig-paragraph\">Le personnel diplomatique non essentiel de l\u2019ambassade de France \u00e0\u00a0<a href=\"https:\/\/video.lefigaro.fr\/figaro\/international\/les-images-des-milliers-d-iraniens-qui-manifestent-en-soutien-au-pouvoir-a-teheran-20260112\" target=\"_blank\" data-fig-type=\"Video\" rel=\"noopener\" data-gtm-custom-categorie=\"navigation\" data-gtm-custom-action=\"crossclick\" data-gtm-custom-label=\"Contextuel\" data-gtm-event=\"customEventSPE\" data-fig-domain=\"LEFIGARO\">T\u00e9h\u00e9ran<\/a>\u00a0a quitt\u00e9 le territoire de l\u2019Iran en raison des troubles agitant le pays, a-t-on appris lundi soir aupr\u00e8s de deux sources inform\u00e9es du dossier. Ces employ\u00e9s ont quitt\u00e9 l\u2019Iran en deux vagues, dimanche et lundi, ont indiqu\u00e9 ces sources, sans pr\u00e9ciser leur nombre. Ils sont partis par des vols commerciaux, a pr\u00e9cis\u00e9 l\u2019une de ces sources.<\/p>\n<p class=\"fig-paragraph\">\u00abLe format de l\u2019ambassade a \u00e9t\u00e9 reconfigur\u00e9 pour la mettre en mesure d\u2019assurer ses missions dans le contexte local\u00bb, a indiqu\u00e9 \u00e0 l\u2019AFP le minist\u00e8re des Affaires \u00e9trang\u00e8res, pour qui \u00abla protection de nos agents comme de nos ressortissants est une priorit\u00e9\u00bb.<\/p>\n<p class=\"fig-paragraph\">En fonctionnement normal, l\u2019ambassade de France \u00e0 T\u00e9h\u00e9ran comprend une trentaine d\u2019expatri\u00e9s, auxquels s\u2019ajoutent quelques dizaines d\u2019employ\u00e9s en statut local. \u00abNotre ambassade est ouverte et fonctionnelle. L\u2019ambassadeur est sur place, avec l\u2019\u00e9quipe. Nous assurons les services dont nos compatriotes qui se trouveraient en Iran ont besoin\u00bb, selon le minist\u00e8re.<\/p>\n<p>\n        06:53\n            <\/p>\n<p class=\"fig-live-post__title\" role=\"heading\" aria-level=\"3\">Trump annonce que tout pays commer\u00e7ant avec l\u2019Iran sera frapp\u00e9 de droits de douane de 25%<\/p>\n<p class=\"fig-paragraph\"><a href=\"http:\/\/www.lefigaro.fr\/flash-actu\/washington-dit-avoir-revoque-100-000-visas-depuis-le-retour-de-donald-trump-a-la-maison-blanche-20260112\" target=\"_blank\" data-fig-type=\"NewsFlash\" rel=\"noopener\" data-gtm-custom-categorie=\"navigation\" data-gtm-custom-action=\"crossclick\" data-gtm-custom-label=\"Contextuel\" data-gtm-event=\"customEventSPE\" data-fig-domain=\"LEFIGARO\">Donald Trump<\/a>, qui continue \u00e0 envisager l\u2019option militaire face \u00e0 la r\u00e9pression des manifestations par T\u00e9h\u00e9ran, a annonc\u00e9 lundi que tout pays commer\u00e7ant avec l\u2019Iran serait frapp\u00e9 de droits de douane de 25% par les \u00c9tats-Unis. La Chine est le principal partenaire commercial de l\u2019Iran. \u00abCette d\u00e9cision est d\u00e9finitive\u00bb et \u00abprend effet imm\u00e9diatement\u00bb, a affirm\u00e9 le pr\u00e9sident am\u00e9ricain sur son r\u00e9seau Truth Social.<\/p>\n<p class=\"fig-paragraph\">Donald Trump a plusieurs fois menac\u00e9 de \u00abfrapper tr\u00e8s fort\u00bb en Iran en cas de r\u00e9pression sanglante, mais n\u2019est pas pass\u00e9 \u00e0 l\u2019acte. \u00abLes frappes a\u00e9riennes sont l\u2019une des tr\u00e8s nombreuses options qui s\u2019offrent au commandant en chef\u00bb, a affirm\u00e9 lundi \u00e0 la presse la porte-parole de la Maison-Blanche, Karoline Leavitt.<\/p>\n<p class=\"fig-paragraph\">Toutefois, elle a assur\u00e9 que \u00abla diplomatie [\u00e9tait] toujours la premi\u00e8re option pour le pr\u00e9sident\u00bb. Selon elle, une voie diplomatique reste ouverte avec l\u2019Iran, le pouvoir adoptant un \u00abton tr\u00e8s diff\u00e9rent\u00bb lors de discussions priv\u00e9es avec l\u2019\u00e9missaire am\u00e9ricain,\u00a0<a href=\"http:\/\/www.lefigaro.fr\/international\/guerre-en-ukraine-trump-envoie-son-emissaire-steve-witkoff-rencontrer-zelensky-et-les-europeens-20251214\" target=\"_blank\" data-fig-type=\"NewsFlash\" rel=\"noopener\" data-gtm-custom-categorie=\"navigation\" data-gtm-custom-action=\"crossclick\" data-gtm-custom-label=\"Contextuel\" data-gtm-event=\"customEventSPE\" data-fig-domain=\"LEFIGARO\">Steve Witkoff<\/a>.<\/p>\n<p>    Donald Trump s\u2019adresse aux r\u00e9publicains de la Chambre au Trump-Kennedy Center, \u00e0 Washington, le 6 janvier 2026.<br \/>\n                Kevin Lamarque \/ REUTERS<\/p>\n<p>\n        06:48\n            <\/p>\n<p class=\"fig-live-post__title\" role=\"heading\" aria-level=\"3\">Bienvenue sur ce direct<\/p>\n<p class=\"fig-paragraph\">Bonjour et bienvenue dans ce direct consacr\u00e9\u00a0<a href=\"http:\/\/www.lefigaro.fr\/international\/dossier\/manifestations-en-iran-et-repression-sanglante-notre-dossier-pour-tout-comprendre-a-la-mobilisation-du-peuple\" data-fig-type=\"Topic\" data-gtm-custom-categorie=\"navigation\" data-gtm-custom-action=\"crossclick\" data-gtm-custom-label=\"Contextuel\" data-gtm-event=\"customEventSPE\" data-fig-domain=\"LEFIGARO\" target=\"_blank\" rel=\"noopener\">aux manifestations d\u2019ampleur en Iran<\/a>.<\/p>\n<p>                Les publications appara\u00eetront ici<\/p>\n<p>            Fermer<\/p>\n","protected":false},"excerpt":{"rendered":"06:09 Ce direct est d\u00e9sormais termin\u00e9 Merci \u00e0 tous d\u2019avoir suivi ce direct. Retrouvez toutes les derni\u00e8res informations&hellip;\n","protected":false},"author":2,"featured_media":662221,"comment_status":"","ping_status":"","sticky":false,"template":"","format":"standard","meta":{"footnotes":""},"categories":[1589],"tags":[259,11,260,75,73,1866,14,3019,1272,261,12,262,1864,1865,1863,308],"class_list":{"0":"post-662220","1":"post","2":"type-post","3":"status-publish","4":"format-standard","5":"has-post-thumbnail","7":"category-etats-unis","8":"tag-actualite-internationale","9":"tag-actualites","10":"tag-affaires-etrangeres","11":"tag-donald-trump","12":"tag-etats-unis","13":"tag-etats-unis-damerique","14":"tag-international","15":"tag-iran","16":"tag-manifestations","17":"tag-ministere-des-affaires-etrangeres","18":"tag-news","19":"tag-politique-etrangere","20":"tag-united-states","21":"tag-united-states-of-america","22":"tag-us","23":"tag-usa"},"share_on_mastodon":{"url":"https:\/\/pubeurope.com\/@fr\/115891781191290890","error":""},"_links":{"self":[{"href":"https:\/\/www.europesays.com\/fr\/wp-json\/wp\/v2\/posts\/662220","targetHints":{"allow":["GET"]}}],"collection":[{"href":"https:\/\/www.europesays.com\/fr\/wp-json\/wp\/v2\/posts"}],"about":[{"href":"https:\/\/www.europesays.com\/fr\/wp-json\/wp\/v2\/types\/post"}],"author":[{"embeddable":true,"href":"https:\/\/www.europesays.com\/fr\/wp-json\/wp\/v2\/users\/2"}],"replies":[{"embeddable":true,"href":"https:\/\/www.europesays.com\/fr\/wp-json\/wp\/v2\/comments?post=662220"}],"version-history":[{"count":0,"href":"https:\/\/www.europesays.com\/fr\/wp-json\/wp\/v2\/posts\/662220\/revisions"}],"wp:featuredmedia":[{"embeddable":true,"href":"https:\/\/www.europesays.com\/fr\/wp-json\/wp\/v2\/media\/662221"}],"wp:attachment":[{"href":"https:\/\/www.europesays.com\/fr\/wp-json\/wp\/v2\/media?parent=662220"}],"wp:term":[{"taxonomy":"category","embeddable":true,"href":"https:\/\/www.europesays.com\/fr\/wp-json\/wp\/v2\/categories?post=662220"},{"taxonomy":"post_tag","embeddable":true,"href":"https:\/\/www.europesays.com\/fr\/wp-json\/wp\/v2\/tags?post=662220"}],"curies":[{"name":"wp","href":"https:\/\/api.w.org\/{rel}","templated":true}]}}