{"id":662224,"date":"2026-01-14T05:24:12","date_gmt":"2026-01-14T05:24:12","guid":{"rendered":"https:\/\/www.europesays.com\/fr\/662224\/"},"modified":"2026-01-14T05:24:12","modified_gmt":"2026-01-14T05:24:12","slug":"lallemagne-prepare-les-jeunes-a-la-retraite","status":"publish","type":"post","link":"https:\/\/www.europesays.com\/fr\/662224\/","title":{"rendered":"L\u2019Allemagne pr\u00e9pare les jeunes \u00e0 la retraite"},"content":{"rendered":"<p>Le gouvernement allemand a adopt\u00e9 en d\u00e9cembre dernier un projet d\u2019\u00e9pargne retraite pour les jeunes.  <\/p>\n<p>L\u2019Allemagne se distingue par une initiative audacieuse visant \u00e0 pr\u00e9parer les jeunes g\u00e9n\u00e9rations \u00e0 l\u2019avenir : verser 10 euros par mois \u00e0 chaque enfant \u00e2g\u00e9 de 6 \u00e0 18 ans pour les inciter \u00e0 \u00e9pargner en vue de leur retraite. Cette proposition, port\u00e9e par le chancelier Friedrich Merz, repr\u00e9sente une approche innovante face \u00e0 un d\u00e9fi majeur pour le pays : le vieillissement rapide de la population et la pression croissante sur le syst\u00e8me de retraite public.<\/p>\n<p>L\u2019id\u00e9e est simple mais ambitieuse. En mettant en place ce versement r\u00e9gulier, l\u2019Allemagne cherche \u00e0 d\u00e9velopper d\u00e8s le plus jeune \u00e2ge une culture de la capitalisation, qui compl\u00e9tera les pensions de base souvent jug\u00e9es insuffisantes. Selon les estimations, avec un rendement annuel de 6 %, chaque enfant pourrait disposer de plus de 2 000 euros \u00e0 sa majorit\u00e9. Bien que modeste \u00e0 premi\u00e8re vue, cette somme constitue un socle d\u2019\u00e9pargne durable et une introduction concr\u00e8te \u00e0 la gestion financi\u00e8re personnelle.<\/p>\n<p>Ce projet s\u2019inscrit dans un contexte d\u00e9mographique d\u00e9licat. Le pays conna\u00eet un vieillissement acc\u00e9l\u00e9r\u00e9 de sa population et l\u2019\u00e2ge l\u00e9gal de d\u00e9part \u00e0 la retraite a \u00e9t\u00e9 repouss\u00e9 \u00e0 67 ans. La mesure r\u00e9pond donc \u00e0 un double objectif : s\u00e9curiser l\u2019avenir des jeunes g\u00e9n\u00e9rations et all\u00e9ger la pression sur le syst\u00e8me de retraite actuel, en favorisant un financement compl\u00e9mentaire priv\u00e9. Les fonds seraient g\u00e9r\u00e9s par des institutions priv\u00e9es et ne pourraient \u00eatre retir\u00e9s qu\u2019\u00e0 l\u2019\u00e2ge de la retraite, garantissant ainsi leur finalit\u00e9 et \u00e9vitant des usages pr\u00e9matur\u00e9s.<\/p>\n<p>L\u2019initiative s\u2019inspire \u00e9galement des recommandations des \u201csages \u00e9conomiques\u201d allemands, qui soulignent depuis plusieurs ann\u00e9es la n\u00e9cessit\u00e9 de diversifier les sources de financement des retraites. En introduisant cette mesure d\u00e8s l\u2019enfance, l\u2019Allemagne adopte une approche pr\u00e9ventive, plut\u00f4t que r\u00e9active, face aux d\u00e9fis li\u00e9s \u00e0 la d\u00e9mographie et aux pressions financi\u00e8res sur les jeunes g\u00e9n\u00e9rations.<\/p>\n<p>En somme, cette mesure, \u00e0 la fois simple et audacieuse, illustre une strat\u00e9gie novatrice o\u00f9 l\u2019\u00e9ducation financi\u00e8re et la pr\u00e9paration \u00e0 la retraite commencent d\u00e8s le plus jeune \u00e2ge. L\u2019Allemagne pourrait bien ouvrir la voie \u00e0 une nouvelle mani\u00e8re de penser la s\u00e9curit\u00e9 financi\u00e8re des citoyens, avec des retomb\u00e9es positives pour toute la soci\u00e9t\u00e9.<\/p>\n","protected":false},"excerpt":{"rendered":"Le gouvernement allemand a adopt\u00e9 en d\u00e9cembre dernier un projet d\u2019\u00e9pargne retraite pour les jeunes. L\u2019Allemagne se distingue&hellip;\n","protected":false},"author":2,"featured_media":662225,"comment_status":"","ping_status":"","sticky":false,"template":"","format":"standard","meta":{"footnotes":""},"categories":[1587],"tags":[1111,47,11,672,1804,1805,1803,1777,674,1801,1922,12,1802],"class_list":{"0":"post-662224","1":"post","2":"type-post","3":"status-publish","4":"format-standard","5":"has-post-thumbnail","7":"category-allemagne","8":"tag-actu","9":"tag-actualite","10":"tag-actualites","11":"tag-allemagne","12":"tag-bundesrepublik-deutschland","13":"tag-de","14":"tag-deutschland","15":"tag-eu","16":"tag-europe","17":"tag-germany","18":"tag-info","19":"tag-news","20":"tag-republique-federale-dallemagne"},"share_on_mastodon":{"url":"https:\/\/pubeurope.com\/@fr\/115891789065450058","error":""},"_links":{"self":[{"href":"https:\/\/www.europesays.com\/fr\/wp-json\/wp\/v2\/posts\/662224","targetHints":{"allow":["GET"]}}],"collection":[{"href":"https:\/\/www.europesays.com\/fr\/wp-json\/wp\/v2\/posts"}],"about":[{"href":"https:\/\/www.europesays.com\/fr\/wp-json\/wp\/v2\/types\/post"}],"author":[{"embeddable":true,"href":"https:\/\/www.europesays.com\/fr\/wp-json\/wp\/v2\/users\/2"}],"replies":[{"embeddable":true,"href":"https:\/\/www.europesays.com\/fr\/wp-json\/wp\/v2\/comments?post=662224"}],"version-history":[{"count":0,"href":"https:\/\/www.europesays.com\/fr\/wp-json\/wp\/v2\/posts\/662224\/revisions"}],"wp:featuredmedia":[{"embeddable":true,"href":"https:\/\/www.europesays.com\/fr\/wp-json\/wp\/v2\/media\/662225"}],"wp:attachment":[{"href":"https:\/\/www.europesays.com\/fr\/wp-json\/wp\/v2\/media?parent=662224"}],"wp:term":[{"taxonomy":"category","embeddable":true,"href":"https:\/\/www.europesays.com\/fr\/wp-json\/wp\/v2\/categories?post=662224"},{"taxonomy":"post_tag","embeddable":true,"href":"https:\/\/www.europesays.com\/fr\/wp-json\/wp\/v2\/tags?post=662224"}],"curies":[{"name":"wp","href":"https:\/\/api.w.org\/{rel}","templated":true}]}}