{"id":662226,"date":"2026-01-14T05:25:16","date_gmt":"2026-01-14T05:25:16","guid":{"rendered":"https:\/\/www.europesays.com\/fr\/662226\/"},"modified":"2026-01-14T05:25:16","modified_gmt":"2026-01-14T05:25:16","slug":"le-pouvoir-de-dire-non","status":"publish","type":"post","link":"https:\/\/www.europesays.com\/fr\/662226\/","title":{"rendered":"Le pouvoir de dire non"},"content":{"rendered":"<p>Donald Trump bluffe. Le personnage est fantasque et difficilement pr\u00e9visible mais il n\u2019osera pas envoyer des troupes am\u00e9ricaines envahir le Groenland. Ce serait pour lui une tout autre affaire, en effet, que d\u2019envoyer quelques h\u00e9licopt\u00e8res et de lancer quelques bombes sur Caracas.<\/p>\n<p>Donald Trump bluffe<\/p>\n<p>Non pas bien s\u00fbr parce que la r\u00e9sistance des troupes danoises serait plus redoutable que celle des troupes cubaines et v\u00e9n\u00e9zu\u00e9liennes qui gardaient le palais pr\u00e9sidentiel de Nicolas Maduro. Mais parce que les cons\u00e9quences politiques seraient beaucoup plus lourdes pour les \u00c9tats-Unis en mena\u00e7ant cette fois directement la survie m\u00eame de l\u2019Alliance atlantique.<\/p>\n<p>En politique int\u00e9rieure, ce serait aussi probablement nettement plus compliqu\u00e9 \u00e0 faire passer. Les multiples actions militaires ext\u00e9rieures qu\u2019il a men\u00e9 ces derniers mois sont contraires \u00e0 ses promesses de campagne et aux attentes de la base MAGA. Celle-ci souhaite avant tout que l\u2019ex\u00e9cutif se concentre enfin, comme promis, sur l\u2019am\u00e9lioration des conditions de vie des Am\u00e9ricains.<\/p>\n<p>Cela passe toutefois encore quand il s\u2019agit de s\u2019attaquer aux ennemis traditionnels des \u00c9tats-Unis : \u00e0 l\u2019Iran des mollahs, aux chavistes v\u00e9n\u00e9zu\u00e9liens\u2026 Mais s\u2019attaquer aux Danois, un des plus fid\u00e8les alli\u00e9s des Etats-Unis, ce serait autre chose. Le S\u00e9nat vient d\u2019ailleurs d\u00e9j\u00e0 de signifier \u00e0 Donald Trump qu\u2019il faudrait en passer par le Congr\u00e8s s\u2019il voulait aller plus loin au Venezuela.<\/p>\n<p>Donald Trump bluffe, comme il l\u2019a toujours fait dans ses \u00ab\u00a0deals\u00a0\u00bb immobiliers, parce qu\u2019il pense et esp\u00e8re que les Europ\u00e9ens vont lui c\u00e9der le Groenland sur le tapis vert au cours des prochaines semaines comme ils ont d\u00e9j\u00e0 c\u00e9d\u00e9 \u00e0 toutes ses demandes de plus en plus exorbitantes depuis un an.<\/p>\n<p>Malheureusement, au vu des r\u00e9actions europ\u00e9ennes sur l\u2019affaire v\u00e9n\u00e9zu\u00e9lienne, il a quelques bonnes raisons d\u2019y croire\u2026 De plus, il sait bien que les Europ\u00e9ens redoutent toujours tr\u00e8s fortement qu\u2019il laisse tomber l\u2019Ukraine en arr\u00eatant de fournir du renseignement ou d\u2019autoriser la vente d\u2019armements am\u00e9ricains.<\/p>\n<p>Les Europ\u00e9ens disposent de plusieurs leviers d\u2019action<\/p>\n<p>Que peuvent faire les Europ\u00e9ens pour \u00e9viter une humiliation suppl\u00e9mentaire et le dissuader de continuer \u00e0 vouloir passer en force ? Ils peuvent d\u00e9j\u00e0 s\u2019engager \u00e0 renforcer leur propre pr\u00e9sence militaire dans l\u2019Arctique pour d\u00e9gonfler l\u2019argument s\u00e9curitaire mis en avant par Donald Trump. Et commencer par d\u00e9ployer d\u00e8s maintenant, au Groenland, des forces militaires suppl\u00e9mentaires dans le cadre de l\u2019OTAN, et pas seulement danoises, m\u00eame \u00e0 une \u00e9chelle symbolique \u00e0 ce stade.<\/p>\n<p>Les questions de s\u00e9curit\u00e9 ne sont cependant \u00e9videmment qu\u2019un pr\u00e9texte pour Donald Trump. Les Etats-Unis disposent d\u00e9j\u00e0 d\u2019une base militaire au Groenland. Danois et Europ\u00e9ens sont d\u00e9j\u00e0 pr\u00eats \u00e0 renforcer leur pr\u00e9sence militaire dans l\u2019Arctique pour faire face aux tensions qui s\u2019y d\u00e9veloppent. Comme au Venezuela, le vrai sujet pour le Pr\u00e9sident am\u00e9ricain est celui des mati\u00e8res premi\u00e8res et des richesses que rec\u00e8le le sous-sol du Groenland. Sur ce plan, Danois, Groenlandais, Europ\u00e9ens et Am\u00e9ricains pourraient sans doute s\u2019entendre pour consid\u00e9rer ces ressources potentielles comme strat\u00e9giques et en bloquer l\u2019acc\u00e8s en particulier aux entreprises mini\u00e8res chinoises ou russes.<\/p>\n<p>Bien que d\u00e9pendant du Danemark, le Groenland n\u2019appartient pas \u00e0 proprement parler \u00e0 l\u2019Union europ\u00e9enne. Le Danemark avait adh\u00e9r\u00e9 en 1973 \u00e0 ce qui \u00e9tait \u00e0 l\u2019\u00e9poque la Communaut\u00e9 \u00e9conomique europ\u00e9enne (CEE). Mais en 1982, les habitants du Groenland avaient d\u00e9cid\u00e9 par un r\u00e9f\u00e9rendum de s\u2019en retirer, notamment pour ne pas avoir \u00e0 d\u00e9pendre de la politique commune de la p\u00eache. Le Groenland est alors devenu un simple territoire d\u2019outre-mer associ\u00e9 \u00e0 l\u2019Union, comme la Nouvelle-Cal\u00e9donie ou la Polyn\u00e9sie fran\u00e7aise. La l\u00e9gislation europ\u00e9enne ne s\u2019y applique pas mais ces r\u00e9gions b\u00e9n\u00e9ficient notamment de l\u2019absence de droits de douane pour leurs exportations vers l\u2019Europe.<\/p>\n<p>Sans r\u00e9int\u00e9grer formellement le Groenland au territoire de l\u2019Union \u2014 ce qui supposerait d\u2019enclencher un processus juridique complexe, et supposerait bien s\u00fbr que les Groenlandais soient d\u2019accord cette fois \u2014 les Europ\u00e9ens peuvent d\u00e9cider d\u2019\u00e9tendre au Groenland la protection offerte par l\u2019article 42 paragraphe 7 du Trait\u00e9 de l\u2019Union qui pr\u00e9voit que \u00ab\u00a0au cas o\u00f9 un \u00c9tat membre serait l\u2019objet d\u2019une agression arm\u00e9e sur son territoire, les autres \u00c9tats membres lui doivent aide et assistance par tous les moyens en leur pouvoir\u00a0\u00bb. Il suffit pour cela d\u2019adopter \u00e0 l\u2019unanimit\u00e9 une simple d\u00e9claration interpr\u00e9tative additionnelle au Trait\u00e9 au Conseil europ\u00e9en. Un tel texte ne modifie pas les Trait\u00e9s et ne n\u00e9cessite donc aucune ratification par les Parlements nationaux.<\/p>\n<p>Ils pourraient enfin, bien s\u00fbr, menacer les Etats Unis de mesures de r\u00e9torsion \u00e9conomiques si Donald Trump d\u00e9cidait de passer outre, notamment vis-\u00e0-vis des g\u00e9ants de la tech am\u00e9ricaine.<\/p>\n<p>Donald Trump ne respecte que ceux qui lui r\u00e9sistent<\/p>\n<p>Il faut \u00e9videmment mesurer pr\u00e9cis\u00e9ment la riposte europ\u00e9enne, compte tenu en particulier de l\u2019enjeu ukrainien, mais le moment est manifestement venu avec cette affaire du Groenland de sortir enfin de la politique de profil bas vis-\u00e0-vis de Donald Trump qui pr\u00e9vaut depuis un an.<\/p>\n<p>Celle-ci n\u2019a rapport\u00e9 en effet que des humiliations suppl\u00e9mentaires \u00e0 l\u2019Union et \u00e0 ses dirigeants, et n\u2019a fait qu\u2019encourager le Pr\u00e9sident am\u00e9ricain \u00e0 aller toujours plus loin dans ses exigences de plus en plus exorbitantes \u00e0 notre \u00e9gard. Donald Trump ne respecte que ceux qui lui r\u00e9sistent.<\/p>\n","protected":false},"excerpt":{"rendered":"Donald Trump bluffe. Le personnage est fantasque et difficilement pr\u00e9visible mais il n\u2019osera pas envoyer des troupes am\u00e9ricaines&hellip;\n","protected":false},"author":2,"featured_media":662227,"comment_status":"","ping_status":"","sticky":false,"template":"","format":"standard","meta":{"footnotes":""},"categories":[1586],"tags":[11,76371,76372,1777,674,1011,27,76373,76044,12,76374,25,76375,76376],"class_list":{"0":"post-662226","1":"post","2":"type-post","3":"status-publish","4":"format-standard","5":"has-post-thumbnail","7":"category-europe","8":"tag-actualites","9":"tag-danemark-etats-unis-groenland","10":"tag-etats-unis-otan","11":"tag-eu","12":"tag-europe","13":"tag-fr","14":"tag-france","15":"tag-groenland-trump","16":"tag-groenland-union-europeenne","17":"tag-news","18":"tag-presence-militaire-europe-groenland","19":"tag-republique-francaise","20":"tag-riposte-europeenne-etats-unis","21":"tag-venezuela-trump"},"share_on_mastodon":{"url":"https:\/\/pubeurope.com\/@fr\/115891793112171667","error":""},"_links":{"self":[{"href":"https:\/\/www.europesays.com\/fr\/wp-json\/wp\/v2\/posts\/662226","targetHints":{"allow":["GET"]}}],"collection":[{"href":"https:\/\/www.europesays.com\/fr\/wp-json\/wp\/v2\/posts"}],"about":[{"href":"https:\/\/www.europesays.com\/fr\/wp-json\/wp\/v2\/types\/post"}],"author":[{"embeddable":true,"href":"https:\/\/www.europesays.com\/fr\/wp-json\/wp\/v2\/users\/2"}],"replies":[{"embeddable":true,"href":"https:\/\/www.europesays.com\/fr\/wp-json\/wp\/v2\/comments?post=662226"}],"version-history":[{"count":0,"href":"https:\/\/www.europesays.com\/fr\/wp-json\/wp\/v2\/posts\/662226\/revisions"}],"wp:featuredmedia":[{"embeddable":true,"href":"https:\/\/www.europesays.com\/fr\/wp-json\/wp\/v2\/media\/662227"}],"wp:attachment":[{"href":"https:\/\/www.europesays.com\/fr\/wp-json\/wp\/v2\/media?parent=662226"}],"wp:term":[{"taxonomy":"category","embeddable":true,"href":"https:\/\/www.europesays.com\/fr\/wp-json\/wp\/v2\/categories?post=662226"},{"taxonomy":"post_tag","embeddable":true,"href":"https:\/\/www.europesays.com\/fr\/wp-json\/wp\/v2\/tags?post=662226"}],"curies":[{"name":"wp","href":"https:\/\/api.w.org\/{rel}","templated":true}]}}