{"id":66223,"date":"2025-05-01T06:11:07","date_gmt":"2025-05-01T06:11:07","guid":{"rendered":"https:\/\/www.europesays.com\/fr\/66223\/"},"modified":"2025-05-01T06:11:07","modified_gmt":"2025-05-01T06:11:07","slug":"tabacs-boulangeries-commerces-voici-les-rares-magasins-ouverts-ce-jour-ferie","status":"publish","type":"post","link":"https:\/\/www.europesays.com\/fr\/66223\/","title":{"rendered":"tabacs, boulangeries, commerces\u2026 Voici les (rares) magasins ouverts ce jour f\u00e9ri\u00e9"},"content":{"rendered":"<p>            Par<br \/>\n        <strong><br \/>\n            <a href=\"https:\/\/actu.fr\/auteur\/brian-legoff\" title=\"Consulter tous les articles de Brian Le Goff\" rel=\"nofollow noopener\" target=\"_blank\">Brian Le Goff<\/a><br \/>\n        <\/strong><\/p>\n<p>        Publi\u00e9 le<\/p>\n<p>            1 mai 2025 \u00e0 7h32        <\/p>\n<p><strong>Pain, viennoiseries, cigarettes, courses de denr\u00e9es alimentaires\u2026<\/strong> Ce jeudi 1\u1d49\u02b3 mai 2025 \u00e0 <a href=\"https:\/\/actu.fr\/rennes\/\" rel=\"nofollow noopener\" target=\"_blank\">Rennes<\/a>, vous trouverez quand m\u00eame quelques rares commerces ouverts pour vos besoins urgents.\u00a0<\/p>\n<p>Les tabacs<\/p>\n<ul class=\" wall-content\">\n<li><strong>Bar Tabac Le Saint-H\u00e9lier<\/strong>, au 83, rue Saint-H\u00e9lier, ouvert 9\u2009h \u00e0 13\u2009h\u2009;<\/li>\n<li><strong>Bar Tabac Le 23<\/strong>,\u00a024, rue Saint-H\u00e9lier, ouvert de 8\u2009h \u00e0 21\u2009h\u2009;<\/li>\n<li><strong>Tabac Le Chiquito<\/strong>, 16, place Sainte-Anne, de 10 h \u00e0 18 h ;<\/li>\n<\/ul>\n<p class=\" wall-content\"><strong>Les tabacs ferm\u00e9s :<\/strong> Reinitas ; Au Bretagne ; La Havane (ferm\u00e9 tout le week-end) ; Le Marigny (rouvre vendredi) ; La Savane (rouvre vendredi) ; Le Pacific Tabacs Loto Presse.<\/p>\n<p class=\" wall-content\">Cette liste n\u2019est pas exhaustive\u2009: les tabacs qui n\u2019ont pas \u00e9t\u00e9 mentionn\u00e9s dans cet article sont ceux qui n\u2019ont pas r\u00e9pondu \u00e0 nos sollicitations par t\u00e9l\u00e9phone.<\/p>\n<p>Les boulangeries<\/p>\n<ul class=\" wall-content\">\n<li><strong>Boulangerie Miravel<\/strong> au 132, rue de Foug\u00e8res, ouvert aux horaires habituels de 7\u2009h \u00e0 13\u2009h.<\/li>\n<li><strong>Boulangerie Feuillette<\/strong>, au 35, rue de Bray, \u00e0 Cesson-S\u00e9vign\u00e9, de 7 h \u00e0 20 h.<\/li>\n<\/ul>\n<p class=\" wall-content\"><strong>Celles ferm\u00e9es :<\/strong> tous les points de vente Augustin, Grand-P\u00e8re Jules et maison Coupel, La t\u00eate enfarin\u00e9e (rue de Co\u00ebtquen) ; La p\u00e2tisserie-boulangerie Seize heures trente aux deux adresses (3, rue Hoche et 2 pass. Jeanne Chauveau) ; Au Four et au Moulin (rue de Vaneau) ; Aux d\u00e9lices de Sam (place du Bas des Lices) ; Aux d\u00e9lices de Sam (place du Bas des Lices) ; Au coin de la rue (rue de la Visitation)\u2009; la boulangerie Elluard (rue Saint-H\u00e9lier) ; \u00a0Maison Brodin ferm\u00e9 tout le week-end (rue du G\u00e9n\u00e9ral Maurice Guillaudot)\u2009; la boulangerie Couasnon (rue d\u2019Antrain)\u2009; Le Paris-Breizh (rue de Paris) ; La Boulangerie du Thabor (rue du Thabor)\u2009; Boulangerie Geffray (2 Av. Sir Winston Churchill) ; Maison B\u00e9cam (69 Rue Jean Gu\u00e9henno).<\/p>\n<p>Les commerces<\/p>\n<p class=\" wall-content\">Sur son site internet, Carrefour indique le <strong>Carrefour Express de la rue de Nantes sera ouvert de 9 h \u00e0 22 h<\/strong>.<\/p>\n<p class=\" wall-content\">Alma, Grand Quartier, Colombia, Les Longs-Champs, Les Trois Soleils, Saint-Gr\u00e9goire L e Centre, Cleunay et Shop\u2019in Pac\u00e9 sont<strong> tous ferm\u00e9s.<\/strong><\/p>\n<p class=\" wall-content\">Les magasins <strong>Leroy Merlin, Boulanger, Cultura et Decathlon n\u2019ouvriront \u00e9galement pas<\/strong> leurs portes ce jeudi.<\/p>\n<p class=\" wall-content\">Suivez toute l\u2019actualit\u00e9 de vos villes et m\u00e9dias favoris en vous inscrivant \u00e0 <a href=\"https:\/\/moncompte.actu.fr\" title=\"D\u00e9couvez Mon Actu\" rel=\"nofollow noopener\" data-trk=\"{&quot;cta&quot;:{&quot;action&quot;:&quot;https:\\\/\\\/moncompte.actu.fr&quot;,&quot;category&quot;:&quot;mon compte&quot;,&quot;from&quot;:&quot;article footer&quot;,&quot;name&quot;:&quot;Mon actu&quot;,&quot;type&quot;:&quot;cta&quot;}}\" target=\"_blank\">Mon Actu<\/a>.<\/p>\n","protected":false},"excerpt":{"rendered":"Par Brian Le Goff Publi\u00e9 le 1 mai 2025 \u00e0 7h32 Pain, viennoiseries, cigarettes, courses de denr\u00e9es alimentaires\u2026&hellip;\n","protected":false},"author":2,"featured_media":66224,"comment_status":"","ping_status":"","sticky":false,"template":"","format":"standard","meta":{"footnotes":""},"categories":[2821],"tags":[1111,11,829,215,1777,674,1011,27,1305,12,584,25],"class_list":{"0":"post-66223","1":"post","2":"type-post","3":"status-publish","4":"format-standard","5":"has-post-thumbnail","7":"category-rennes","8":"tag-actu","9":"tag-actualites","10":"tag-bretagne","11":"tag-commerce","12":"tag-eu","13":"tag-europe","14":"tag-fr","15":"tag-france","16":"tag-lifestyle","17":"tag-news","18":"tag-rennes","19":"tag-republique-francaise"},"share_on_mastodon":{"url":"https:\/\/pubeurope.com\/@fr\/114431097864215352","error":""},"_links":{"self":[{"href":"https:\/\/www.europesays.com\/fr\/wp-json\/wp\/v2\/posts\/66223","targetHints":{"allow":["GET"]}}],"collection":[{"href":"https:\/\/www.europesays.com\/fr\/wp-json\/wp\/v2\/posts"}],"about":[{"href":"https:\/\/www.europesays.com\/fr\/wp-json\/wp\/v2\/types\/post"}],"author":[{"embeddable":true,"href":"https:\/\/www.europesays.com\/fr\/wp-json\/wp\/v2\/users\/2"}],"replies":[{"embeddable":true,"href":"https:\/\/www.europesays.com\/fr\/wp-json\/wp\/v2\/comments?post=66223"}],"version-history":[{"count":0,"href":"https:\/\/www.europesays.com\/fr\/wp-json\/wp\/v2\/posts\/66223\/revisions"}],"wp:featuredmedia":[{"embeddable":true,"href":"https:\/\/www.europesays.com\/fr\/wp-json\/wp\/v2\/media\/66224"}],"wp:attachment":[{"href":"https:\/\/www.europesays.com\/fr\/wp-json\/wp\/v2\/media?parent=66223"}],"wp:term":[{"taxonomy":"category","embeddable":true,"href":"https:\/\/www.europesays.com\/fr\/wp-json\/wp\/v2\/categories?post=66223"},{"taxonomy":"post_tag","embeddable":true,"href":"https:\/\/www.europesays.com\/fr\/wp-json\/wp\/v2\/tags?post=66223"}],"curies":[{"name":"wp","href":"https:\/\/api.w.org\/{rel}","templated":true}]}}