{"id":662237,"date":"2026-01-14T05:32:25","date_gmt":"2026-01-14T05:32:25","guid":{"rendered":"https:\/\/www.europesays.com\/fr\/662237\/"},"modified":"2026-01-14T05:32:25","modified_gmt":"2026-01-14T05:32:25","slug":"challenge-cup-les-dragons-catalans-sont-fixes-pour-leur-entree-en-challenge-cup-rugby-a-xiii","status":"publish","type":"post","link":"https:\/\/www.europesays.com\/fr\/662237\/","title":{"rendered":"Challenge Cup &#8211; Les Dragons Catalans sont fix\u00e9s pour leur entr\u00e9e en Challenge Cup &#8211; Rugby \u00e0 XIII"},"content":{"rendered":"<p style=\"text-align: justify;\"><strong>En pr\u00e9ambule du lancement de la saison de Super League, les Dragons Catalans entament leur saison 2026 par le 3\u00e8me tour de Challenge Cup le weekend du 7-8 f\u00e9vrier.<\/strong><\/p>\n<p style=\"text-align: justify;\">Match de pr\u00e9paration ? Rencontre facile ? Rien de tout \u00e7a. Les Dragons Catalans vont disputer, comme la saison derni\u00e8re, le 3\u00e8me tour de Challenge Cup. Une entr\u00e9e au go\u00fbt de Cup le week-end du 7-8 f\u00e9vrier avant un plat de r\u00e9sistance saveur Super League le week-end suivant.<\/p>\n<p style=\"text-align: justify;\">Ce lundi 12 janvier, la Challenge Cup a d\u00e9voil\u00e9 les affiches du 2\u00e8me tour de Challenge Cup. Les clubs de Super League ne feront leur entr\u00e9e qu\u2019au 3\u00e8me tour. Pour les Dragons Catalans, il faudra attendre de connaitre le vainqueur du match <strong>Batley-Hunslet<\/strong> pour d\u00e9couvrir leur adversaire de f\u00e9vrier.<\/p>\n<p>Attention au pi\u00e8ge<\/p>\n<p style=\"text-align: justify;\">Un match probablement \u00e0 la port\u00e9e des Dragons Catalans face \u00e0 un pensionnaire de Championship. Mais un match qu\u2019il ne faudra pas prendre \u00e0 la l\u00e9g\u00e8re pour autant. La saison derni\u00e8re, les Dragons avaient d\u00fb s\u2019employer face \u00e0 Halifax (0-14) pour se qualifier au tour suivant.<\/p>\n<p style=\"text-align: justify;\">Face \u00e0 Batley ou Hunslet, l\u2019enjeu sera d\u00e9j\u00e0 grand. Un match \u00e9liminatoire aux airs de match de pr\u00e9paration. Des matchs de pr\u00e9paration, les Dragons n\u2019en auront qu\u2019un, face \u00e0 leur rival d\u00e9sormais promu en Super League, le Toulouse Olympique. L\u2019objectif : retrouver le dernier carr\u00e9 de la Challenge Cup. Une comp\u00e9tition que les Dracs ont quitt\u00e9e la saison derni\u00e8re apr\u00e8s la d\u00e9culott\u00e9e face \u00e0 Hull KR.<\/p>\n<blockquote class=\"instagram-media\" data-instgrm-captioned=\"\" data-instgrm-permalink=\"https:\/\/www.instagram.com\/p\/DTalk6pF0DH\/?utm_source=ig_embed&amp;utm_campaign=loading\" data-instgrm-version=\"14\" style=\" background:#FFF; border:0; border-radius:3px; box-shadow:0 0 1px 0 rgba(0,0,0,0.5),0 1px 10px 0 rgba(0,0,0,0.15); margin: 1px; max-width:500px; min-width:326px; padding:0; width:99.375%; width:-webkit-calc(100% - 2px); width:calc(100% - 2px);\">\n<\/blockquote>\n<p>        <script async src=\"\/\/www.instagram.com\/embed.js\"><\/script><\/p>\n","protected":false},"excerpt":{"rendered":"En pr\u00e9ambule du lancement de la saison de Super League, les Dragons Catalans entament leur saison 2026 par&hellip;\n","protected":false},"author":2,"featured_media":662238,"comment_status":"","ping_status":"","sticky":false,"template":"","format":"standard","meta":{"footnotes":""},"categories":[1416],"tags":[4401,3248,1011,27,479,2228,1468,2229,60],"class_list":{"0":"post-662237","1":"post","2":"type-post","3":"status-publish","4":"format-standard","5":"has-post-thumbnail","7":"category-rugby","8":"tag-challenge-cup","9":"tag-dragons-catalans","10":"tag-fr","11":"tag-france","12":"tag-rugby","13":"tag-rugby-a-xiii","14":"tag-rugby-football","15":"tag-rugby-league","16":"tag-sports"},"share_on_mastodon":{"url":"https:\/\/pubeurope.com\/@fr\/115891820495717594","error":""},"_links":{"self":[{"href":"https:\/\/www.europesays.com\/fr\/wp-json\/wp\/v2\/posts\/662237","targetHints":{"allow":["GET"]}}],"collection":[{"href":"https:\/\/www.europesays.com\/fr\/wp-json\/wp\/v2\/posts"}],"about":[{"href":"https:\/\/www.europesays.com\/fr\/wp-json\/wp\/v2\/types\/post"}],"author":[{"embeddable":true,"href":"https:\/\/www.europesays.com\/fr\/wp-json\/wp\/v2\/users\/2"}],"replies":[{"embeddable":true,"href":"https:\/\/www.europesays.com\/fr\/wp-json\/wp\/v2\/comments?post=662237"}],"version-history":[{"count":0,"href":"https:\/\/www.europesays.com\/fr\/wp-json\/wp\/v2\/posts\/662237\/revisions"}],"wp:featuredmedia":[{"embeddable":true,"href":"https:\/\/www.europesays.com\/fr\/wp-json\/wp\/v2\/media\/662238"}],"wp:attachment":[{"href":"https:\/\/www.europesays.com\/fr\/wp-json\/wp\/v2\/media?parent=662237"}],"wp:term":[{"taxonomy":"category","embeddable":true,"href":"https:\/\/www.europesays.com\/fr\/wp-json\/wp\/v2\/categories?post=662237"},{"taxonomy":"post_tag","embeddable":true,"href":"https:\/\/www.europesays.com\/fr\/wp-json\/wp\/v2\/tags?post=662237"}],"curies":[{"name":"wp","href":"https:\/\/api.w.org\/{rel}","templated":true}]}}