{"id":662243,"date":"2026-01-14T05:38:09","date_gmt":"2026-01-14T05:38:09","guid":{"rendered":"https:\/\/www.europesays.com\/fr\/662243\/"},"modified":"2026-01-14T05:38:09","modified_gmt":"2026-01-14T05:38:09","slug":"ben-pavard-ma-demande-ce-que-je-faisais-dans-la-vie","status":"publish","type":"post","link":"https:\/\/www.europesays.com\/fr\/662243\/","title":{"rendered":"Ben Pavard m&rsquo;a demand\u00e9 ce que je faisais dans la vie"},"content":{"rendered":"<p>                    Par<br \/>\n        <strong><br \/>\n            <a href=\"https:\/\/actu.fr\/auteur\/aline-chatel\" title=\"Consulter tous les articles de Aline Chatel\" target=\"_blank\" rel=\"noopener\">Aline Chatel<\/a><br \/>\n                    <\/strong><\/p>\n<p>        Publi\u00e9 le<\/p>\n<p>            14 janv. 2026 \u00e0 0h25        <\/p>\n<p>\u00ab\u00a0\u00c7a va extr\u00eamement vite. Au bout de cinq minutes de jeu<b>, on se demande o\u00f9 on a atterri<\/b>.\u00a0\u00bb Gr\u00e9goire Delain a go\u00fbt\u00e9 au tr\u00e8s haut niveau le temps d\u2019un match, mardi 13 janvier 2026, en seizi\u00e8me de finale de la Coupe de France. Le capitaine du Bayeux FC (R1) occupait m\u00eame un poste privil\u00e9gi\u00e9, celui de d\u00e9fenseur central, pour<b> constater la qualit\u00e9 de son adversaire<\/b>. Le BFC a encaiss\u00e9 neuf buts contre Marseille, troisi\u00e8me de Ligue 1 (<a href=\"https:\/\/actu.fr\/normandie\/caen_14118\/limmense-defi-de-bayeux-face-a-marseille-suivez-en-direct-le-choc-de-la-coupe-de-france_63694263.html\" target=\"_blank\" rel=\"noopener\">0-9<\/a>).\u00a0<\/p>\n<blockquote class=\"ac-article-quote wall-content\">\n<p>Il y a un monde d\u2019\u00e9cart. R1, L1, il n\u2019y a pas photo. On a vu d\u00e8s les premi\u00e8res minutes que \u00e7a allait \u00eatre tr\u00e8s, tr\u00e8s compliqu\u00e9. Ils nous ont respect\u00e9s. Le score reste anecdotique. On garde les souvenirs plein la t\u00eate.<\/p>\n<p>Gr\u00e9goire Delain, capitaine du Bayeux FC<\/p><\/blockquote>\n<p class=\" wall-content\">Les souvenirs, c\u2019est d\u2019abord \u00ab\u00a0d\u2019avoir rempli d\u2019Ornano,<b> d\u2019avoir fait venir 20 000 personnes dans le stade<\/b>\u00ab\u00a0. Cette communion, Greg Delain la gardera \u00e0 vie. \u00ab\u00a0Le stade \u00e9tait bleu et jaune. \u00c7a m\u2019a fait chaud au c\u0153ur et \u00e7a m\u2019a mis des frissons tout le match. Jusqu\u2019\u00e0 la 90\u00e8 minute, <b>les supporters n\u2019ont pas l\u00e2ch\u00e9<\/b>. \u00c7a nous a vraiment boost\u00e9s. C\u2019\u00e9tait fou. M\u00eame les supporters marseillais nous ont applaudis. Grand respect. C\u2019\u00e9tait top.\u00a0\u00bb<\/p>\n<p class=\" wall-content\">\n<p>Des Marseillais \u00ab\u00a0tr\u00e8s cool\u00a0\u00bb<\/p>\n<p class=\" wall-content\">Les Marseillais, justement, \u00ab\u00a0ont \u00e9t\u00e9 tr\u00e8s cool\u00a0\u00bb. Gr\u00e9goire Delain a<b> obtenu le maillot de Facundo Medina<\/b>, son homologue capitaine. \u00ab\u00a0Il est all\u00e9 le rechercher dans le vestiaire pour me le donner. Ils ont tous dit oui directement. Sur le terrain, <b>on a pu discuter avec eux<\/b>.\u00a0\u00bb Benjamin Pavard, champion du monde 2018, a m\u00eame interrog\u00e9 le Bayeusain.\u00a0<\/p>\n<blockquote class=\"ac-article-quote wall-content\">\n<p>J\u2019ai \u00e9chang\u00e9 avec Ben Pavard. Il m\u2019a demand\u00e9 ce que je faisais dans la vie.\u00a0<\/p>\n<p>Gr\u00e9goire Delain, capitaine du Bayeux FC<\/p><\/blockquote>\n<p class=\" wall-content\">Gr\u00e9goire Delain<b> bosse \u00e0 Normandie Menuiserie<\/b>, comme deux de ses co\u00e9quipiers (Pierre-Micka\u00ebl Anquetil et Paul Aubel), \u00e0 Carpiquet. Le boulot, pr\u00e9cis\u00e9ment, reprendra vite ses droits. Apr\u00e8s une telle aventure, Gr\u00e9goire Delain redoute une suite \u00ab\u00a0compliqu\u00e9e, parce que <b>demain on va au travail<\/b>. Ensuite, on va se concentrer sur le championnat. Il va falloir qu\u2019on se repose\u00a0\u00bb.\u00a0<\/p>\n<p>\u00ab\u00a0On se souviendra de nous\u00a0\u00bb<\/p>\n<p class=\" wall-content\">Pour l\u2019heure, les Bayeusains ont le droit de savourer encore un peu. \u00ab\u00a0On a fait un grand parcours avec des bons mecs, un bon groupe. Pour le club, c\u2019est incroyable. Ce sont des moments grav\u00e9s. Au club house, il y aura toutes les pancartes de ce parcours. On aura nos noms. On se souviendra de nous.\u00a0\u00bb Et puis, Bayeux aura aussi d\u2019autres retomb\u00e9es, sonnantes et tr\u00e9buchantes. \u00ab\u00a0Pour l\u2019instant, c\u2019est<b> la chose la plus belle qu\u2019on a pu faire pour le club<\/b>. Il y a deux ans, c\u2019\u00e9tait un peu compliqu\u00e9 financi\u00e8rement. Pour les ann\u00e9es \u00e0 venir, je pense que \u00e7a va aller\u00a0\u00bb, sourit le jeune homme de 29 ans.\u00a0<\/p>\n<p class=\" wall-content\">Personnalisez votre actualit\u00e9 en ajoutant vos villes et m\u00e9dias en favori avec <a href=\"https:\/\/moncompte.actu.fr\" title=\"D\u00e9couvez Mon Actu\" rel=\"nofollow noopener\" data-trk=\"{&quot;cta&quot;:{&quot;action&quot;:&quot;https:\\\/\\\/moncompte.actu.fr&quot;,&quot;category&quot;:&quot;mon compte&quot;,&quot;from&quot;:&quot;article footer&quot;,&quot;name&quot;:&quot;Mon actu&quot;,&quot;type&quot;:&quot;cta&quot;}}\" target=\"_blank\">Mon Actu<\/a>.<\/p>\n","protected":false},"excerpt":{"rendered":"Par Aline Chatel Publi\u00e9 le 14 janv. 2026 \u00e0 0h25 \u00ab\u00a0\u00c7a va extr\u00eamement vite. Au bout de cinq&hellip;\n","protected":false},"author":2,"featured_media":662244,"comment_status":"","ping_status":"","sticky":false,"template":"","format":"standard","meta":{"footnotes":""},"categories":[1410],"tags":[83,63,1011,27,1745,60],"class_list":{"0":"post-662243","1":"post","2":"type-post","3":"status-publish","4":"format-standard","5":"has-post-thumbnail","7":"category-football","8":"tag-coupe-de-france","9":"tag-football","10":"tag-fr","11":"tag-france","12":"tag-sport-caen","13":"tag-sports"},"share_on_mastodon":{"url":"https:\/\/pubeurope.com\/@fr\/115891844695098402","error":""},"_links":{"self":[{"href":"https:\/\/www.europesays.com\/fr\/wp-json\/wp\/v2\/posts\/662243","targetHints":{"allow":["GET"]}}],"collection":[{"href":"https:\/\/www.europesays.com\/fr\/wp-json\/wp\/v2\/posts"}],"about":[{"href":"https:\/\/www.europesays.com\/fr\/wp-json\/wp\/v2\/types\/post"}],"author":[{"embeddable":true,"href":"https:\/\/www.europesays.com\/fr\/wp-json\/wp\/v2\/users\/2"}],"replies":[{"embeddable":true,"href":"https:\/\/www.europesays.com\/fr\/wp-json\/wp\/v2\/comments?post=662243"}],"version-history":[{"count":0,"href":"https:\/\/www.europesays.com\/fr\/wp-json\/wp\/v2\/posts\/662243\/revisions"}],"wp:featuredmedia":[{"embeddable":true,"href":"https:\/\/www.europesays.com\/fr\/wp-json\/wp\/v2\/media\/662244"}],"wp:attachment":[{"href":"https:\/\/www.europesays.com\/fr\/wp-json\/wp\/v2\/media?parent=662243"}],"wp:term":[{"taxonomy":"category","embeddable":true,"href":"https:\/\/www.europesays.com\/fr\/wp-json\/wp\/v2\/categories?post=662243"},{"taxonomy":"post_tag","embeddable":true,"href":"https:\/\/www.europesays.com\/fr\/wp-json\/wp\/v2\/tags?post=662243"}],"curies":[{"name":"wp","href":"https:\/\/api.w.org\/{rel}","templated":true}]}}