{"id":662245,"date":"2026-01-14T05:39:11","date_gmt":"2026-01-14T05:39:11","guid":{"rendered":"https:\/\/www.europesays.com\/fr\/662245\/"},"modified":"2026-01-14T05:39:11","modified_gmt":"2026-01-14T05:39:11","slug":"des-debuts-difficiles-sur-m6-elle-repond-cas","status":"publish","type":"post","link":"https:\/\/www.europesays.com\/fr\/662245\/","title":{"rendered":"des d\u00e9buts difficiles sur M6 ? Elle r\u00e9pond cas &#8230;"},"content":{"rendered":"<p>EN BREF<\/p>\n<ul class=\"bloc_resume_post_list\">\n<li>Marie-Ange Nardi a quitt\u00e9 TF1 pour M6 en passant de<br \/>\nT\u00e9l\u00e9shopping \u00e0 My Boutique T\u00e9l\u00e9shop d\u00e8s le 2 janvier.<\/li>\n<li>Elle copr\u00e9sente d\u00e9sormais avec Charlotte Rosier, malgr\u00e9<br \/>\ndes d\u00e9buts jug\u00e9s compliqu\u00e9s par certains.<\/li>\n<li>La transition s\u00a0\u00bbest faite sans heurts gr\u00e2ce \u00e0 la m\u00eame<br \/>\nsoci\u00e9t\u00e9 g\u00e9rant les deux \u00e9missions.<\/li>\n<\/ul>\n<p data-start=\"543\" data-end=\"933\">Le passage de TF1 \u00e0 M6 s\u2019est<br \/>\nfait en un \u00e9clair. Dans une interview accord\u00e9e aux colonnes de<br \/>\n<a href=\"https:\/\/tvmag.lefigaro.fr\/programme-tv\/actu-tele\/la-fin-de-teleshopping-son-arrivee-sur-m6-son-amitie-avec-olivier-minne-le-deces-de-patrice-laffont-marie-ange-nardi-se-confie-20260113\" target=\"_blank\" rel=\"nofollow noopener\">TV Mag<\/a>,<br \/>\nMarie-Ange Nardi revient sur ces derniers jours intenses qui ont<br \/>\nmarqu\u00e9 un tournant dans sa carri\u00e8re. Le mercredi 31 d\u00e9cembre,<br \/>\n<a href=\"https:\/\/www.telestar.fr\/actu_tv\/exclu-marie-ange-nardi-on-na-pas-bien-compris-larret-du-teleshopping-sur-tf1-lui-reste-en-travers-de-la-gorge-1749903\" target=\"_blank\" rel=\"noopener\"><br \/>\nl\u2019animatrice faisait ses adieux \u00e0 T\u00e9l\u00e9shopping<\/a>,<br \/>\n\u00e9mission culte <strong>stopp\u00e9e apr\u00e8s trente-huit ans<br \/>\nd\u2019existence.<\/strong> Deux jours plus tard \u00e0 peine, elle<br \/>\napparaissait d\u00e9j\u00e0 \u00e0 l\u2019antenne de M6.<\/p>\n<p data-start=\"935\" data-end=\"1223\">Depuis le 2 janvier, Marie-Ange<br \/>\nNardi copr\u00e9sente My Boutique T\u00e9l\u00e9shop aux c\u00f4t\u00e9s de<br \/>\nCharlotte Rosier. Une arriv\u00e9e rapide qui a pu surprendre, certains<br \/>\n\u00e9voquant <strong>des d\u00e9buts compliqu\u00e9s sur la sixi\u00e8me<br \/>\ncha\u00eene.<\/strong> L\u2019animatrice, elle, balaie les doutes et raconte<br \/>\nles coulisses de cette transition sans d\u00e9tour.<\/p>\n<p>T\u00e9l\u00e9shopping arr\u00eat\u00e9, une<br \/>\namiti\u00e9 intacte avec Alexandre Devoise<\/p>\n<p data-start=\"1292\" data-end=\"1707\">La fin de T\u00e9l\u00e9shopping a<br \/>\nmarqu\u00e9 les t\u00e9l\u00e9spectateurs, mais aussi <a href=\"https:\/\/www.telestar.fr\/actu_tv\/teleshopping-on-a-decide-de-marie-ange-nardi-et-alexandre-devoise-amers-apres-larret-de-lemission-ils-balancent-en-direct-1749801\" target=\"_blank\" rel=\"noopener\"><br \/>\nle duo qu\u2019elle formait avec Alexandre Devoise<\/a>. Marie-Ange Nardi<br \/>\ntient d\u2019ailleurs \u00e0 rassurer sur leur relation. <strong>\u00ab\u00a0On est<br \/>\ndevenus tr\u00e8s amis au fil des ann\u00e9es. Donc l\u2019arr\u00eat de T\u00e9l\u00e9shopping<br \/>\nne nuira pas \u00e0 notre amiti\u00e9\u00a0\u00bb<\/strong>, confie-t-elle. Et<br \/>\nd\u2019ajouter : \u00ab\u00a0\u00c0 titre personnel, on continuera \u00e0 se fr\u00e9quenter.<br \/>\nD\u2019autant plus qu\u2019on est tr\u00e8s proches g\u00e9ographiquement\u00a0\u00bb.<\/p>\n<p data-start=\"1709\" data-end=\"2066\">Si les deux animateurs ne se<br \/>\nsont pas encore retrouv\u00e9s depuis la derni\u00e8re \u00e9mission, la raison<br \/>\nest simple. <strong>\u00ab\u00a0Non, parce qu\u2019il y a eu les f\u00eates. Mais \u00e7a<br \/>\nne va pas tarder\u00a0\u00bb<\/strong>, explique-t-elle.<br \/>\nProfessionnellement, en revanche, rien ne se dessine pour le<br \/>\nmoment. Une page se tourne, sans amertume, mais avec beaucoup<br \/>\nd\u2019affection pour ces ann\u00e9es pass\u00e9es \u00e0 l\u2019antenne.<\/p>\n<p>Comment s&rsquo;est pass\u00e9e l&rsquo;arriv\u00e9e de Marie-Ange Nardi sur M6 ?<\/p>\n<p data-start=\"2109\" data-end=\"2439\">Contrairement aux rumeurs,<br \/>\nMarie-Ange Nardi assure que son arriv\u00e9e sur M6 s\u2019est faite sans<br \/>\nheurts. \u00ab\u00a0De mani\u00e8re tr\u00e8s fluide puisque c\u2019est la m\u00eame soci\u00e9t\u00e9<br \/>\nqui g\u00e9rait T\u00e9l\u00e9shopping et M6 Boutique\u00a0\u00bb, explique-t-elle. Un<br \/>\nd\u00e9tail important qui a facilit\u00e9 la transition. <strong>\u00ab\u00a0\u00c7a a<br \/>\npermis de continuer \u00e0 travailler avec des gens que je<br \/>\nconnais\u00a0\u00bb.<\/strong> Le calendrier, en revanche, a \u00e9t\u00e9 serr\u00e9.<br \/>\n\u00ab\u00a0Les choses sont m\u00eame all\u00e9es tr\u00e8s vite car on a \u00e9t\u00e9 pris par le<br \/>\ntemps et il fallait assurer l\u2019antenne\u00a0\u00bb, reconna\u00eet-elle. Quant<br \/>\n\u00e0 l\u2019id\u00e9e de tourner d\u00e9finitivement la page de la t\u00e9l\u00e9vision, elle<br \/>\nne s\u2019est jamais impos\u00e9e. \u00ab\u00a0Non. Quand la proposition de M6 est<br \/>\narriv\u00e9e, \u00e7a m\u2019a paru assez naturel de continuer\u00a0\u00bb.<\/p>\n<p data-start=\"2787\" data-end=\"3190\">Sur les diff\u00e9rences entre<br \/>\nT\u00e9l\u00e9shopping et My Boutique T\u00e9l\u00e9shop,<br \/>\nl\u2019animatrice se montre mesur\u00e9e. \u00ab\u00a0Les rapports sont diff\u00e9rents<br \/>\ncar les personnalit\u00e9s sont diff\u00e9rentes\u00a0\u00bb, explique-t-elle,<br \/>\navant de d\u00e9tailler les \u00e9volutions envisag\u00e9es. <strong>\u00ab\u00a0On va<br \/>\nessayer d\u2019augmenter un peu la partie magazine, avec un peu plus<br \/>\nd\u2019\u00e9dito, plus d\u2019avis de sp\u00e9cialistes\u00a0\u00bb.<\/strong> Un programme<br \/>\nen construction, appel\u00e9 \u00e0 \u00e9voluer progressivement. Enfin, difficile<br \/>\nde ne pas \u00e9voquer <a href=\"https:\/\/www.telestar.fr\/actu_tv\/exclu-olivier-minne-a-la-tete-du-maillon-faible-un-soupcon-de-il-annonce-la-couleur-1748300\" target=\"_blank\" rel=\"noopener\"><br \/>\nOlivier Minne, lui aussi r\u00e9cemment arriv\u00e9 sur M6<\/a>. L\u00e0 encore,<br \/>\nMarie-Ange Nardi relativise. \u00ab\u00a0Son arriv\u00e9e sur M6 n\u2019aurait rien<br \/>\nchang\u00e9\u00a0\u00bb, affirme-t-elle, tout en reconnaissant que leurs<br \/>\nretrouvailles sur la m\u00eame cha\u00eene les ont fait sourire. Et sur son<br \/>\nd\u00e9part de France T\u00e9l\u00e9visions, elle conclut simplement : \u00ab\u00a0Je<br \/>\nsuis certaine que <strong>si Olivier a pris cette d\u00e9cision, c\u2019est<br \/>\nqu\u2019il avait de bonnes raisons<\/strong>\u00ab\u00a0.<\/p>\n","protected":false},"excerpt":{"rendered":"EN BREF Marie-Ange Nardi a quitt\u00e9 TF1 pour M6 en passant de T\u00e9l\u00e9shopping \u00e0 My Boutique T\u00e9l\u00e9shop d\u00e8s&hellip;\n","protected":false},"author":2,"featured_media":662246,"comment_status":"","ping_status":"","sticky":false,"template":"","format":"standard","meta":{"footnotes":""},"categories":[1359],"tags":[548,58,59,1011,27,973],"class_list":{"0":"post-662245","1":"post","2":"type-post","3":"status-publish","4":"format-standard","5":"has-post-thumbnail","7":"category-people","8":"tag-article-simple","9":"tag-divertissement","10":"tag-entertainment","11":"tag-fr","12":"tag-france","13":"tag-people"},"share_on_mastodon":{"url":"https:\/\/pubeurope.com\/@fr\/115891848450754624","error":""},"_links":{"self":[{"href":"https:\/\/www.europesays.com\/fr\/wp-json\/wp\/v2\/posts\/662245","targetHints":{"allow":["GET"]}}],"collection":[{"href":"https:\/\/www.europesays.com\/fr\/wp-json\/wp\/v2\/posts"}],"about":[{"href":"https:\/\/www.europesays.com\/fr\/wp-json\/wp\/v2\/types\/post"}],"author":[{"embeddable":true,"href":"https:\/\/www.europesays.com\/fr\/wp-json\/wp\/v2\/users\/2"}],"replies":[{"embeddable":true,"href":"https:\/\/www.europesays.com\/fr\/wp-json\/wp\/v2\/comments?post=662245"}],"version-history":[{"count":0,"href":"https:\/\/www.europesays.com\/fr\/wp-json\/wp\/v2\/posts\/662245\/revisions"}],"wp:featuredmedia":[{"embeddable":true,"href":"https:\/\/www.europesays.com\/fr\/wp-json\/wp\/v2\/media\/662246"}],"wp:attachment":[{"href":"https:\/\/www.europesays.com\/fr\/wp-json\/wp\/v2\/media?parent=662245"}],"wp:term":[{"taxonomy":"category","embeddable":true,"href":"https:\/\/www.europesays.com\/fr\/wp-json\/wp\/v2\/categories?post=662245"},{"taxonomy":"post_tag","embeddable":true,"href":"https:\/\/www.europesays.com\/fr\/wp-json\/wp\/v2\/tags?post=662245"}],"curies":[{"name":"wp","href":"https:\/\/api.w.org\/{rel}","templated":true}]}}