{"id":662253,"date":"2026-01-14T05:44:50","date_gmt":"2026-01-14T05:44:50","guid":{"rendered":"https:\/\/www.europesays.com\/fr\/662253\/"},"modified":"2026-01-14T05:44:50","modified_gmt":"2026-01-14T05:44:50","slug":"le-temple-des-morts-retour-reussi-de-la-franchise-des-28","status":"publish","type":"post","link":"https:\/\/www.europesays.com\/fr\/662253\/","title":{"rendered":"le temple des morts\u00a0\u00bb, retour r\u00e9ussi de la franchise des \u00ab\u00a028\u00a0\u00bb"},"content":{"rendered":"<p>\u00ab\u00a028 ans plus tard : le temple des morts\u00a0\u00bb (1h50) est un film fantastique de Nia Dacosta (Grande-Bretagne \/ \u00c9tats-Unis), avec Ralph Fiennes, Alfie Williams, Jack O&rsquo;Connell.<\/p>\n<p>L&rsquo;histoire<\/p>\n<p>Au c\u0153ur du temple des morts, le docteur Kelson (Ralph Fiennes) noue une relation aussi troublante qu&rsquo;inattendue dont les r\u00e9percussions sont susceptibles de bouleverser notre monde. De l&rsquo;autre c\u00f4t\u00e9, la rencontre entre Spike (Alfie Williams) et Jimmy Crystal (Jack O&rsquo;Connell) tourne au cauchemar\u2026<\/p>\n<p>Notre avis<\/p>\n<p>Rest\u00e9e longtemps en sommeil (les deux premi\u00e8res propositions datent de 2002 et 2007), la franchise des \u00ab\u00a028\u00a0\u00bb \u00e9tait revenue l&rsquo;ann\u00e9e derni\u00e8re par la grande porte via le r\u00e9alisateur <a href=\"https:\/\/www.laprovence.com\/article\/culture-loisirs\/11506478374429\/danny-boyle-realisateur-de-28-ans-plus-tard-faire-ressentir-la-douleur-des-infectes-dans-nos-tripes\" target=\"_blank\" rel=\"noopener\">Danny Boyle<\/a>. Et si le r\u00e9alisateur de Trainspotting n&rsquo;est pas aux commandes du deuxi\u00e8me chapitre de cette trilogie, le sc\u00e9nariste Alex Garland r\u00e9pond pr\u00e9sent. Cela permet de conserver une certaine coh\u00e9rence et ce d&rsquo;autant plus que l&rsquo;action reprend l\u00e0 o\u00f9 on l&rsquo;avait laiss\u00e9e, avec le jeune Spike sauv\u00e9 in extremis par une myst\u00e9rieuse bande de \u00ab\u00a0Jimmys\u00a0\u00bb affubl\u00e9s de perruques blondes.<\/p>\n<p>Derri\u00e8re la cam\u00e9ra, on retrouve donc Nia DaCosta, laquelle avait s\u00e9duit avec son reboot de Candyman\u2026 avant de d\u00e9cevoir lors du blockbuster\u00a0The Marvels. Sans \u00e9pater au niveau de sa r\u00e9alisation, elle assure l&rsquo;essentiel dans ce film d&rsquo;horreur\u2026 encore plus minimaliste que le pr\u00e9c\u00e9dent, puisqu&rsquo;on ne retrouve qu&rsquo;une dizaine de personnages dans un endroit isol\u00e9 infest\u00e9 de zombies, m\u00eame si ces derniers sont peu pr\u00e9sents. Cela n&#8217;emp\u00eache pas la cin\u00e9aste de livrer quelques sc\u00e8nes gores qui demanderont aux spectateurs d&rsquo;avoir le c\u0153ur bien accroch\u00e9.<\/p>\n<\/p>\n<p>Le parti pris \u00ab\u00a0r\u00e9aliste\u00a0\u00bb dans l&rsquo;approche accentuant cet effet. \u00c0 l&rsquo;instar des s\u00e9ries The Walking Dead\u00a0ou\u00a0The Last of Us, le danger principal est ici incarn\u00e9 par les humains, sans foi ni loi avec leurs pairs. La figure du sataniste Jimmy Crystal, camp\u00e9 par un Jack O&rsquo;Connell qui s&rsquo;en donne \u00e0 c\u0153ur joie, accompagn\u00e9 de ses disciples, en est le meilleur exemple. \u00c0 l&rsquo;inverse, le fameux \u00ab\u00a0Alpha\u00a0\u00bb, ce mort-vivant \u00e0 la force colossale et ma\u00eetre des autres infect\u00e9s, s&rsquo;humanise au contact du Docteur Kelson, et noue m\u00eame une amiti\u00e9 avec lui ! Par ces parcours, et celui de Spike, essayant de conserver ce qu&rsquo;il reste de son innocence dans un contexte d&rsquo;une violence inou\u00efe, ce Temple des morts\u00a0parle de la d\u00e9radicalisation.<\/p>\n<p>Comment arriver \u00e0 tuer le virus ? Le mal ? Arriver \u00e0 le ramener \u00e0 la raison ? Autant de questions explor\u00e9es au sein de cet interlude ponctu\u00e9 de quelques envol\u00e9es d\u00e9cal\u00e9es aux tonalit\u00e9s pop-rock-m\u00e9tal. Voir Ralph Fiennes, l&rsquo;ancien Voldemort, s&rsquo;amuser \u00e0 se faire passer pour le diable le temps d&rsquo;une danse d\u00e9jant\u00e9e au milieu des flammes sur du <a href=\"https:\/\/www.laprovence.com\/article\/france-monde\/2028320394899914\/eurockeennes-de-belfort-iron-maiden-en-tete-daffiche-en-2025\" target=\"_blank\" rel=\"noopener\">Iron Maiden<\/a>\u00a0\u00e9tant sans aucun doute le moment le plus jubilatoire de ce film, qui sans avoir la capacit\u00e9 de devenir un classique du genre, assure sa mission et permet de patienter jusqu&rsquo;au final, actuellement en d\u00e9veloppement, o\u00f9 l&rsquo;on retrouvera Jim \/ Cillian Murphy, le h\u00e9ros originel. La boucle sera alors boucl\u00e9e.<\/p>\n<p><strong>La note :\u00a0 3 \/ 5<\/strong><\/p>\n","protected":false},"excerpt":{"rendered":"\u00ab\u00a028 ans plus tard : le temple des morts\u00a0\u00bb (1h50) est un film fantastique de Nia Dacosta (Grande-Bretagne&hellip;\n","protected":false},"author":2,"featured_media":662254,"comment_status":"","ping_status":"","sticky":false,"template":"","format":"standard","meta":{"footnotes":""},"categories":[1354],"tags":[5734,8129,1764,650,7257,251,58,59,1346,1011,27,1360,378,13409,38440],"class_list":{"0":"post-662253","1":"post","2":"type-post","3":"status-publish","4":"format-standard","5":"has-post-thumbnail","7":"category-films","8":"tag-5734","9":"tag-8129","10":"tag-ans","11":"tag-cinema","12":"tag-critique","13":"tag-culture","14":"tag-divertissement","15":"tag-entertainment","16":"tag-films","17":"tag-fr","18":"tag-france","19":"tag-movies","20":"tag-plus","21":"tag-tard","22":"tag-temple"},"share_on_mastodon":{"url":"https:\/\/pubeurope.com\/@fr\/115891871618703665","error":""},"_links":{"self":[{"href":"https:\/\/www.europesays.com\/fr\/wp-json\/wp\/v2\/posts\/662253","targetHints":{"allow":["GET"]}}],"collection":[{"href":"https:\/\/www.europesays.com\/fr\/wp-json\/wp\/v2\/posts"}],"about":[{"href":"https:\/\/www.europesays.com\/fr\/wp-json\/wp\/v2\/types\/post"}],"author":[{"embeddable":true,"href":"https:\/\/www.europesays.com\/fr\/wp-json\/wp\/v2\/users\/2"}],"replies":[{"embeddable":true,"href":"https:\/\/www.europesays.com\/fr\/wp-json\/wp\/v2\/comments?post=662253"}],"version-history":[{"count":0,"href":"https:\/\/www.europesays.com\/fr\/wp-json\/wp\/v2\/posts\/662253\/revisions"}],"wp:featuredmedia":[{"embeddable":true,"href":"https:\/\/www.europesays.com\/fr\/wp-json\/wp\/v2\/media\/662254"}],"wp:attachment":[{"href":"https:\/\/www.europesays.com\/fr\/wp-json\/wp\/v2\/media?parent=662253"}],"wp:term":[{"taxonomy":"category","embeddable":true,"href":"https:\/\/www.europesays.com\/fr\/wp-json\/wp\/v2\/categories?post=662253"},{"taxonomy":"post_tag","embeddable":true,"href":"https:\/\/www.europesays.com\/fr\/wp-json\/wp\/v2\/tags?post=662253"}],"curies":[{"name":"wp","href":"https:\/\/api.w.org\/{rel}","templated":true}]}}