{"id":662255,"date":"2026-01-14T05:45:13","date_gmt":"2026-01-14T05:45:13","guid":{"rendered":"https:\/\/www.europesays.com\/fr\/662255\/"},"modified":"2026-01-14T05:45:13","modified_gmt":"2026-01-14T05:45:13","slug":"beaucoup-de-patients-arrivaient-avec-des-symptomes-de-type-gastro-le-pic-epidemique-de-grippe-en-passe-detre-franchi-dans-le-lot","status":"publish","type":"post","link":"https:\/\/www.europesays.com\/fr\/662255\/","title":{"rendered":"\u00ab\u00a0Beaucoup de patients arrivaient avec des sympt\u00f4mes de type gastro\u00a0\u00bb\u00a0: le pic \u00e9pid\u00e9mique de grippe en passe d\u2019\u00eatre franchi dans le Lot"},"content":{"rendered":"<p>\n                                                                    l&rsquo;essentiel<br \/>\n                                                                Dans le Lot, la circulation de la grippe reste active mais les indicateurs sanitaires montrent un ralentissement de l\u2019\u00e9pid\u00e9mie. Le\u00a0pic en passe d\u2019\u00eatre franchi appelle \u00e0 maintenir les gestes de pr\u00e9vention pour \u00e9viter toute tension sur le syst\u00e8me de sant\u00e9.\n                            <\/p>\n<p>\u00c0 la pharmacie Lafayette de Cahors, le calme est revenu apr\u00e8s plusieurs semaines sous tension. \u00ab\u00a0\u00c7a se tasse un peu\u00a0\u00bb, constate\u00a0David Lewi, le pharmacien titulaire. \u00ab\u00a0Le gros pic, on l\u2019a clairement eu entre No\u00ebl et le jour de l\u2019an. Depuis d\u00e9but janvier, il y a encore des cas, mais beaucoup moins.\u00a0\u00bb\u00a0Une impression de terrain qui rejoint les indicateurs sanitaires observ\u00e9s \u00e0 l\u2019\u00e9chelle du d\u00e9partement.<\/p>\n<p>\u00ab\u00a0On touche du bois, mais la situation tient bien\u00a0\u00bb<\/p>\n<p>Dans le Lot, la circulation du virus grippal reste active, mais la situation est jug\u00e9e ma\u00eetris\u00e9e par l\u2019Agence r\u00e9gionale de sant\u00e9. \u00ab\u00a0On touche du bois, mais la situation tient bien\u00a0\u00bb, explique Quentin Delacour, directeur de l\u2019ARS dans le Lot. Actuellement, 19 personnes sont hospitalis\u00e9es pour grippe dans l\u2019ensemble des \u00e9tablissements du d\u00e9partement, dont six au centre hospitalier de Cahors. Une activit\u00e9 r\u00e9elle, mais \u00ab\u00a0non dominante\u00a0\u00bb\u00a0selon les autorit\u00e9s sanitaires.<\/p>\n<p>        <img decoding=\"async\" class=\"std-img__img responsive-img\" src=\"https:\/\/www.europesays.com\/fr\/wp-content\/uploads\/2026\/01\/1768369513_991_image.jpg\" alt=\"Dans le Lot, la circulation de la grippe reste active mais les indicateurs sanitaires montrent un ralentissement de l\u2019\u00e9pid\u00e9mie\"\/><\/p>\n<p>                Dans le Lot, la circulation de la grippe reste active mais les indicateurs sanitaires montrent un ralentissement de l\u2019\u00e9pid\u00e9mie<br \/>\n                                    DDM &#8211; MICHEL VIALA<\/p>\n<p>Les services d\u2019urgences ne sont, \u00e0 ce stade, pas satur\u00e9s. \u00c0 Gourdon, Figeac et Saint-C\u00e9r\u00e9, les passages pour grippe restent peu nombreux. \u00c0 Cahors, l\u2019activit\u00e9 est plus soutenue, sans toutefois mettre le syst\u00e8me en difficult\u00e9. Les tendances observ\u00e9es ces derniers jours confirment un infl\u00e9chissement\u00a0: stagnation \u00e0 Gourdon et Saint-C\u00e9r\u00e9, baisse \u00e0 Figeac et Cahors depuis le week-end dernier.<\/p>\n<p class=\"std-elt__inline\">\n        <strong>\u00c0 lire aussi :<\/strong><br \/>\n        <a href=\"https:\/\/www.ladepeche.fr\/2026\/01\/04\/jai-fait-des-dominos-avec-une-residente-elle-en-a-pleure-dans-les-pas-dune-aide-soignante-dans-un-ehpad-13136596.php\" target=\"_blank\" rel=\"noopener\">\u00ab\u00a0J\u2019ai fait des dominos avec une r\u00e9sidente, elle en a pleur\u00e9\u00a0!\u00a0\u00bb\u00a0: dans les pas d\u2019une aide-soignante dans un Ehpad<\/a>\n    <\/p>\n<p>\u00ab\u00a0Nous sommes tr\u00e8s probablement en train de passer le pic \u00e9pid\u00e9mique\u00a0\u00bb, pr\u00e9cise Quentin Delacour. En d\u00e9but de semaine, la probabilit\u00e9 que le pic soit atteint atteignait 60\u00a0%. \u00ab\u00a0Il est soit cette semaine, soit la semaine prochaine.\u00a0\u00bb\u00a0Des effets rebonds restent possibles, notamment apr\u00e8s les nombreux contacts li\u00e9s aux f\u00eates de fin d\u2019ann\u00e9e, mais la dynamique globale est \u00e0 la baisse.<\/p>\n<p>\u00ab\u00a0Les soignants ne sont pas oppos\u00e9s \u00e0 la vaccination, mais le temps manque\u00a0\u00bb<\/p>\n<p>Sur le terrain, les professionnels de sant\u00e9 ont ressenti une grippe \u00ab\u00a0plus sonnante\u00a0\u00bb\u00a0cette ann\u00e9e. \u00ab\u00a0Beaucoup de patients arrivaient avec des sympt\u00f4mes de type gastro, qui \u00e9voluaient ensuite en v\u00e9ritables syndromes grippaux\u00a0\u00bb, observe le pharmacien cadurcien. Sans pouvoir comparer pr\u00e9cis\u00e9ment avec l\u2019an pass\u00e9, il note des patients \u00ab\u00a0bien \u00e9prouv\u00e9s\u00a0\u00bb, souvent immobilis\u00e9s plusieurs jours.<\/p>\n<p class=\"std-elt__inline\">\n        <strong>\u00c0 lire aussi :<\/strong><br \/>\n        <a href=\"https:\/\/www.ladepeche.fr\/2026\/01\/01\/reportage-cest-tout-le-temps-de-limprevu-comment-la-nuit-du-nouvel-an-sorganise-a-la-maternite-de-cahors-13138866.php\" target=\"_blank\" rel=\"noopener\">REPORTAGE. \u00ab\u00a0C\u2019est tout le temps de l\u2019impr\u00e9vu\u00a0\u00bb\u00a0: comment la nuit du Nouvel An s\u2019organise \u00e0 la maternit\u00e9 de Cahors<\/a>\n    <\/p>\n<p>C\u00f4t\u00e9 pr\u00e9vention, l\u2019ARS insiste d\u00e9sormais moins sur la vaccination, la campagne touchant \u00e0 sa fin, \u00ab\u00a0m\u00eame s\u2019il n\u2019est jamais trop tard pour se vacciner\u00a0\u00bb. \u00ab\u00a0Le b\u00e9n\u00e9fice est simplement moins important \u00e0 ce stade\u00a0\u00bb, reconna\u00eet Quentin Delacour. En revanche, les gestes barri\u00e8res restent essentiels\u00a0: port du masque en cas de sympt\u00f4mes, limitation des contacts, gel hydroalcoolique, t\u00e9l\u00e9travail quand c\u2019est possible. \u00ab\u00a0Le syst\u00e8me tient, mais il reste fragile. Il ne faut pas le mettre en difficult\u00e9.\u00a0\u00bb<\/p>\n<p class=\"std-elt__inline\">\n        <strong>\u00c0 lire aussi :<\/strong><br \/>\n        <a href=\"https:\/\/www.ladepeche.fr\/2026\/01\/02\/un-vrai-gain-de-temps-pour-les-patients-le-centre-dophtalmologie-honore-cave-redonne-espoir-et-clarte-a-des-milliers-de-patients-lotois-13129580.php\" target=\"_blank\" rel=\"noopener\">\u00ab\u00a0Un vrai gain de temps pour les patients\u2026\u00a0\u00bb\u00a0: le centre d\u2019ophtalmologie Honor\u00e9 Cave redonne espoir et clart\u00e9 \u00e0 des milliers de patients lotois<\/a>\n    <\/p>\n<p>La vaccination des soignants reste \u00e9galement un enjeu. Au centre hospitalier de Cahors, environ un soignant sur deux est vaccin\u00e9 contre la grippe. Un chiffre jug\u00e9 satisfaisant, obtenu gr\u00e2ce \u00e0 une d\u00e9marche proactive\u00a0: \u00ab\u00a0l\u2019aller vers\u00a0\u00bb, avec des \u00e9quipes se d\u00e9pla\u00e7ant directement dans les services pour vacciner en quelques minutes. \u00ab\u00a0Les soignants ne sont pas oppos\u00e9s \u00e0 la vaccination, mais le temps manque. Quand on facilite, \u00e7a fonctionne\u00a0\u00bb, souligne le directeur de l\u2019ARS. \u00c0 ce stade, aucun d\u00e9c\u00e8s li\u00e9 \u00e0 la grippe n\u2019a \u00e9t\u00e9 signal\u00e9 dans le Lot.<\/p>\n","protected":false},"excerpt":{"rendered":"l&rsquo;essentiel Dans le Lot, la circulation de la grippe reste active mais les indicateurs sanitaires montrent un ralentissement&hellip;\n","protected":false},"author":2,"featured_media":662256,"comment_status":"","ping_status":"","sticky":false,"template":"","format":"standard","meta":{"footnotes":""},"categories":[10],"tags":[70521,1011,27,72,20064,71,8755],"class_list":{"0":"post-662255","1":"post","2":"type-post","3":"status-publish","4":"format-standard","5":"has-post-thumbnail","7":"category-sante","8":"tag-cahors","9":"tag-fr","10":"tag-france","11":"tag-health","12":"tag-lot","13":"tag-sante","14":"tag-santu00e9"},"share_on_mastodon":{"url":"https:\/\/pubeurope.com\/@fr\/115891871740909602","error":""},"_links":{"self":[{"href":"https:\/\/www.europesays.com\/fr\/wp-json\/wp\/v2\/posts\/662255","targetHints":{"allow":["GET"]}}],"collection":[{"href":"https:\/\/www.europesays.com\/fr\/wp-json\/wp\/v2\/posts"}],"about":[{"href":"https:\/\/www.europesays.com\/fr\/wp-json\/wp\/v2\/types\/post"}],"author":[{"embeddable":true,"href":"https:\/\/www.europesays.com\/fr\/wp-json\/wp\/v2\/users\/2"}],"replies":[{"embeddable":true,"href":"https:\/\/www.europesays.com\/fr\/wp-json\/wp\/v2\/comments?post=662255"}],"version-history":[{"count":0,"href":"https:\/\/www.europesays.com\/fr\/wp-json\/wp\/v2\/posts\/662255\/revisions"}],"wp:featuredmedia":[{"embeddable":true,"href":"https:\/\/www.europesays.com\/fr\/wp-json\/wp\/v2\/media\/662256"}],"wp:attachment":[{"href":"https:\/\/www.europesays.com\/fr\/wp-json\/wp\/v2\/media?parent=662255"}],"wp:term":[{"taxonomy":"category","embeddable":true,"href":"https:\/\/www.europesays.com\/fr\/wp-json\/wp\/v2\/categories?post=662255"},{"taxonomy":"post_tag","embeddable":true,"href":"https:\/\/www.europesays.com\/fr\/wp-json\/wp\/v2\/tags?post=662255"}],"curies":[{"name":"wp","href":"https:\/\/api.w.org\/{rel}","templated":true}]}}