{"id":662257,"date":"2026-01-14T05:46:11","date_gmt":"2026-01-14T05:46:11","guid":{"rendered":"https:\/\/www.europesays.com\/fr\/662257\/"},"modified":"2026-01-14T05:46:11","modified_gmt":"2026-01-14T05:46:11","slug":"karim-benzema-apporte-son-soutien-a-jean-michel-aulas-pour-la-mairie-de-lyon","status":"publish","type":"post","link":"https:\/\/www.europesays.com\/fr\/662257\/","title":{"rendered":"Karim Benzema apporte son soutien \u00e0 Jean-Michel Aulas pour la mairie de Lyon"},"content":{"rendered":"<p>\n    Ce mardi, Karim Benzema s\u2019est exprim\u00e9 sur la candidature de son ancien pr\u00e9sident \u00e0 l\u2019Olympique Lyonnais \u00e0 la mairie de Lyon.<\/p>\n<p class=\"fig-paragraph\">Un appui de taille. Invit\u00e9 \u00e0 prendre la parole en visioconf\u00e9rence ce mardi sur LCI pour une \u00e9mission consacr\u00e9e \u00e0 Jean-Michel Aulas,\u00a0<a href=\"http:\/\/www.lefigaro.fr\/lyon\/jean-michel-aulas-toujours-favori-pour-le-fauteuil-de-maire-de-lyon-selon-un-nouveau-sondage-20251224\" target=\"_blank\" data-fig-type=\"NewsFlash\" rel=\"noopener\" data-gtm-custom-categorie=\"navigation\" data-gtm-custom-action=\"crossclick\" data-gtm-custom-label=\"Contextuel\" data-gtm-event=\"customEventSPE\" data-fig-domain=\"LEFIGARO\">qui se pr\u00e9sente \u00e0 la mairie de Lyon<\/a>,\u00a0<a href=\"http:\/\/www.lefigaro.fr\/lyon\/il-faut-qu-il-devienne-maire-de-lyon-karim-benzema-s-enthousiasme-pour-la-candidature-de-jean-michel-aulas-20251212\" target=\"_blank\" data-fig-type=\"NewsFlash\" rel=\"noopener\" data-gtm-custom-categorie=\"navigation\" data-gtm-custom-action=\"crossclick\" data-gtm-custom-label=\"Contextuel\" data-gtm-event=\"customEventSPE\" data-fig-domain=\"LEFIGARO\">Karim Benzema<\/a>\u00a0a donn\u00e9 tout son soutien \u00e0 l\u2019ancien pr\u00e9sident de l\u2019Olympique Lyonnais, qu\u2019il a c\u00f4toy\u00e9 de son entr\u00e9e au centre de formation en 1997 \u00e0 2009.<\/p>\n<p class=\"fig-paragraph\">\u00abJe pense que Jean-Michel Aulas a tout pour r\u00e9ussir. Parce que c\u2019est quelqu\u2019un qu\u2019on \u00e9coute, c\u2019est quelqu\u2019un qui sait o\u00f9 il va et avec beaucoup d\u2019exp\u00e9rience. Il l\u2019a montr\u00e9 dans le football o\u00f9 Lyon \u00e9tait tout en bas et il l\u2019a mont\u00e9 tout en haut\u00bb, a affirm\u00e9 l\u2019actuel joueur d\u2019Al Ittihad en Arabie saoudite.<\/p>\n<p>                                            <a class=\"fig-a11y-skip\" href=\"#fig-a11y-skip-main-inarticle\" data-module=\"a11y-skip\" data-context=\"was @visible\"><br \/>\n    Passer la publicit\u00e9<br \/>\n<\/a>            <\/p>\n<p class=\"fig-paragraph\">Avant d\u2019ajouter\u00a0: \u00abJe pense, en tout cas je suis de tout c\u0153ur avec lui, je pense qu\u2019il a la capacit\u00e9 et cette ambition pour faire bouger la ville. Et faire que Lyon redevienne ce que c\u2019\u00e9tait auparavant.\u00bb<\/p>\n<p class=\"fig-paragraph\">Alors qu\u2019il a officialis\u00e9 sa candidature \u00e0 la mairie de Lyon\u00a0<a href=\"http:\/\/www.lefigaro.fr\/lyon\/municipales-jean-michel-aulas-officialise-sa-candidature-dans-une-lettre-aux-lyonnais-et-lance-son-mouvement-20250925\" target=\"_blank\" data-fig-type=\"NewsFlash\" rel=\"noopener\" data-gtm-custom-categorie=\"navigation\" data-gtm-custom-action=\"crossclick\" data-gtm-custom-label=\"Contextuel\" data-gtm-event=\"customEventSPE\" data-fig-domain=\"LEFIGARO\">le 25 septembre dernier<\/a>, l\u2019ancien pr\u00e9sident de l\u2019OL pointe en t\u00eate des sondages et pourrait bien \u00eatre le successeur de Gr\u00e9gory Doucet, le maire \u00e9cologiste sortant.<\/p>\n","protected":false},"excerpt":{"rendered":"Ce mardi, Karim Benzema s\u2019est exprim\u00e9 sur la candidature de son ancien pr\u00e9sident \u00e0 l\u2019Olympique Lyonnais \u00e0 la&hellip;\n","protected":false},"author":2,"featured_media":662258,"comment_status":"","ping_status":"","sticky":false,"template":"","format":"standard","meta":{"footnotes":""},"categories":[9],"tags":[1011,27,5227,24748,60],"class_list":{"0":"post-662257","1":"post","2":"type-post","3":"status-publish","4":"format-standard","5":"has-post-thumbnail","7":"category-sports","8":"tag-fr","9":"tag-france","10":"tag-jean-michel-aulas","11":"tag-karim-benzema","12":"tag-sports"},"share_on_mastodon":{"url":"https:\/\/pubeurope.com\/@fr\/115891875766275405","error":""},"_links":{"self":[{"href":"https:\/\/www.europesays.com\/fr\/wp-json\/wp\/v2\/posts\/662257","targetHints":{"allow":["GET"]}}],"collection":[{"href":"https:\/\/www.europesays.com\/fr\/wp-json\/wp\/v2\/posts"}],"about":[{"href":"https:\/\/www.europesays.com\/fr\/wp-json\/wp\/v2\/types\/post"}],"author":[{"embeddable":true,"href":"https:\/\/www.europesays.com\/fr\/wp-json\/wp\/v2\/users\/2"}],"replies":[{"embeddable":true,"href":"https:\/\/www.europesays.com\/fr\/wp-json\/wp\/v2\/comments?post=662257"}],"version-history":[{"count":0,"href":"https:\/\/www.europesays.com\/fr\/wp-json\/wp\/v2\/posts\/662257\/revisions"}],"wp:featuredmedia":[{"embeddable":true,"href":"https:\/\/www.europesays.com\/fr\/wp-json\/wp\/v2\/media\/662258"}],"wp:attachment":[{"href":"https:\/\/www.europesays.com\/fr\/wp-json\/wp\/v2\/media?parent=662257"}],"wp:term":[{"taxonomy":"category","embeddable":true,"href":"https:\/\/www.europesays.com\/fr\/wp-json\/wp\/v2\/categories?post=662257"},{"taxonomy":"post_tag","embeddable":true,"href":"https:\/\/www.europesays.com\/fr\/wp-json\/wp\/v2\/tags?post=662257"}],"curies":[{"name":"wp","href":"https:\/\/api.w.org\/{rel}","templated":true}]}}