{"id":662277,"date":"2026-01-14T05:58:13","date_gmt":"2026-01-14T05:58:13","guid":{"rendered":"https:\/\/www.europesays.com\/fr\/662277\/"},"modified":"2026-01-14T05:58:13","modified_gmt":"2026-01-14T05:58:13","slug":"top-14-avec-huw-jones-toulon-a-enfin-trouve-la-perle-rare-quil-recherchait-au-centre","status":"publish","type":"post","link":"https:\/\/www.europesays.com\/fr\/662277\/","title":{"rendered":"Top 14 \u2013 Avec Huw Jones, Toulon a enfin trouv\u00e9 la perle rare qu\u2019il recherchait au centre\u2026"},"content":{"rendered":"<p>\n                Depuis de longs mois, Toulon multipliait les \u00e9checs pour faire venir un centre de stature internationale. Avec Huw Jones, les Varois ont enfin ferr\u00e9 un tr\u00e8s gros poisson\u00a0!\n            <\/p>\n<p>Il y a eu <strong><a href=\"https:\/\/www.rugbyrama.fr\/2025\/10\/06\/transferts-top-14-gailleton-menoncello-avenirs-actes-12973681.php\" target=\"_self\" rel=\"noopener\">Emilien Gailleton, qui a finalement prolong\u00e9 son bail dans le B\u00e9arn<\/a><\/strong>. Il y a aussi eu Tommaso Menoncello, en partance pour le Stade toulousain. Le cas de Justin Piccardo avait \u00e9t\u00e9 \u00e9tudi\u00e9, mais il a\u00a0d\u00e9cid\u00e9 de s\u2019engager sur le long terme au MHR. Encore avant, Pierre-Louis Barassi avait lui aussi pr\u00e9f\u00e9r\u00e9 les Rouge et Noir, \u00e9tendant son contrat avec Toulouse. <strong><a href=\"https:\/\/www.rugbyrama.fr\/2024\/11\/04\/transferts-top-14-courtise-par-toulon-bundee-aki-va-prolonger-en-irlande-12302268.php\" target=\"_self\" rel=\"noopener\">Bundee Aki, de son c\u00f4t\u00e9, avait fait le choix de rester fid\u00e8le au Connacht<\/a><\/strong>. Dans des temps un peu plus anciens, les dirigeants varois avaient aussi manqu\u00e9 le golgoth Andr\u00e9 Esterhuizen \u00e0 son d\u00e9part des Harlequins en 2024, car il souhaitait\u00a0rentrer\u00a0dans son Afrique du Sud natale.<\/p>\n<p>Bref, depuis de tr\u00e8s longs mois, Toulon n\u2019arrivait pas \u00e0 recruter un\u00a0centre de calibre international. Ainsi, l\u2019ailier Leicester Fainga\u2019anuku avait \u00e9t\u00e9 repositionn\u00e9 au milieu du terrain, avec succ\u00e8s. Mais il est rentr\u00e9 aux Crusaders \u00e0 l\u2019\u00e9t\u00e9 2025\u2026 Toulon a donc \u00e9t\u00e9 contraint de sortir Ma\u2019a Nonu de sa retraite au cours de la saison pass\u00e9e et de le prolonger pour l\u2019exercice en cours. Si le double champion du monde s\u2019en sort bien, \u00e0 l\u2019image de ses trois essais en huit matchs, c\u2019est un euph\u00e9misme de dire qu\u2019<strong><a href=\"https:\/\/www.rugbyrama.fr\/2025\/10\/26\/top-14-javais-un-poster-de-lui-dans-ma-chambre-la-legende-maa-nonu-louee-par-les-toulousains-13015599.php\" target=\"_self\" rel=\"noopener\">il ne repr\u00e9sente pas l\u2019avenir \u00e0 43 ans<\/a><\/strong>, et m\u00eame bient\u00f4t 44, en mai. D\u2019ailleurs, son grand \u00e2ge se fait ressentir sur son temps de jeu\u00a0: il n\u2019a jou\u00e9 aucune rencontre en son int\u00e9gralit\u00e9 et n\u2019en a d\u00e9but\u00e9 que deux.\u00a0Aux c\u00f4t\u00e9s du N\u00e9o-Z\u00e9landais, J\u00e9r\u00e9my Sinzelle n\u2019est plus tout jeune (35 ans) et arrive en fin de bail quand Antoine Frisch n\u2019arrive pas \u00e0 sortir de l\u2019infirmerie (deux matchs cette saison).<\/p>\n<blockquote><p>\nLe fruit d\u2019un travail de fond men\u00e9 depuis plusieurs mois\n<\/p><\/blockquote>\n<p>Mais \u00e7a y est, le club au muguet a trouv\u00e9 la perle rare. Ce mardi, <strong><a href=\"https:\/\/www.rugbyrama.fr\/2026\/01\/13\/transferts-top-14-surprise-a-toulon-huw-jones-sest-engage-pour-deux-saisons-13160107.php\" target=\"_self\" rel=\"noopener\">\u00e0 la surprise g\u00e9n\u00e9rale, ils ont officialis\u00e9 la venue de Huw Jones pour deux ans<\/a><\/strong>. Son contrat aux Warriors expirait en juin prochain. \u00ab\u00a0L\u2019arriv\u00e9e de\u00a0Huw Jones\u00a0est le fruit d\u2019un travail de fond men\u00e9 depuis plusieurs mois. C\u2019est un joueur de classe internationale, un cadre de sa s\u00e9lection nationale, qui \u00e9volue depuis longtemps au plus haut niveau europ\u00e9en et mondial. Ses qualit\u00e9s rugbystiques, son exigence et son exp\u00e9rience seront des atouts pr\u00e9cieux pour le groupe. Il s\u2019inscrit parfaitement dans notre projet sportif, m\u00ealant performance imm\u00e9diate et accompagnement de nos jeunes joueurs\u00a0\u00bb, commentait dans un communiqu\u00e9 du club le directeur sportif\u00a0Laurent Emmanuelli.<\/p>\n<p>Par le pass\u00e9, le joueur de Glasgow a failli d\u00e9couvrir le Top 14 avec Bayonne. Mais la descente du club en Pro D2 \u00e0 l\u2019\u00e9t\u00e9 2021 a rendu caduque son engagement avec l\u2019Avrion. Cinq and plus tard, il d\u00e9couvrira l\u2019\u00e9lite du rugby fran\u00e7ais dans un club qui joue le haut du classement. Et l\u2019\u00c9cossais arrive \u00e0 maturit\u00e9 dans son jeu. En t\u00e9moigne sa convocation avec les Lions britanniques et irlandais \u00e0 l\u2019\u00e9t\u00e9 2025, jouant les trois rencontres face aux Australiens en tant titulaire\u00a0en second centre et marquant m\u00eame lors du deuxi\u00e8me match. Bless\u00e9, l\u2019homme de 32 ans a manqu\u00e9 la premi\u00e8re partie de saison. Il est revenu seulement \u00e0 la comp\u00e9tition le 10\u00a0janvier dernier. Et son adversaire, Clermont, en a fait les frais.<\/p>\n<p>        <img decoding=\"async\" class=\"std-img__img responsive-img\" src=\"https:\/\/www.europesays.com\/fr\/wp-content\/uploads\/2026\/01\/1768370293_764_image.jpg\" alt=\"Huw Jones filant \u00e0 l\u2019essai face \u00e0 l\u2019ASM.\"\/><\/p>\n<p>                Huw Jones filant \u00e0 l\u2019essai face \u00e0 l\u2019ASM.<br \/>\n                                    Icon Sport &#8211; Icon Sport<\/p>\n<p>Contre les Jaunards, en plus de son essai, selon AIA Sports, le second centre\u00a0a r\u00e9alis\u00e9 deux franchissements, battus quatre d\u00e9fenseurs. Il a aussi r\u00e9alis\u00e9 92 m\u00e8tres avec la balle. Apr\u00e8s avoir manqu\u00e9 plusieurs mois de comp\u00e9tition, il faudra voir comment il encha\u00eenera les rencontres dans les prochaines semaines, notamment dans le Tournoi des 6 Nations. Mais l\u2019homme aux 58 capes avec le XV du Chardon semble arriver \u00e0 son meilleur niveau, \u00e0 32 ans. Il a \u00e9t\u00e9 retenu dans l\u2019\u00e9quipe type de l\u2019ann\u00e9e pass\u00e9e, \u00e9tablie par World Rugby. La saison derni\u00e8re, il a marqu\u00e9 treize essais en 21 rencontres toutes comp\u00e9titions confondues. Sur ses 21 matchs, il en a jou\u00e9 18 en int\u00e9gralit\u00e9\u00a0! Il faut dire que la paire de centre qu\u2019il forme avec Sione Tuipulotu \u2013 tant en club qu\u2019en s\u00e9lection \u2013 est une des meilleurs du monde\u2026<\/p>\n<p>Apr\u00e8s avoir \u00e9volu\u00e9 en Afrique du Sud (Stormers, 2014-2016), en Angleterre (Harlequins, 2021-2022) et en \u00c9cosse, le natif d\u2019\u00c9dimbourg devra s\u2019adapter \u00e0 un nouveau pays. S\u2019il fait l\u2019\u00e9talage de ses qualit\u00e9s ballons en main, o\u00f9 son intelligence de jeu coupl\u00e9e \u00e0 un cocktail d\u00e9tonnant de puissance et de vitesse le rend\u00a0tr\u00e8s dangereux, le RCT aura bien fait de patienter avant de trouver sa perle rare, tr\u00e8s rare m\u00eame\u00a0!<\/p>\n","protected":false},"excerpt":{"rendered":"Depuis de longs mois, Toulon multipliait les \u00e9checs pour faire venir un centre de stature internationale. Avec Huw&hellip;\n","protected":false},"author":2,"featured_media":662278,"comment_status":"","ping_status":"","sticky":false,"template":"","format":"standard","meta":{"footnotes":""},"categories":[9619],"tags":[1111,11,1777,674,1011,27,76383,12,882,25,68796,478,2310],"class_list":{"0":"post-662277","1":"post","2":"type-post","3":"status-publish","4":"format-standard","5":"has-post-thumbnail","7":"category-toulon","8":"tag-actu","9":"tag-actualites","10":"tag-eu","11":"tag-europe","12":"tag-fr","13":"tag-france","14":"tag-huw-jones","15":"tag-news","16":"tag-provence-alpes-cote-dazur","17":"tag-republique-francaise","18":"tag-rugby-u00e0-xv","19":"tag-top-14","20":"tag-toulon"},"share_on_mastodon":{"url":"https:\/\/pubeurope.com\/@fr\/115891922840548536","error":""},"_links":{"self":[{"href":"https:\/\/www.europesays.com\/fr\/wp-json\/wp\/v2\/posts\/662277","targetHints":{"allow":["GET"]}}],"collection":[{"href":"https:\/\/www.europesays.com\/fr\/wp-json\/wp\/v2\/posts"}],"about":[{"href":"https:\/\/www.europesays.com\/fr\/wp-json\/wp\/v2\/types\/post"}],"author":[{"embeddable":true,"href":"https:\/\/www.europesays.com\/fr\/wp-json\/wp\/v2\/users\/2"}],"replies":[{"embeddable":true,"href":"https:\/\/www.europesays.com\/fr\/wp-json\/wp\/v2\/comments?post=662277"}],"version-history":[{"count":0,"href":"https:\/\/www.europesays.com\/fr\/wp-json\/wp\/v2\/posts\/662277\/revisions"}],"wp:featuredmedia":[{"embeddable":true,"href":"https:\/\/www.europesays.com\/fr\/wp-json\/wp\/v2\/media\/662278"}],"wp:attachment":[{"href":"https:\/\/www.europesays.com\/fr\/wp-json\/wp\/v2\/media?parent=662277"}],"wp:term":[{"taxonomy":"category","embeddable":true,"href":"https:\/\/www.europesays.com\/fr\/wp-json\/wp\/v2\/categories?post=662277"},{"taxonomy":"post_tag","embeddable":true,"href":"https:\/\/www.europesays.com\/fr\/wp-json\/wp\/v2\/tags?post=662277"}],"curies":[{"name":"wp","href":"https:\/\/api.w.org\/{rel}","templated":true}]}}