{"id":662279,"date":"2026-01-14T05:59:13","date_gmt":"2026-01-14T05:59:13","guid":{"rendered":"https:\/\/www.europesays.com\/fr\/662279\/"},"modified":"2026-01-14T05:59:13","modified_gmt":"2026-01-14T05:59:13","slug":"la-boutique-ephemere-prolonge-lexperience-jusquen-fevrier","status":"publish","type":"post","link":"https:\/\/www.europesays.com\/fr\/662279\/","title":{"rendered":"la boutique \u00e9ph\u00e9m\u00e8re prolonge l\u2019exp\u00e9rience jusqu\u2019en f\u00e9vrier"},"content":{"rendered":"<p>                    Par<br \/>\n        <strong><br \/>\n            <a href=\"https:\/\/actu.fr\/auteur\/manon-haddouche\" title=\"Consulter tous les articles de Manon Haddouche\" target=\"_blank\" rel=\"noopener\">Manon Haddouche<\/a><br \/>\n                    <\/strong><\/p>\n<p>        Publi\u00e9 le<\/p>\n<p>            14 janv. 2026 \u00e0 6h02        <\/p>\n<p>Pr\u00e9vue initialement jusqu\u2019en d\u00e9cembre, la boutique \u00e9ph\u00e9m\u00e8re <strong>Passe la seconde<\/strong>, install\u00e9e au Polygone de Montpellier, joue les prolongations jusqu\u2019\u00e0 fin f\u00e9vrier. Une bonne nouvelle pour les <strong>amateurs de seconde main et de cr\u00e9ations locales<\/strong>, qui pourront chiner des p\u00e9pites mais aussi des cadeaux uniques pour la Saint-Valentin. Rencontre avec <strong>Audrey Delon<\/strong>, co-fondatrice.\u00a0<\/p>\n<p>Une aventure n\u00e9e de la passion pour la seconde main<\/p>\n<p class=\" wall-content\">L\u2019id\u00e9e de Passe la seconde est n\u00e9e il y a trois ans, port\u00e9e par Audrey Delon et son associ\u00e9e Ludivine Altier, toutes deux anim\u00e9es par l\u2019envie de valoriser les v\u00eatements de seconde main pour hommes, femmes et enfants. Apr\u00e8s plusieurs boutiques \u00e9ph\u00e9m\u00e8res \u00e0 B\u00e9ziers et ailleurs, c\u2019est au Polygone de Montpellier que le projet s\u2019est install\u00e9 pour la troisi\u00e8me ann\u00e9e cons\u00e9cutive, d\u2019abord pendant les f\u00eates de fin d\u2019ann\u00e9e, et d\u00e9sormais prolong\u00e9 jusqu\u2019en f\u00e9vrier.<\/p>\n<p class=\" wall-content\">\u00ab\u202fC\u2019est la premi\u00e8re fois que nous restons plus longtemps et cela n\u2019\u00e9tait initialement pas pr\u00e9vu ! Nous en sommes ravies \u202f\u00bb, explique Audrey. \u00ab\u202fC\u2019est l\u2019occasion pour nos clients de d\u00e9couvrir de nouvelles cr\u00e9ations et de pr\u00e9parer de jolis cadeaux pour la Saint-Valentin \u202f\u00bb. Alors que nous discutons, de plusieurs personnes entrent, cherchent, posent des questions. \u00a0Cette fa\u00e7on de consommer a le vent en poupe. Entre la baisse du pouvoir d\u2019achat et des consommateurs de plus en plus sensibles aux enjeux environnementaux, la seconde main devient parfois un premier choix.<\/p>\n<p>    <img   decoding=\"async\" loading=\"lazy\" src=\"https:\/\/www.europesays.com\/fr\/wp-content\/uploads\/2026\/01\/img-6584-960x640.jpeg\" alt=\"Il y en a pour tous les go\u00fbts et pour tous les budgets.\" width=\"960\" height=\"640\"\/><br \/>\n    Il y en a pour tous les go\u00fbts et pour tous les budgets. (\u00a9MH \/ M\u00e9tropolitain )Un collectif de cr\u00e9atrices locales<\/p>\n<p class=\" wall-content\">La boutique n\u2019est pas seulement un lieu de vente : c\u2019est un collectif de cr\u00e9atrices et cr\u00e9ateurs, r\u00e9unis autour de valeurs communes. Audrey et son \u00e9quipe s\u00e9lectionnent soigneusement les participants, en veillant \u00e0 proposer une diversit\u00e9 de mat\u00e9riaux et de cr\u00e9ations, \u00e0 tous les prix.\u00a0<\/p>\n<p>Vid\u00e9os : en ce moment sur Actu<\/p>\n<p class=\" wall-content\">Bijoux en plusieurs mati\u00e8res, v\u00eatements upcycl\u00e9s, jouets, antiquit\u00e9s ou pochettes, chaque objet raconte une histoire. Certaines cr\u00e9atrices, comme Citron Rose, y exposent leurs produits pour la premi\u00e8re fois, passant de la vente en ligne \u00e0 la vente physique. \u00ab\u202fLe concept permet aux cr\u00e9atrices de tester leurs projets dans des boutiques comme celle-ci, tout en b\u00e9n\u00e9ficiant d\u2019un environnement convivial et humain\u202f\u00bb, pr\u00e9cise Audrey.<\/p>\n<p>    <img   decoding=\"async\" loading=\"lazy\" src=\"https:\/\/www.europesays.com\/fr\/wp-content\/uploads\/2026\/01\/img-6587-960x640.jpeg\" alt=\"Des portes clefs originaux.\" width=\"960\" height=\"640\"\/><br \/>\n    Des portes clefs originaux. (\u00a9MH \/ M\u00e9tropolitain )<\/p>\n<p>Votre r\u00e9gion, votre actu !<\/p>\n<p>Recevez chaque jour les infos qui comptent pour vous.<\/p>\n<p>\t<a href=\"https:\/\/actu.fr\/newsletter\" class=\"ac-btn ac-btn--corner ac-btn--medium ac-btn--blue800\" target=\"_blank\" rel=\"noopener\">S&rsquo;incrire<\/a><br \/>\nUne exp\u00e9rience \u00e9thique et accessible<\/p>\n<p class=\" wall-content\">Tout est chin\u00e9, recycl\u00e9 ou upcycl\u00e9, garantissant une approche 100\u202f% seconde main. Les prix varient pour convenir \u00e0 tous les budgets : quelques euros pour un v\u00eatement ou un jouet, jusqu\u2019\u00e0 60-80\u202f\u20ac pour des pi\u00e8ces plus travaill\u00e9es comme les broderies artisanales.\u00a0<\/p>\n<p class=\" wall-content\">L\u2019accueil chaleureux et l\u2019attention port\u00e9e \u00e0 chaque client sont au c\u0153ur de l\u2019exp\u00e9rience. \u00ab\u202fLe savoir-\u00eatre est aussi important que le savoir-faire et cela vaut autant pour Ludivine et moi que pour les cr\u00e9atrices \u202f\u00bb, souligne Audrey. Cette dimension humaine, alli\u00e9e \u00e0 la qualit\u00e9 des produits, a permis de fid\u00e9liser une client\u00e8le locale et exigeante.<\/p>\n<p>    <a href=\"https:\/\/www.google.com\/maps\/embed?pb=!1m18!1m12!1m3!1d11555.631864683446!2d3.8744952177142706!3d43.60845783958878!2m3!1f0!2f0!3f0!3m2!1i1024!2i768!4f13.1!3m3!1m2!1s0x12b6afa047b78a77%3A0x2a496e9a99a5d4a5!2sPolygone%20Montpellier!5e0!3m2!1sfr!2sfr!4v1767961931854!5m2!1sfr!2sfr\" title=\"Ouvrie le lien\" target=\"_blank\" rel=\"noopener\">Cliquez ici pour visualiser le contenu<\/a><\/p>\n<p>Et apr\u00e8s f\u00e9vrier\u202f?<\/p>\n<p class=\" wall-content\">Pour ceux qui souhaitent suivre Passe la seconde apr\u00e8s la fermeture, Audrey et son \u00e9quipe restent connect\u00e9s via les r\u00e9seaux sociaux et la newsletter. Le collectif continue majoritairement ses activit\u00e9s dans l\u2019H\u00e9rault, avec un focus sur Montpellier, central pour les cr\u00e9atrices et dynamique pour le commerce local.<\/p>\n<p>    <img   decoding=\"async\" loading=\"lazy\" src=\"https:\/\/www.europesays.com\/fr\/wp-content\/uploads\/2026\/01\/img-6589-960x640.jpeg\" alt=\"De nombreux bijoux. \" width=\"960\" height=\"640\"\/><br \/>\n    De nombreux bijoux. (\u00a9MH \/ M\u00e9tropolitain )Les cr\u00e9atrices \u00e0 retrouver sur place :<\/p>\n<p>Les nouvelles :<br \/>&#8211; Claire, Elle a du bobo L\u00e9o : salopettes \u00e9volutives en tissu de r\u00e9cup<br \/>&#8211; Mathilde, Rose Citron, : accessoires en tissu revaloris\u00e9<br \/>&#8211; Manon, Les Broderies de Manou : broderie sur textile de seconde main<br \/>&#8211; Caroline, l\u2019ing\u00e9nueuse : custom sur textile <\/p>\n<p>Les permanentes :<br \/>&#8211; Les Fantaisies de Rose et Val\u00e9rie : bougies dans des contenants revaloris\u00e9s + sac banane en tissu recycl\u00e9<br \/>&#8211; Milador\u00e9 : mode enfants et jouet de seconde main<br \/>&#8211; Plus que Cuir : bijoux et d\u00e9coration en cuir revaloris\u00e9<br \/>&#8211; Pr\u00e9cieux Plastique : bijoux et d\u00e9coration en plastique recycl\u00e9<br \/>&#8211; Typiquement Vous : mode et accessoires homme et femme de seconde main<\/p>\n<p>    <img   decoding=\"async\" loading=\"lazy\" src=\"https:\/\/www.europesays.com\/fr\/wp-content\/uploads\/2026\/01\/img-6588-960x640.jpeg\" alt=\"La mode pour les femmes, les hommes mais aussi les enfants.\" width=\"960\" height=\"640\"\/><br \/>\n    La mode pour les femmes, les hommes mais aussi les enfants. (\u00a9MH \/ M\u00e9tropolitain )<\/p>\n<blockquote class=\" wall-content\">\n<p><strong>Pratique :<\/strong> Passe la seconde, \u00e0 d\u00e9couvrir au niveau Com\u00e9die, en face de la boutique SFR au Polygone de Montpellier. Du lundi au samedi, 10h \u2013 20h non stop.\u00a0<\/p>\n<\/blockquote>\n<p class=\" wall-content\">Personnalisez votre actualit\u00e9 en ajoutant vos villes et m\u00e9dias en favori avec <a href=\"https:\/\/moncompte.actu.fr\" title=\"D\u00e9couvez Mon Actu\" rel=\"nofollow noopener\" data-trk=\"{&quot;cta&quot;:{&quot;action&quot;:&quot;https:\\\/\\\/moncompte.actu.fr&quot;,&quot;category&quot;:&quot;mon compte&quot;,&quot;from&quot;:&quot;article footer&quot;,&quot;name&quot;:&quot;Mon actu&quot;,&quot;type&quot;:&quot;cta&quot;}}\" target=\"_blank\">Mon Actu<\/a>.<\/p>\n","protected":false},"excerpt":{"rendered":"Par Manon Haddouche Publi\u00e9 le 14 janv. 2026 \u00e0 6h02 Pr\u00e9vue initialement jusqu\u2019en d\u00e9cembre, la boutique \u00e9ph\u00e9m\u00e8re Passe&hellip;\n","protected":false},"author":2,"featured_media":662280,"comment_status":"","ping_status":"","sticky":false,"template":"","format":"standard","meta":{"footnotes":""},"categories":[9599],"tags":[1111,11,1777,674,1011,27,2208,12,2680,25,104],"class_list":{"0":"post-662279","1":"post","2":"type-post","3":"status-publish","4":"format-standard","5":"has-post-thumbnail","7":"category-montpellier","8":"tag-actu","9":"tag-actualites","10":"tag-eu","11":"tag-europe","12":"tag-fr","13":"tag-france","14":"tag-montpellier","15":"tag-news","16":"tag-occitanie","17":"tag-republique-francaise","18":"tag-societe"},"share_on_mastodon":{"url":"https:\/\/pubeurope.com\/@fr\/115891926863958644","error":""},"_links":{"self":[{"href":"https:\/\/www.europesays.com\/fr\/wp-json\/wp\/v2\/posts\/662279","targetHints":{"allow":["GET"]}}],"collection":[{"href":"https:\/\/www.europesays.com\/fr\/wp-json\/wp\/v2\/posts"}],"about":[{"href":"https:\/\/www.europesays.com\/fr\/wp-json\/wp\/v2\/types\/post"}],"author":[{"embeddable":true,"href":"https:\/\/www.europesays.com\/fr\/wp-json\/wp\/v2\/users\/2"}],"replies":[{"embeddable":true,"href":"https:\/\/www.europesays.com\/fr\/wp-json\/wp\/v2\/comments?post=662279"}],"version-history":[{"count":0,"href":"https:\/\/www.europesays.com\/fr\/wp-json\/wp\/v2\/posts\/662279\/revisions"}],"wp:featuredmedia":[{"embeddable":true,"href":"https:\/\/www.europesays.com\/fr\/wp-json\/wp\/v2\/media\/662280"}],"wp:attachment":[{"href":"https:\/\/www.europesays.com\/fr\/wp-json\/wp\/v2\/media?parent=662279"}],"wp:term":[{"taxonomy":"category","embeddable":true,"href":"https:\/\/www.europesays.com\/fr\/wp-json\/wp\/v2\/categories?post=662279"},{"taxonomy":"post_tag","embeddable":true,"href":"https:\/\/www.europesays.com\/fr\/wp-json\/wp\/v2\/tags?post=662279"}],"curies":[{"name":"wp","href":"https:\/\/api.w.org\/{rel}","templated":true}]}}