{"id":662283,"date":"2026-01-14T06:02:11","date_gmt":"2026-01-14T06:02:11","guid":{"rendered":"https:\/\/www.europesays.com\/fr\/662283\/"},"modified":"2026-01-14T06:02:11","modified_gmt":"2026-01-14T06:02:11","slug":"cycliste-tuee-a-rouen-jai-eu-cette-chance-la-de-survivre-temoigne-maeva-un-an-apres","status":"publish","type":"post","link":"https:\/\/www.europesays.com\/fr\/662283\/","title":{"rendered":"Cycliste tu\u00e9e \u00e0 Rouen\u00a0: \u00ab\u00a0J&rsquo;ai eu cette chance l\u00e0 de survivre\u00a0\u00bb, t\u00e9moigne Ma\u00e9va, un an apr\u00e8s"},"content":{"rendered":"<p>Un an apr\u00e8s la mort d&rsquo;une cycliste de 28 ans, fauch\u00e9e par la conductrice d&rsquo;une fourgonnette, le 14 janvier 2025 \u00e0 Rouen, ses proches et des membres de l&rsquo;association Sabine, l&rsquo;asso v\u00e9lo de Rouen, se sont retrouv\u00e9s sur les lieux du drame en sa m\u00e9moire et en pr\u00e9sence de Ma\u00e9va, l&rsquo;une des deux rescap\u00e9es.<\/p>\n<p>Un hommage \u00e9tait organis\u00e9 mardi 13 janvier 2026, \u00e0 Rouen, <strong>un an presque jour pour jour apr\u00e8s la mort d&rsquo;\u00c9lina<\/strong>, une jeune cycliste de 28 ans, volontairement percut\u00e9e par la conductrice d&rsquo;une fourgonnette, <strong>le 14 janvier 2025<\/strong>. Une vingtaine de personnes, des proches et des membres de l&rsquo;association Sabine, l&rsquo;asso v\u00e9lo de Rouen, se sont retrouv\u00e9s sur les lieux du drame, \u00e0 l&rsquo;angle de la rue Alsace-Lorraine et de la rue Moli\u00e8re. Parmi les personnes pr\u00e9sentes, <strong>Ma\u00e9va, l&rsquo;une des deux rescap\u00e9es<\/strong>.<\/p>\n<p>Elle est arriv\u00e9e discr\u00e8tement \u00e0 v\u00e9lo, une fleur blanche \u00e0 la main. Ma\u00e9va est l&rsquo;une des deux survivantes du drame qui a co\u00fbt\u00e9 la vie \u00e0 Elina. Apr\u00e8s <strong>plusieurs mois d&rsquo;hospitalisation<\/strong> et six interventions chirurgicales pour de graves blessures aux jambes, la jeune femme de 32 ans a repris son travail \u00e0 mi temps, tr\u00e8s souriante, mais tr\u00e8s \u00e9mue et encore \u00e9prouv\u00e9e par ce qu&rsquo;elle a v\u00e9cu le 14 janvier 2025 et dont <strong>elle n&rsquo;a aucun souvenir<\/strong>. \u00ab\u00a0Je me souviens juste \u00eatre partie de chez moi et apr\u00e8s je me souviens juste me r\u00e9veiller \u00e0 l&rsquo;h\u00f4pital\u00a0\u00bb, raconte Ma\u00e9va. \u00ab\u00a0J&rsquo;ai consult\u00e9 un neuropsychologue, sachant qu&rsquo;en plus je suis moi-m\u00eame neuropsychologue, j&rsquo;ai discut\u00e9 avec lui des souvenirs de l&rsquo;accident, voir s&rsquo;il y avait des risques que des choses me reviennent. On a conclu, que s\u00fbrement rien ne me reviendrait\u00a0\u00bb, explique la jeune femme, victime d&rsquo;un traumatisme cr\u00e2nien.<\/p>\n<p> <img decoding=\"async\" src=\"https:\/\/www.europesays.com\/fr\/wp-content\/uploads\/2026\/01\/1768370531_629_1280.jpeg\" alt=\"illustration agrandir l'image\" style=\"--_image-preview:url('data:image\/jpeg;base64,\/9j\/2wBDACgcHiMeGSgjISMtKygwPGRBPDc3PHtYXUlkkYCZlo+AjIqgtObDoKrarYqMyP\/L2u71\/\/\/\/m8H\/\/\/\/6\/+b9\/\/j\/2wBDASstLTw1PHZBQXb4pYyl+Pj4+Pj4+Pj4+Pj4+Pj4+Pj4+Pj4+Pj4+Pj4+Pj4+Pj4+Pj4+Pj4+Pj4+Pj4+Pj4+Pj\/wAARCAAfACoDASIAAhEBAxEB\/8QAFwABAQEBAAAAAAAAAAAAAAAAAgABA\/\/EABcQAQEBAQAAAAAAAAAAAAAAAAABEQL\/xAAWAQEBAQAAAAAAAAAAAAAAAAAAAQL\/xAAVEQEBAAAAAAAAAAAAAAAAAAAAEf\/aAAwDAQACEQMRAD8A5SLDxWIoY2KxIOnNPXGUtZg1Vkra0DQp0KC1uilH\/9k=');\" loading=\"lazy\" fetchpriority=\"low\" class=\"svelte-1cksh76 rounded\" onload=\"this.__e=event\" onerror=\"this.__e=event\"\/> Elina est morte, tu\u00e9e par une automobiliste \u00e0 Rouen, le 14 janvier 2025. \u00a9 Radio France &#8211; Christine Wurtz  Des blessures physiques, mais aucun souvenir<\/p>\n<p>Elle a pourtant tout essay\u00e9, d\u00e8s sa sortie du centre de r\u00e9\u00e9ducation des Herbiers \u00e0 Bois-Guillaume. \u00ab\u00a0Je suis quand m\u00eame venue ici pour voir si jamais j&rsquo;avais des souvenirs qui revenaient en passant devant les lieux et finalement, rien n&rsquo;est revenu\u00a0\u00bb, confie-t-elle. Elle est remont\u00e9e sur un v\u00e9lo et l\u00e0 non plus, rien n&rsquo;est revenu. \u00ab\u00a0J&rsquo;ai pass\u00e9 les \u00e9tapes les plus importantes et rien ne me revient\u00a0\u00bb, constate la jeune femme qui le consid\u00e8re n\u00e9anmoins comme une chance, une force. \u00ab\u00a0Parce qu&rsquo;au moins, je n&rsquo;ai pas d&rsquo;images, <strong>j&rsquo;ai eu cette chance l\u00e0 de survivre<\/strong> \u00e0 quelque chose d&rsquo;exceptionnel et de tr\u00e8s brutal\u00a0\u00bb, sourit Ma\u00e9va.<\/p>\n<p>Un proc\u00e8s suspendu aux conclusions de l&rsquo;expert psychiatre<\/p>\n<p>Sur les lieux, la ville a fait poser une plaque en m\u00e9moire d&rsquo;\u00c9lina, juste <strong>\u00e0 c\u00f4t\u00e9 du v\u00e9lo blanc accroch\u00e9 l\u00e0 depuis presque un an<\/strong>. Juliette d\u00e9pose des fleurs r\u00e9guli\u00e8rement pour qu&rsquo;on n&rsquo;oublie pas son amie. Ce moment de recueillement, \u00ab\u00a0\u00c7a me fait chaud au c\u0153ur\u00a0\u00bb, confie la jeune femme. \u00ab\u00a0Qu&rsquo;on n&rsquo;oublie pas, qu&rsquo;on n&rsquo;oublie pas aussi que c&rsquo;\u00e9tait intentionnel, que ce n&rsquo;\u00e9tait pas un accident.\u00a0\u00bb<\/p>\n<p>L&rsquo;enqu\u00eate a confirm\u00e9 que la conductrice avait d\u00e9lib\u00e9r\u00e9ment fonc\u00e9 sur les trois jeunes femmes en acc\u00e9l\u00e9rant. L&rsquo;avocat des victimes attend maintenant <strong>les conclusions du psychologue et du psychiatre<\/strong> qui seront d\u00e9terminantes dans la suite de l&rsquo;instruction. \u00ab\u00a0\u00c0 ma connaissance, devant le psychologue, on n&rsquo;a pas eu une remise en cause de quoi que ce soit de ses premi\u00e8res d\u00e9clarations. Donc on est toujours sur la m\u00eame ligne de conduite, <strong>avec aucun regret<\/strong>, explique Ma\u00eetre\u00a0<strong>Marc Absire<\/strong>. Elle va \u00eatre de nouveau auditionn\u00e9e. On va lui demander si elle r\u00e9it\u00e8re les propos qu&rsquo;elle a tenus en garde \u00e0 vue, c&rsquo;est-\u00e0-dire la reconnaissance de sa volont\u00e9 de tuer.\u00a0\u00bb<\/p>\n<p>Si le psychiatre juge que le jugement de la quadrag\u00e9naire \u00e9tait aboli au moment des faits, elle sera consid\u00e9r\u00e9e comme p\u00e9nalement irresponsable et ne sera pas jug\u00e9e. S&rsquo;il retient une simple alt\u00e9ration du discernement, il y aura bien un proc\u00e8s. C&rsquo;est en tout cas ce qu&rsquo;esp\u00e8rent les victimes, peut-\u00eatre fin 2026 ou d\u00e9but 2027, m\u00eame si elles s&rsquo;attendent \u00e0 vivre une nouvelle \u00e9preuve. La conductrice est mise en examen pour <strong>meurtre et tentative de meurtre<\/strong> et a \u00e9t\u00e9 plac\u00e9e en d\u00e9tention provisoire apr\u00e8s une courte hospitalisation en psychiatrie.<\/p>\n","protected":false},"excerpt":{"rendered":"Un an apr\u00e8s la mort d&rsquo;une cycliste de 28 ans, fauch\u00e9e par la conductrice d&rsquo;une fourgonnette, le 14&hellip;\n","protected":false},"author":2,"featured_media":662284,"comment_status":"","ping_status":"","sticky":false,"template":"","format":"standard","meta":{"footnotes":""},"categories":[9587],"tags":[1111,11,1777,674,1011,27,12,5161,25,9590],"class_list":{"0":"post-662283","1":"post","2":"type-post","3":"status-publish","4":"format-standard","5":"has-post-thumbnail","7":"category-rouen","8":"tag-actu","9":"tag-actualites","10":"tag-eu","11":"tag-europe","12":"tag-fr","13":"tag-france","14":"tag-news","15":"tag-normandie","16":"tag-republique-francaise","17":"tag-rouen"},"share_on_mastodon":{"url":"https:\/\/pubeurope.com\/@fr\/115891938489744689","error":""},"_links":{"self":[{"href":"https:\/\/www.europesays.com\/fr\/wp-json\/wp\/v2\/posts\/662283","targetHints":{"allow":["GET"]}}],"collection":[{"href":"https:\/\/www.europesays.com\/fr\/wp-json\/wp\/v2\/posts"}],"about":[{"href":"https:\/\/www.europesays.com\/fr\/wp-json\/wp\/v2\/types\/post"}],"author":[{"embeddable":true,"href":"https:\/\/www.europesays.com\/fr\/wp-json\/wp\/v2\/users\/2"}],"replies":[{"embeddable":true,"href":"https:\/\/www.europesays.com\/fr\/wp-json\/wp\/v2\/comments?post=662283"}],"version-history":[{"count":0,"href":"https:\/\/www.europesays.com\/fr\/wp-json\/wp\/v2\/posts\/662283\/revisions"}],"wp:featuredmedia":[{"embeddable":true,"href":"https:\/\/www.europesays.com\/fr\/wp-json\/wp\/v2\/media\/662284"}],"wp:attachment":[{"href":"https:\/\/www.europesays.com\/fr\/wp-json\/wp\/v2\/media?parent=662283"}],"wp:term":[{"taxonomy":"category","embeddable":true,"href":"https:\/\/www.europesays.com\/fr\/wp-json\/wp\/v2\/categories?post=662283"},{"taxonomy":"post_tag","embeddable":true,"href":"https:\/\/www.europesays.com\/fr\/wp-json\/wp\/v2\/tags?post=662283"}],"curies":[{"name":"wp","href":"https:\/\/api.w.org\/{rel}","templated":true}]}}