{"id":66229,"date":"2025-05-01T06:14:08","date_gmt":"2025-05-01T06:14:08","guid":{"rendered":"https:\/\/www.europesays.com\/fr\/66229\/"},"modified":"2025-05-01T06:14:08","modified_gmt":"2025-05-01T06:14:08","slug":"il-ny-a-plus-dembauches-les-departs-ne-sont-pas-remplaces-les-employes-de-la-banque-monte-paschi-se-sont-mobilises-ce-mercredi-30-avril-a-nice","status":"publish","type":"post","link":"https:\/\/www.europesays.com\/fr\/66229\/","title":{"rendered":"\u00ab\u00a0Il n\u2019y a plus d\u2019embauches, les d\u00e9parts ne sont pas remplac\u00e9s\u00a0\u00bb: les employ\u00e9s de la banque Monte Paschi se sont mobilis\u00e9s ce mercredi 30 avril \u00e0 Nice"},"content":{"rendered":"<p>\u00ab\u00a0Banque fond\u00e9e en 1472, un patrimoine historique, des si\u00e8cles de profits. Mais des salari\u00e9s d\u00e9lit\u00e9s en 2025, des conditions pr\u00e9historiques, des ann\u00e9es de m\u00e9pris.\u00a0\u00bb Sur le parvis la Monte Paschi Banque, jouxtant la place du Soleil, \u00e0 Nice, une pancarte plante le d\u00e9cor d\u2019une gr\u00e8ve nationale. Ce mercredi 30 avril, une vingtaine d\u2019employ\u00e9s de cette filiale fran\u00e7aise (1) de la banque italienne Monte dei Paschi di Siena (MPS) \u2013 qui, sur la C\u00f4te d\u2019Azur, a des agences \u00e0 Antibes, Cannes, Sophia Antipolis, Nice et Fr\u00e9jus \u2013 s\u2019est mobilis\u00e9e entre 10h et 12h. Mot d\u2019ordre: \u00ab\u00a0Stop \u00e0 l\u2019esclavage et aux salaires de mis\u00e8re.\u00a0\u00bb<\/p>\n<p>\u00ab\u00a0On est surmen\u00e9s. Il n\u2019y a plus d\u2019embauches. Les d\u00e9parts ne sont pas remplac\u00e9s\u00a0\u00bb, souffle Georges, repr\u00e9sentant de Force Ouvri\u00e8re, l\u2019un des deux syndicats, avec SNB, \u00e0 soutenir la mobilisation. \u00ab\u00a0Il y a six ans, on \u00e9tait plus de 300 employ\u00e9s, poursuit-il. Aujourd\u2019hui, il n\u2019en reste plus que 125 personnes. L\u2019an prochain, trente d\u00e9parts en retraite sont pr\u00e9vus. Mais du travail \u00e0 abattre, il y en a toujours autant.\u00a0\u00bb<\/p>\n<p>\u00ab\u00a0Pas de redistribution des b\u00e9n\u00e9fices\u00a0\u00bb<\/p>\n<p>Une situation d\u00e9l\u00e9t\u00e8re qui perdure depuis 2017, date \u00e0 laquelle la banque italienne, 3e du pays, fr\u00f4le une faillite retentissante. Sauv\u00e9e par un renflouement de l\u2019\u00c9tat, la vieille institution se voit malgr\u00e9 tout sanctionn\u00e9e par la Banque Centrale Europ\u00e9enne. Et vend des filiales \u00e9trang\u00e8res, \u00e0 l\u2019exception de la France, o\u00f9 s\u2019appliquera d\u00e9sormais une restriction de d\u00e9veloppement d\u2019activit\u00e9.<\/p>\n<p>Forc\u00e9 de r\u00e9duire la voilure, le groupe a pourtant cl\u00f4tur\u00e9 l\u2019ann\u00e9e 2024 sur des chiffres prometteurs. \u00ab\u00a0Mais uniquement pour les actionnaires. Les salari\u00e9s auraient pu s\u2019attendre \u00e0 avoir une prime pour bons et loyaux service. Mais nous n\u2019en verrons pas la couleur, regrette Lina, 43 ans d\u2019entreprise. Avec 1.950.000.000 euros de b\u00e9n\u00e9fices nets, la maison m\u00e8re aurait pu redistribuer. M\u00eame en France, le chiffre d\u2019affaires est positif, avec 13 millions d\u2019euros.\u00a0\u00bb<\/p>\n<p>Une sant\u00e9 financi\u00e8re qui n\u2019emp\u00eachera pas la banque de Sienne de c\u00e9der sa filiale fran\u00e7aise \u00e0 un fonds d\u2019investissement am\u00e9ricain dont le nom est tenu secret. Ce transfert devait \u00eatre boucl\u00e9 avant \u00ab\u00a0la fin de l\u2019ann\u00e9e 2024\u00a0\u00bb, selon les d\u00e9clarations faites en ao\u00fbt dernier par le p.-d.g. de MPS, Luigi Lovaglio, lors d\u2019une conf\u00e9rence avec des analystes.<\/p>\n<p>\u00ab\u00a0En r\u00e9alit\u00e9, les n\u00e9gociations sont encore en cours, temp\u00e8re le syndicaliste. S\u2019il y a la promesse de nouveaux investissements, le projet n\u2019est pas d\u00e9fini et la garantie de sauvegarde des emplois est limit\u00e9e \u00e0 douze mois. Apr\u00e8s, c\u2019est la porte ouverte aux licenciements en s\u00e9rie.\u00a0\u00bb<\/p>\n<p>1. Contact\u00e9e, la direction n\u2019a pas donn\u00e9 suite.<\/p>\n","protected":false},"excerpt":{"rendered":"\u00ab\u00a0Banque fond\u00e9e en 1472, un patrimoine historique, des si\u00e8cles de profits. Mais des salari\u00e9s d\u00e9lit\u00e9s en 2025, des&hellip;\n","protected":false},"author":2,"featured_media":66230,"comment_status":"","ping_status":"","sticky":false,"template":"","format":"standard","meta":{"footnotes":""},"categories":[2819],"tags":[1111,11,1777,674,1011,27,802,12,2401,882,25,801],"class_list":{"0":"post-66229","1":"post","2":"type-post","3":"status-publish","4":"format-standard","5":"has-post-thumbnail","7":"category-nice","8":"tag-actu","9":"tag-actualites","10":"tag-eu","11":"tag-europe","12":"tag-fr","13":"tag-france","14":"tag-greves-et-mouvements-sociaux","15":"tag-news","16":"tag-nice","17":"tag-provence-alpes-cote-dazur","18":"tag-republique-francaise","19":"tag-social"},"share_on_mastodon":{"url":"https:\/\/pubeurope.com\/@fr\/114431109699560307","error":""},"_links":{"self":[{"href":"https:\/\/www.europesays.com\/fr\/wp-json\/wp\/v2\/posts\/66229","targetHints":{"allow":["GET"]}}],"collection":[{"href":"https:\/\/www.europesays.com\/fr\/wp-json\/wp\/v2\/posts"}],"about":[{"href":"https:\/\/www.europesays.com\/fr\/wp-json\/wp\/v2\/types\/post"}],"author":[{"embeddable":true,"href":"https:\/\/www.europesays.com\/fr\/wp-json\/wp\/v2\/users\/2"}],"replies":[{"embeddable":true,"href":"https:\/\/www.europesays.com\/fr\/wp-json\/wp\/v2\/comments?post=66229"}],"version-history":[{"count":0,"href":"https:\/\/www.europesays.com\/fr\/wp-json\/wp\/v2\/posts\/66229\/revisions"}],"wp:featuredmedia":[{"embeddable":true,"href":"https:\/\/www.europesays.com\/fr\/wp-json\/wp\/v2\/media\/66230"}],"wp:attachment":[{"href":"https:\/\/www.europesays.com\/fr\/wp-json\/wp\/v2\/media?parent=66229"}],"wp:term":[{"taxonomy":"category","embeddable":true,"href":"https:\/\/www.europesays.com\/fr\/wp-json\/wp\/v2\/categories?post=66229"},{"taxonomy":"post_tag","embeddable":true,"href":"https:\/\/www.europesays.com\/fr\/wp-json\/wp\/v2\/tags?post=66229"}],"curies":[{"name":"wp","href":"https:\/\/api.w.org\/{rel}","templated":true}]}}