{"id":662293,"date":"2026-01-14T06:07:12","date_gmt":"2026-01-14T06:07:12","guid":{"rendered":"https:\/\/www.europesays.com\/fr\/662293\/"},"modified":"2026-01-14T06:07:12","modified_gmt":"2026-01-14T06:07:12","slug":"spectacle-anthony-kavanagh-livre-ses-cles-du-bonheur-dans-happy","status":"publish","type":"post","link":"https:\/\/www.europesays.com\/fr\/662293\/","title":{"rendered":"Spectacle. Anthony Kavanagh livre ses cl\u00e9s du bonheur dans \u201cHappy\u201d"},"content":{"rendered":"<p>Dans la vie, il y a des passages \u00e0 vide. Un sort largement partag\u00e9 pendant la pand\u00e9mie de Covid, impliquant \u00ab\u00a0une pause forc\u00e9e\u00a0\u00bb pour Anthony Kavanagh \u2013 l\u2019occasion de publier son premier disque, un EP intitul\u00e9 Finally. <\/p>\n<p>Il en profite pour se frotter \u00e0 la PNL, la programmation neurolinguistique: \u00ab\u00a0La PNL est l\u2019art de la communication avec soi et les autres. C\u2019est une fa\u00e7on de se reprogrammer ou de reprogrammer les autres en utilisant les cinq sens et le langage.\u00a0\u00bb Et d\u2019ajouter\u00a0: \u00ab\u00a0En PNL, on \u00e9tudie \u00e9galement les comportements et strat\u00e9gies&#8230;<\/p>\n","protected":false},"excerpt":{"rendered":"Dans la vie, il y a des passages \u00e0 vide. Un sort largement partag\u00e9 pendant la pand\u00e9mie de&hellip;\n","protected":false},"author":2,"featured_media":662294,"comment_status":"","ping_status":"","sticky":false,"template":"","format":"standard","meta":{"footnotes":""},"categories":[2820],"tags":[1111,11,2389,1687,2880,1777,674,107,1011,27,775,12,25,3140,640,2879],"class_list":{"0":"post-662293","1":"post","2":"type-post","3":"status-publish","4":"format-standard","5":"has-post-thumbnail","7":"category-strasbourg","8":"tag-actu","9":"tag-actualites","10":"tag-alsace","11":"tag-culture-loisirs","12":"tag-edition-strasbourg","13":"tag-eu","14":"tag-europe","15":"tag-fil-info","16":"tag-fr","17":"tag-france","18":"tag-grand-est","19":"tag-news","20":"tag-republique-francaise","21":"tag-spectacle","22":"tag-strasbourg","23":"tag-strasbourg-ville"},"share_on_mastodon":{"url":"https:\/\/pubeurope.com\/@fr\/115891958076238518","error":""},"_links":{"self":[{"href":"https:\/\/www.europesays.com\/fr\/wp-json\/wp\/v2\/posts\/662293","targetHints":{"allow":["GET"]}}],"collection":[{"href":"https:\/\/www.europesays.com\/fr\/wp-json\/wp\/v2\/posts"}],"about":[{"href":"https:\/\/www.europesays.com\/fr\/wp-json\/wp\/v2\/types\/post"}],"author":[{"embeddable":true,"href":"https:\/\/www.europesays.com\/fr\/wp-json\/wp\/v2\/users\/2"}],"replies":[{"embeddable":true,"href":"https:\/\/www.europesays.com\/fr\/wp-json\/wp\/v2\/comments?post=662293"}],"version-history":[{"count":0,"href":"https:\/\/www.europesays.com\/fr\/wp-json\/wp\/v2\/posts\/662293\/revisions"}],"wp:featuredmedia":[{"embeddable":true,"href":"https:\/\/www.europesays.com\/fr\/wp-json\/wp\/v2\/media\/662294"}],"wp:attachment":[{"href":"https:\/\/www.europesays.com\/fr\/wp-json\/wp\/v2\/media?parent=662293"}],"wp:term":[{"taxonomy":"category","embeddable":true,"href":"https:\/\/www.europesays.com\/fr\/wp-json\/wp\/v2\/categories?post=662293"},{"taxonomy":"post_tag","embeddable":true,"href":"https:\/\/www.europesays.com\/fr\/wp-json\/wp\/v2\/tags?post=662293"}],"curies":[{"name":"wp","href":"https:\/\/api.w.org\/{rel}","templated":true}]}}