{"id":662299,"date":"2026-01-14T06:16:16","date_gmt":"2026-01-14T06:16:16","guid":{"rendered":"https:\/\/www.europesays.com\/fr\/662299\/"},"modified":"2026-01-14T06:16:16","modified_gmt":"2026-01-14T06:16:16","slug":"le-rappeur-rennais-lujipeka-en-concert-au-stereolux","status":"publish","type":"post","link":"https:\/\/www.europesays.com\/fr\/662299\/","title":{"rendered":"le rappeur rennais Lujipeka en concert au Stereolux"},"content":{"rendered":"<p>                    Par<br \/>\n        <strong><br \/>\n            <a href=\"https:\/\/actu.fr\/auteur\/laure-gentil\" title=\"Consulter tous les articles de Laure Gentil\" target=\"_blank\" rel=\"noopener\">Laure Gentil<\/a><br \/>\n                    <\/strong><\/p>\n<p>        Publi\u00e9 le<\/p>\n<p>            14 janv. 2026 \u00e0 6h50        <\/p>\n<p>Le rappeur <b>Lujipeka<\/b>, originaire de la capitale bretonne, se lance dans une tourn\u00e9e pour pr\u00e9senter son nouvel album : Br\u00fbler Paris. L\u2019artiste sera de passage \u00e0 Nantes et donnera un concert au Stereolux. Celui-ci est programm\u00e9 pour le<b> jeudi 19 mars 2026 \u00e0 20 h<\/b>. La billetterie est ouverte.\u00a0<\/p>\n<p class=\" wall-content\">\n<p>13 titres<\/p>\n<p class=\" wall-content\">Son nouvel album comprend 13 titres et est d\u00e9crit comme \u00ab\u00a0son disque le plus personnel, travers\u00e9 par la col\u00e8re, l\u2019introspection ou la d\u00e9pression. Il \u00e9voque le temps n\u00e9cessaire pour forger une nouvelle identit\u00e9, loin de la nostalgie Columbine. Entre rap et pop ind\u00e9, il assume aujourd\u2019hui une maturit\u00e9 artistique salvatrice.\u00a0\u00bb<\/p>\n<p class=\" wall-content\">Le <b>prix des places <\/b>de concert est de 27 euros en pr\u00e9vente, 22 euros si vous avez une carte Stereolux ou si vous \u00eates \u00ab\u00a0abonn\u00e9-partenaire\u00a0\u00bb, et de 29 euros au guichet.<\/p>\n<p>Infos pratiques : <a href=\"https:\/\/stereolux.org\/agenda\/lujipeka-1ere-partie\" target=\"_blank\" rel=\"noopener\">cliquez ici pour acc\u00e9der \u00e0 la billetterie.<\/a><\/p>\n<p class=\" wall-content\">Personnalisez votre actualit\u00e9 en ajoutant vos villes et m\u00e9dias en favori avec <a href=\"https:\/\/moncompte.actu.fr\" title=\"D\u00e9couvez Mon Actu\" rel=\"nofollow noopener\" data-trk=\"{&quot;cta&quot;:{&quot;action&quot;:&quot;https:\\\/\\\/moncompte.actu.fr&quot;,&quot;category&quot;:&quot;mon compte&quot;,&quot;from&quot;:&quot;article footer&quot;,&quot;name&quot;:&quot;Mon actu&quot;,&quot;type&quot;:&quot;cta&quot;}}\" target=\"_blank\">Mon Actu<\/a>.<\/p>\n","protected":false},"excerpt":{"rendered":"Par Laure Gentil Publi\u00e9 le 14 janv. 2026 \u00e0 6h50 Le rappeur Lujipeka, originaire de la capitale bretonne,&hellip;\n","protected":false},"author":2,"featured_media":662300,"comment_status":"","ping_status":"","sticky":false,"template":"","format":"standard","meta":{"footnotes":""},"categories":[2818],"tags":[1111,11,1697,1777,674,1011,27,1652,766,12,2636,3616,25],"class_list":{"0":"post-662299","1":"post","2":"type-post","3":"status-publish","4":"format-standard","5":"has-post-thumbnail","7":"category-nantes","8":"tag-actu","9":"tag-actualites","10":"tag-concert","11":"tag-eu","12":"tag-europe","13":"tag-fr","14":"tag-france","15":"tag-loisirs-culture","16":"tag-nantes","17":"tag-news","18":"tag-pays-de-la-loire","19":"tag-rap","20":"tag-republique-francaise"},"share_on_mastodon":{"url":"https:\/\/pubeurope.com\/@fr\/115891993570925400","error":""},"_links":{"self":[{"href":"https:\/\/www.europesays.com\/fr\/wp-json\/wp\/v2\/posts\/662299","targetHints":{"allow":["GET"]}}],"collection":[{"href":"https:\/\/www.europesays.com\/fr\/wp-json\/wp\/v2\/posts"}],"about":[{"href":"https:\/\/www.europesays.com\/fr\/wp-json\/wp\/v2\/types\/post"}],"author":[{"embeddable":true,"href":"https:\/\/www.europesays.com\/fr\/wp-json\/wp\/v2\/users\/2"}],"replies":[{"embeddable":true,"href":"https:\/\/www.europesays.com\/fr\/wp-json\/wp\/v2\/comments?post=662299"}],"version-history":[{"count":0,"href":"https:\/\/www.europesays.com\/fr\/wp-json\/wp\/v2\/posts\/662299\/revisions"}],"wp:featuredmedia":[{"embeddable":true,"href":"https:\/\/www.europesays.com\/fr\/wp-json\/wp\/v2\/media\/662300"}],"wp:attachment":[{"href":"https:\/\/www.europesays.com\/fr\/wp-json\/wp\/v2\/media?parent=662299"}],"wp:term":[{"taxonomy":"category","embeddable":true,"href":"https:\/\/www.europesays.com\/fr\/wp-json\/wp\/v2\/categories?post=662299"},{"taxonomy":"post_tag","embeddable":true,"href":"https:\/\/www.europesays.com\/fr\/wp-json\/wp\/v2\/tags?post=662299"}],"curies":[{"name":"wp","href":"https:\/\/api.w.org\/{rel}","templated":true}]}}