{"id":662309,"date":"2026-01-14T06:21:09","date_gmt":"2026-01-14T06:21:09","guid":{"rendered":"https:\/\/www.europesays.com\/fr\/662309\/"},"modified":"2026-01-14T06:21:09","modified_gmt":"2026-01-14T06:21:09","slug":"la-ligne-1-du-metro-de-lille-va-etre-totalement-a-larret-durant-tout-le-week-end","status":"publish","type":"post","link":"https:\/\/www.europesays.com\/fr\/662309\/","title":{"rendered":"la ligne 1 du m\u00e9tro de Lille va \u00eatre totalement \u00e0 l&rsquo;arr\u00eat durant tout le week-end"},"content":{"rendered":"<p>                    Par<br \/>\n        <strong><br \/>\n            <a href=\"https:\/\/actu.fr\/auteur\/nicolas-demollien\" title=\"Consulter tous les articles de Nicolas Demollien\" target=\"_blank\" rel=\"noopener\">Nicolas Demollien<\/a><br \/>\n                    <\/strong><\/p>\n<p>        Publi\u00e9 le<\/p>\n<p>            14 janv. 2026 \u00e0 6h24        <\/p>\n<p>Prenez vos pr\u00e9cautions si vous avez pr\u00e9vu d\u2019utiliser le <a href=\"https:\/\/actu.fr\/tag\/metro\" target=\"_blank\" rel=\"noopener\">m\u00e9tro<\/a> de <a href=\"https:\/\/actu.fr\/hauts-de-france\/lille_59350\" target=\"_blank\" rel=\"noopener\">Lille<\/a> (Nord) ce week-end ! <a href=\"https:\/\/actu.fr\/tag\/ilevia\" target=\"_blank\" rel=\"noopener\">Il\u00e9via<\/a> annonce en effet que la <b>ligne 1<\/b> sera <b>totalement interrompue<\/b> ces <b>samedi 17 et dimanche 18 janvier 2026<\/b> dans le cadre \u00ab\u00a0des <b>op\u00e9rations li\u00e9es au doublement des rames<\/b> de m\u00e9tro\u00a0\u00bb.\u00a0<\/p>\n<p>La ligne 1 du m\u00e9tro Il\u00e9via totalement \u00e0 l\u2019arr\u00eat ce week-end<\/p>\n<p class=\" wall-content\">Cette modernisation n\u00e9cessite en effet des <b>marches \u00e0 blanc<\/b>, autrement dit des <b>essais en conditions r\u00e9elles<\/b> des nouvelles rames de 52 m\u00e8tres en vue de leur mise en service.<br \/>\u00ab\u00a0Afin de permettre aux voyageurs de r\u00e9aliser leurs trajets lors de ces interruptions de trafic, des <b>bus relais seront mis en place<\/b> sur les m\u00eames amplitudes horaires que le m\u00e9tro\u00a0\u00bb, rassure toutefois Il\u00e9via.<\/p>\n<p class=\" wall-content\">Et de pr\u00e9ciser que la fr\u00e9quence sera d\u2019un bus <b>toutes les 6 \u00e0 10 minutes en journ\u00e9e<\/b> et <b>toutes les 15 minutes en soir\u00e9e<\/b>.<\/p>\n<p data-end=\"1483\" class=\" wall-content\">Un dispositif d\u2019information sera par ailleurs d\u00e9ploy\u00e9 sur l\u2019ensemble du r\u00e9seau, via l\u2019affichage et des annonces sonores en station. La <b>reprise du service sur la ligne 1 sera effective d\u00e8s le lundi 19 janvier<\/b> au petit matin.<\/p>\n<p data-end=\"1483\" class=\" wall-content\">Plus d\u2019informations sur le site <a href=\"https:\/\/www.ilevia.fr\/cms\/actualite\/travaux-metro-m1\" target=\"_blank\" rel=\"noopener\">ilevia.fr<\/a><\/p>\n<p class=\" wall-content\">Personnalisez votre actualit\u00e9 en ajoutant vos villes et m\u00e9dias en favori avec <a href=\"https:\/\/moncompte.actu.fr\" title=\"D\u00e9couvez Mon Actu\" rel=\"nofollow noopener\" data-trk=\"{&quot;cta&quot;:{&quot;action&quot;:&quot;https:\\\/\\\/moncompte.actu.fr&quot;,&quot;category&quot;:&quot;mon compte&quot;,&quot;from&quot;:&quot;article footer&quot;,&quot;name&quot;:&quot;Mon actu&quot;,&quot;type&quot;:&quot;cta&quot;}}\" target=\"_blank\">Mon Actu<\/a>.<\/p>\n","protected":false},"excerpt":{"rendered":"Par Nicolas Demollien Publi\u00e9 le 14 janv. 2026 \u00e0 6h24 Prenez vos pr\u00e9cautions si vous avez pr\u00e9vu d\u2019utiliser&hellip;\n","protected":false},"author":2,"featured_media":662310,"comment_status":"","ping_status":"","sticky":false,"template":"","format":"standard","meta":{"footnotes":""},"categories":[2815],"tags":[1111,11,1777,674,1011,27,811,4288,1307,4047,12,25,104],"class_list":{"0":"post-662309","1":"post","2":"type-post","3":"status-publish","4":"format-standard","5":"has-post-thumbnail","7":"category-lille","8":"tag-actu","9":"tag-actualites","10":"tag-eu","11":"tag-europe","12":"tag-fr","13":"tag-france","14":"tag-hauts-de-france","15":"tag-ilevia","16":"tag-lille","17":"tag-metro","18":"tag-news","19":"tag-republique-francaise","20":"tag-societe"},"share_on_mastodon":{"url":"https:\/\/pubeurope.com\/@fr\/115892013130689786","error":""},"_links":{"self":[{"href":"https:\/\/www.europesays.com\/fr\/wp-json\/wp\/v2\/posts\/662309","targetHints":{"allow":["GET"]}}],"collection":[{"href":"https:\/\/www.europesays.com\/fr\/wp-json\/wp\/v2\/posts"}],"about":[{"href":"https:\/\/www.europesays.com\/fr\/wp-json\/wp\/v2\/types\/post"}],"author":[{"embeddable":true,"href":"https:\/\/www.europesays.com\/fr\/wp-json\/wp\/v2\/users\/2"}],"replies":[{"embeddable":true,"href":"https:\/\/www.europesays.com\/fr\/wp-json\/wp\/v2\/comments?post=662309"}],"version-history":[{"count":0,"href":"https:\/\/www.europesays.com\/fr\/wp-json\/wp\/v2\/posts\/662309\/revisions"}],"wp:featuredmedia":[{"embeddable":true,"href":"https:\/\/www.europesays.com\/fr\/wp-json\/wp\/v2\/media\/662310"}],"wp:attachment":[{"href":"https:\/\/www.europesays.com\/fr\/wp-json\/wp\/v2\/media?parent=662309"}],"wp:term":[{"taxonomy":"category","embeddable":true,"href":"https:\/\/www.europesays.com\/fr\/wp-json\/wp\/v2\/categories?post=662309"},{"taxonomy":"post_tag","embeddable":true,"href":"https:\/\/www.europesays.com\/fr\/wp-json\/wp\/v2\/tags?post=662309"}],"curies":[{"name":"wp","href":"https:\/\/api.w.org\/{rel}","templated":true}]}}