{"id":662313,"date":"2026-01-14T06:25:14","date_gmt":"2026-01-14T06:25:14","guid":{"rendered":"https:\/\/www.europesays.com\/fr\/662313\/"},"modified":"2026-01-14T06:25:14","modified_gmt":"2026-01-14T06:25:14","slug":"operation-escargot-des-agriculteurs-du-var-sur-la50-vers-marseille","status":"publish","type":"post","link":"https:\/\/www.europesays.com\/fr\/662313\/","title":{"rendered":"Op\u00e9ration escargot des agriculteurs du Var sur l&rsquo;A50 vers Marseille"},"content":{"rendered":"<p>Les agriculteurs du Var sont mobilis\u00e9s ce matin. Ils m\u00e8nent des op\u00e9rations escargot sur l&rsquo;A50 en direction de Marseille et de Toulon.<\/p>\n<p>Selon la Pr\u00e9fecture du Var, des convois des agriculteurs se sont regroup\u00e9s t\u00f4t ce matin \u00ab\u00a0sur les ronds-points de Bandol et Saint-Cyr avant de s&rsquo;engager sur l&rsquo;A50 dans les deux sens de circulation. Les deux convois ont pr\u00e9vu d&rsquo;occuper deux voies de circulation sur trois. Les automobilistes ne pourront circuler que sur une seule voie de circulation, et ce dans les deux sens\u00a0\u00bb.<\/p>\n<p>Toujours selon la Pr\u00e9fecture du Var, la fin de la manifestation est pr\u00e9vue vers 13h.\u00a0<\/p>\n<p>\u00a0<\/p>\n<p><strong>Les tracteurs de la FNSEA quittent Paris<\/strong><\/p>\n","protected":false},"excerpt":{"rendered":"Les agriculteurs du Var sont mobilis\u00e9s ce matin. Ils m\u00e8nent des op\u00e9rations escargot sur l&rsquo;A50 en direction de&hellip;\n","protected":false},"author":2,"featured_media":662314,"comment_status":"","ping_status":"","sticky":false,"template":"","format":"standard","meta":{"footnotes":""},"categories":[2814],"tags":[1111,11,2572,1777,674,1011,27,884,12,882,25],"class_list":{"0":"post-662313","1":"post","2":"type-post","3":"status-publish","4":"format-standard","5":"has-post-thumbnail","7":"category-marseille","8":"tag-actu","9":"tag-actualites","10":"tag-agriculteurs","11":"tag-eu","12":"tag-europe","13":"tag-fr","14":"tag-france","15":"tag-marseille","16":"tag-news","17":"tag-provence-alpes-cote-dazur","18":"tag-republique-francaise"},"share_on_mastodon":{"url":"https:\/\/pubeurope.com\/@fr\/115892029016909411","error":""},"_links":{"self":[{"href":"https:\/\/www.europesays.com\/fr\/wp-json\/wp\/v2\/posts\/662313","targetHints":{"allow":["GET"]}}],"collection":[{"href":"https:\/\/www.europesays.com\/fr\/wp-json\/wp\/v2\/posts"}],"about":[{"href":"https:\/\/www.europesays.com\/fr\/wp-json\/wp\/v2\/types\/post"}],"author":[{"embeddable":true,"href":"https:\/\/www.europesays.com\/fr\/wp-json\/wp\/v2\/users\/2"}],"replies":[{"embeddable":true,"href":"https:\/\/www.europesays.com\/fr\/wp-json\/wp\/v2\/comments?post=662313"}],"version-history":[{"count":0,"href":"https:\/\/www.europesays.com\/fr\/wp-json\/wp\/v2\/posts\/662313\/revisions"}],"wp:featuredmedia":[{"embeddable":true,"href":"https:\/\/www.europesays.com\/fr\/wp-json\/wp\/v2\/media\/662314"}],"wp:attachment":[{"href":"https:\/\/www.europesays.com\/fr\/wp-json\/wp\/v2\/media?parent=662313"}],"wp:term":[{"taxonomy":"category","embeddable":true,"href":"https:\/\/www.europesays.com\/fr\/wp-json\/wp\/v2\/categories?post=662313"},{"taxonomy":"post_tag","embeddable":true,"href":"https:\/\/www.europesays.com\/fr\/wp-json\/wp\/v2\/tags?post=662313"}],"curies":[{"name":"wp","href":"https:\/\/api.w.org\/{rel}","templated":true}]}}