{"id":66233,"date":"2025-05-01T06:16:08","date_gmt":"2025-05-01T06:16:08","guid":{"rendered":"https:\/\/www.europesays.com\/fr\/66233\/"},"modified":"2025-05-01T06:16:08","modified_gmt":"2025-05-01T06:16:08","slug":"il-reste-des-places-pour-le-concert-de-la-star-academy-en-juin","status":"publish","type":"post","link":"https:\/\/www.europesays.com\/fr\/66233\/","title":{"rendered":"il reste des places pour le concert de la Star Academy en juin"},"content":{"rendered":"<p>            Par<br \/>\n        <strong><br \/>\n            <a href=\"https:\/\/actu.fr\/auteur\/laure-gentil\" title=\"Consulter tous les articles de Laure Gentil\" target=\"_blank\" rel=\"noopener\">Laure Gentil<\/a><br \/>\n        <\/strong><\/p>\n<p>        Publi\u00e9 le<\/p>\n<p>            1 mai 2025 \u00e0 7h32        <\/p>\n<p>Le succ\u00e8s de la<strong> Star Academy<\/strong> n\u2019est plus \u00e0 faire. Un concert doit avoir lieu au <strong>Z\u00e9nith de Nantes<\/strong> le 18\u00a0mai 2025, mais celui-ci est d\u00e9j\u00e0 complet. Que les fans se rassurent, une deuxi\u00e8me date est annonc\u00e9e.<\/p>\n<p class=\" wall-content\">Marine, Charles, Ebony, Emma, Franck, Ma\u00efa, Marguerite, Maureen et Ulysse donnent rendez-vous le <strong>7\u00a0juin,<\/strong> toujours au Z\u00e9nith.<\/p>\n<p class=\" wall-content\">\n<p>La billetterie est ouverte<\/p>\n<p class=\" wall-content\">Attention toutefois, les places partent tr\u00e8s vite. \u00c0 l\u2019heure o\u00f9 ces lignes sont \u00e9crites, il reste des places de<strong> cat\u00e9gorie 1<\/strong> au prix de 62\u00a0euros et de <strong>cat\u00e9gorie 2<\/strong> au prix de 52\u00a0euros.<\/p>\n<p class=\" wall-content\"><a href=\"https:\/\/www.ticketmaster.fr\/fr\/manifestation\/star-academy-billet\/idmanif\/602025\/idtier\/5689485\" target=\"_blank\" rel=\"noopener\">Cliquez ici pour acc\u00e9der \u00e0 la billetterie.<\/a><\/p>\n<p class=\" wall-content\">Suivez toute l\u2019actualit\u00e9 de vos villes et m\u00e9dias favoris en vous inscrivant \u00e0 <a href=\"https:\/\/moncompte.actu.fr\" title=\"D\u00e9couvez Mon Actu\" rel=\"nofollow noopener\" data-trk=\"{&quot;cta&quot;:{&quot;action&quot;:&quot;https:\\\/\\\/moncompte.actu.fr&quot;,&quot;category&quot;:&quot;mon compte&quot;,&quot;from&quot;:&quot;article footer&quot;,&quot;name&quot;:&quot;Mon actu&quot;,&quot;type&quot;:&quot;cta&quot;}}\" target=\"_blank\">Mon Actu<\/a>.<\/p>\n","protected":false},"excerpt":{"rendered":"Par Laure Gentil Publi\u00e9 le 1 mai 2025 \u00e0 7h32 Le succ\u00e8s de la Star Academy n\u2019est plus&hellip;\n","protected":false},"author":2,"featured_media":66234,"comment_status":"","ping_status":"","sticky":false,"template":"","format":"standard","meta":{"footnotes":""},"categories":[2818],"tags":[1111,11,1697,1777,674,1011,27,1652,766,12,2636,25,5095,5849],"class_list":{"0":"post-66233","1":"post","2":"type-post","3":"status-publish","4":"format-standard","5":"has-post-thumbnail","7":"category-nantes","8":"tag-actu","9":"tag-actualites","10":"tag-concert","11":"tag-eu","12":"tag-europe","13":"tag-fr","14":"tag-france","15":"tag-loisirs-culture","16":"tag-nantes","17":"tag-news","18":"tag-pays-de-la-loire","19":"tag-republique-francaise","20":"tag-star-academy","21":"tag-zenith-nantes-metropole"},"share_on_mastodon":{"url":"https:\/\/pubeurope.com\/@fr\/114431117437545575","error":""},"_links":{"self":[{"href":"https:\/\/www.europesays.com\/fr\/wp-json\/wp\/v2\/posts\/66233","targetHints":{"allow":["GET"]}}],"collection":[{"href":"https:\/\/www.europesays.com\/fr\/wp-json\/wp\/v2\/posts"}],"about":[{"href":"https:\/\/www.europesays.com\/fr\/wp-json\/wp\/v2\/types\/post"}],"author":[{"embeddable":true,"href":"https:\/\/www.europesays.com\/fr\/wp-json\/wp\/v2\/users\/2"}],"replies":[{"embeddable":true,"href":"https:\/\/www.europesays.com\/fr\/wp-json\/wp\/v2\/comments?post=66233"}],"version-history":[{"count":0,"href":"https:\/\/www.europesays.com\/fr\/wp-json\/wp\/v2\/posts\/66233\/revisions"}],"wp:featuredmedia":[{"embeddable":true,"href":"https:\/\/www.europesays.com\/fr\/wp-json\/wp\/v2\/media\/66234"}],"wp:attachment":[{"href":"https:\/\/www.europesays.com\/fr\/wp-json\/wp\/v2\/media?parent=66233"}],"wp:term":[{"taxonomy":"category","embeddable":true,"href":"https:\/\/www.europesays.com\/fr\/wp-json\/wp\/v2\/categories?post=66233"},{"taxonomy":"post_tag","embeddable":true,"href":"https:\/\/www.europesays.com\/fr\/wp-json\/wp\/v2\/tags?post=66233"}],"curies":[{"name":"wp","href":"https:\/\/api.w.org\/{rel}","templated":true}]}}