{"id":662348,"date":"2026-01-14T06:46:10","date_gmt":"2026-01-14T06:46:10","guid":{"rendered":"https:\/\/www.europesays.com\/fr\/662348\/"},"modified":"2026-01-14T06:46:10","modified_gmt":"2026-01-14T06:46:10","slug":"romain-ntamack-catastrophe-confirmee-avant-le-tournoi","status":"publish","type":"post","link":"https:\/\/www.europesays.com\/fr\/662348\/","title":{"rendered":"Romain Ntamack, catastrophe confirm\u00e9e avant le Tournoi"},"content":{"rendered":"<p><strong>Sur le flanc depuis pr\u00e8s de trois<br \/>\nsemaines en raison d\u2019une douleur au dos, Romain Ntamack ne sera pas<br \/>\nsuffisamment r\u00e9tabli pour prendre part au choc face \u00e0 Sale, samedi.<br \/>\nDe mauvaise augure \u00e0 une semaine de l\u2019annonce de la liste pour le<br \/>\nTournoi.<\/strong><\/p>\n<p>Romain Ntamack avait le sourire, lundi, au moment de la<br \/>\npr\u00e9sentation du documentaire qui lui est consacr\u00e9 et qui sera<br \/>\ndiffus\u00e9 ce dimanche sur les antennes de Canal+. \u00ab\u00a0Romain<br \/>\nNtamack, tu seras un homme mon fils\u00a0\u00bb revient sur la<br \/>\ntrajectoire du demi d\u2019ouverture du Stade Toulousain et du XV de<br \/>\nFrance, fils d\u2019Emile Ntamack, ancien ailier des Bleus et des Rouge<br \/>\net Noir. Une trajectoire \u00e9maill\u00e9e de coups durs \u00e0 l\u2019instar de la<br \/>\ngrave blessure dont il avait \u00e9t\u00e9 victime \u00e0 l\u2019approche de la Coupe<br \/>\ndu monde 2023.<\/p>\n<p>Aussi souriant qu\u2019il \u00e9tait, Romain Ntamack en a pourtant quitte<br \/>\npour une mauvaise nouvelle en ce d\u00e9but de semaine. Absent depuis le<br \/>\nmatch face \u00e0 La Rochelle, fin d\u00e9cembre, \u00e0 cause d\u2019une douleur au<br \/>\ndos, le n\u00b010 haut-garonnais n\u2019est toujours pas en \u00e9tat de retrouver<br \/>\nles terrains.<\/p>\n<blockquote class=\"twitter-tweet\"><p><a class=\"twitter-link\" rel=\"noindex, nofollow noopener\" href=\"https:\/\/twitter.com\/sports_fr\/status\/2010973537230540988?s=20\" target=\"_blank\"><\/p><\/blockquote>\n<p>Si les nouveaux examens pratiqu\u00e9s en d\u00e9but de semaine ont r\u00e9v\u00e9l\u00e9<br \/>\nune l\u00e9g\u00e8re am\u00e9lioration, il ne peut toujours pas s\u2019entra\u00eener avec<br \/>\nses co\u00e9quipiers. Mardi, selon RMC, il s\u2019est ainsi content\u00e9 de<br \/>\nl\u00e9gers exercices en salle avec notamment un peu de v\u00e9lo et du<br \/>\ntravail sp\u00e9cifique sur un tapis de course anti-gravit\u00e9 afin de ne<br \/>\npas solliciter son dos.<\/p>\n<p>La liste de Fabien Galthi\u00e9 annonc\u00e9e mercredi 24<\/p>\n<p>Romain Ntamack ne sera donc pas disponible pour affronter Sale,<br \/>\nsamedi, dans le cadre de la derni\u00e8re journ\u00e9e de la phase de poules<br \/>\nde la Coupe des Champions. De quoi in\u00e9vitablement interroger alors<br \/>\nque Fabien Galthi\u00e9 doit annoncer la liste des 42 joueurs retenus<br \/>\npour le Tournoi, mercredi prochain.<\/p>\n<p>Apr\u00e8s cette annonce, il ne restera plus qu\u2019un match \u00e0 Romain<br \/>\nNtamack pour se rassurer: le choc au sommet face \u00e0 Pau,<br \/>\nprogramm\u00e9\u00a0le 24 janvier, juste avant le d\u00e9but du rassemblement<br \/>\n\u00e0 Marcoussis. Le cas Ntamack fait d\u2019autant plus parler qu\u2019\u00e0<br \/>\nl\u2019inverse, Matthieu Jalibert, son principal concurrent \u00e0<br \/>\nl\u2019ouverture, affiche avec l\u2019UBB une forme \u00e9tincelante depuis le<br \/>\nd\u00e9but de saison.<\/p>\n<p><script async src=\"https:\/\/platform.twitter.com\/widgets.js\" charset=\"utf-8\"><\/script><\/p>\n","protected":false},"excerpt":{"rendered":"Sur le flanc depuis pr\u00e8s de trois semaines en raison d\u2019une douleur au dos, Romain Ntamack ne sera&hellip;\n","protected":false},"author":2,"featured_media":662349,"comment_status":"","ping_status":"","sticky":false,"template":"","format":"standard","meta":{"footnotes":""},"categories":[1416],"tags":[1011,27,479,1468,60],"class_list":{"0":"post-662348","1":"post","2":"type-post","3":"status-publish","4":"format-standard","5":"has-post-thumbnail","7":"category-rugby","8":"tag-fr","9":"tag-france","10":"tag-rugby","11":"tag-rugby-football","12":"tag-sports"},"share_on_mastodon":{"url":"https:\/\/pubeurope.com\/@fr\/115892111493021485","error":""},"_links":{"self":[{"href":"https:\/\/www.europesays.com\/fr\/wp-json\/wp\/v2\/posts\/662348","targetHints":{"allow":["GET"]}}],"collection":[{"href":"https:\/\/www.europesays.com\/fr\/wp-json\/wp\/v2\/posts"}],"about":[{"href":"https:\/\/www.europesays.com\/fr\/wp-json\/wp\/v2\/types\/post"}],"author":[{"embeddable":true,"href":"https:\/\/www.europesays.com\/fr\/wp-json\/wp\/v2\/users\/2"}],"replies":[{"embeddable":true,"href":"https:\/\/www.europesays.com\/fr\/wp-json\/wp\/v2\/comments?post=662348"}],"version-history":[{"count":0,"href":"https:\/\/www.europesays.com\/fr\/wp-json\/wp\/v2\/posts\/662348\/revisions"}],"wp:featuredmedia":[{"embeddable":true,"href":"https:\/\/www.europesays.com\/fr\/wp-json\/wp\/v2\/media\/662349"}],"wp:attachment":[{"href":"https:\/\/www.europesays.com\/fr\/wp-json\/wp\/v2\/media?parent=662348"}],"wp:term":[{"taxonomy":"category","embeddable":true,"href":"https:\/\/www.europesays.com\/fr\/wp-json\/wp\/v2\/categories?post=662348"},{"taxonomy":"post_tag","embeddable":true,"href":"https:\/\/www.europesays.com\/fr\/wp-json\/wp\/v2\/tags?post=662348"}],"curies":[{"name":"wp","href":"https:\/\/api.w.org\/{rel}","templated":true}]}}