{"id":662352,"date":"2026-01-14T06:51:08","date_gmt":"2026-01-14T06:51:08","guid":{"rendered":"https:\/\/www.europesays.com\/fr\/662352\/"},"modified":"2026-01-14T06:51:08","modified_gmt":"2026-01-14T06:51:08","slug":"je-voulais-faire-le-giro-jonas-vingegaard-a-t-il-deja-laisse-le-tour-de-france-2026-a-pogacar-rmc-sport","status":"publish","type":"post","link":"https:\/\/www.europesays.com\/fr\/662352\/","title":{"rendered":"&quot;Je voulais faire le Giro&quot;: Jonas Vingegaard a-t-il d\u00e9j\u00e0 laiss\u00e9 le Tour de France 2026 \u00e0 Pogacar ? &#8211; RMC Sport"},"content":{"rendered":"<ol>\n<li><a href=\"https:\/\/news.google.com\/rss\/articles\/CBMi-AFBVV95cUxOTUR5SzRCWi04anBZZG9yOTRMWDNhWVJiWnZKdEZzeEtCTVpSRFFSUGpXZzFFVXFiOWRkVXZUSjI5VHQ2VDc4ZF9sZGgzYjg0a2ExV21JQnNhbnFYeWl6V2dFVGM0amNfdkpBTUpPVXJlSmIxM2RyakRzaEd6dlB2ajl5QnNCMF9BTWJLV1FzZFBlRm14VTBkTEVCR2htTi03RmxjUzJ2bWZ1R2lUc2N2RkRDVnFlQTUxQ3VTRkZWUU5tT0J5LWFLSTZZcGUtU2RXcHM3Sko5a3hOaGVucFBKdWN3S3VQcXlNa0NBWjkzN2I5ZkRlemo5eg?oc=5\" target=\"_blank\" rel=\"noopener\">\u00ab\u00a0Je voulais faire le Giro\u00a0\u00bb: Jonas Vingegaard a-t-il d\u00e9j\u00e0 laiss\u00e9 le Tour de France 2026 \u00e0 Pogacar ?<\/a>&nbsp;&nbsp;RMC Sport<\/li>\n<li><a href=\"https:\/\/news.google.com\/rss\/articles\/CBMiiAJBVV95cUxORDEzRG9CUnpHN0x2a1VuX3Q3NHYwclpxcFhhc0ZIa1duV000Q2hwcnRpTG1JUHNHVEg5QUE4dzRZVVdIZFNMd0IwQ1M3bThnSURla0ROVG9XMV9LQ290eXMzeEpEdFVHNjhqTzZsTG1JTDc3dGdKM2o1NHR0MFNUOVZGeUMwdE5LOENiUmFEUHFTbGJWNmRwQUxwZUNjRzNXTERrbldJWE90b21XeXNMSWpBWFN5aE5PMkZlY2tyU2xaWWkxSWFfQk5VMGM4alFNY2NUV09KTVNkcDB6Skxxc0U2dmlDcy1oVUI5U1JOQzI1NjFvaWJRMUtYSGZfWFZmR25falo5ZTI?oc=5\" target=\"_blank\" rel=\"noopener\">Apr\u00e8s le maillot jaune fran\u00e7ais et le rouge espagnol, Jonas Vingegaard en qu\u00eate du rose du Giro<\/a>&nbsp;&nbsp;L&rsquo;\u00c9quipe<\/li>\n<li><a href=\"https:\/\/news.google.com\/rss\/articles\/CBMi5gFBVV95cUxPTmhUVmRMRThmcmNDNXdPaGE4QUYxajNJaElaRm1IOVJUMUtJYXZMdDZOelBTVklzSVJCRDdOSUJLeU5YckpWVUktbjRRQlBzUHd4ZHdReE1XVkV5Mmp5NHhqNFpGTnBLQ2V6Z0ZtMHJsS1hjQXFqLVV0aVptU0ZJV1ZSUDc2bEdlUTJpbXdFT3ZsWUtROWFyT1hfQzRkTGUwQ2JLUlV3TnR6X0o0LWNrSjJVdUZ1Tkl3aVNMeWVTQ0RaXzBNN3VCTzVfMVpTZHREaWZWQUlaVnk3a3ZTUWlqdldGbm1hQQ?oc=5\" target=\"_blank\" rel=\"noopener\">Tour de France &#8211; Giro &#8211; Jonas Vingegaard (Visma | Lease a Bike) : \u00ab\u00a0Je serai encore plus fort sur le Tour\u00a0\u00bb<\/a>&nbsp;&nbsp;Eurosport<\/li>\n<li><a href=\"https:\/\/news.google.com\/rss\/articles\/CBMi9AFBVV95cUxNNHFURVVGNEd3SXhyel9ZM1pKeTRqS2txZzNTdlNUNU1RMUpvdlpZMS1TTUpwSHhkVDRXLUlXUUZGUFZMOFA2WFVVZWlJdHFRRjVtcFBSdzZOZ3dQWlhyWVFpWWxuNjlSR0ljT19sV1ZMWkl2MVlFLXItMGhZalNxSVdzVEVwZ05fekljZ2xjZkl4UlhRV3RPeldhbzJMdnNuNUhtNjVtVXFNZm12Q0tMZy1VZkhGeFdFVV9PVW1jUnVfWk82elUxU3M5WG5OT25HVldjUjljZkY0VVVFOEJhMWs3SUthaWkxelBIS0Zzd3NYaW9r?oc=5\" target=\"_blank\" rel=\"noopener\">Cyclisme &#8211; Route &#8211; Ce qu&rsquo;il faut retenir de la pr\u00e9sentation de l&rsquo;\u00e9quipe Visma | Lease a Bike<\/a>&nbsp;&nbsp;Sports &#8211; Orange<\/li>\n<li><a href=\"https:\/\/news.google.com\/rss\/articles\/CBMiywFBVV95cUxObFhwbDdMS0hDNDl3RHFtQ3MxbWwzdjM1YmYwYjZWa1AzZmcwRjZzeGpPWkRURnhjaHRhcjg4SkRxMDAyM2x6NkxPVFZHeWQ1Uk9qQ3pLbjdvRGR6VmcwQ1B6bjh2aHJIUDRqb2JZVjNvYWNXR3djZEplTGRQeko0bjZxSXpvSTkyR3N5c1BzNi1yVG9CdGFLUzJpeEtVRVNYcU5QTHpBeEN5RWt5a29NV0d2ZWtSdnRDeEhXU1FWZHVPX1R4b0FMSkY0VQ?oc=5\" target=\"_blank\" rel=\"noopener\">Cyclisme : Vingegaard, \u00ab motiv\u00e9 comme jamais \u00bb, doublera Giro et Tour de France en 2026<\/a>&nbsp;&nbsp;Sud Ouest<\/li>\n<\/ol>\n","protected":false},"excerpt":{"rendered":"\u00ab\u00a0Je voulais faire le Giro\u00a0\u00bb: Jonas Vingegaard a-t-il d\u00e9j\u00e0 laiss\u00e9 le Tour de France 2026 \u00e0 Pogacar ?&nbsp;&nbsp;RMC&hellip;\n","protected":false},"author":2,"featured_media":395849,"comment_status":"","ping_status":"","sticky":false,"template":"","format":"standard","meta":{"footnotes":""},"categories":[1411],"tags":[1154,207,1011,27,60],"class_list":{"0":"post-662352","1":"post","2":"type-post","3":"status-publish","4":"format-standard","5":"has-post-thumbnail","7":"category-cyclisme","8":"tag-cycling","9":"tag-cyclisme","10":"tag-fr","11":"tag-france","12":"tag-sports"},"share_on_mastodon":{"url":"https:\/\/pubeurope.com\/@fr\/115892131138685088","error":""},"_links":{"self":[{"href":"https:\/\/www.europesays.com\/fr\/wp-json\/wp\/v2\/posts\/662352","targetHints":{"allow":["GET"]}}],"collection":[{"href":"https:\/\/www.europesays.com\/fr\/wp-json\/wp\/v2\/posts"}],"about":[{"href":"https:\/\/www.europesays.com\/fr\/wp-json\/wp\/v2\/types\/post"}],"author":[{"embeddable":true,"href":"https:\/\/www.europesays.com\/fr\/wp-json\/wp\/v2\/users\/2"}],"replies":[{"embeddable":true,"href":"https:\/\/www.europesays.com\/fr\/wp-json\/wp\/v2\/comments?post=662352"}],"version-history":[{"count":0,"href":"https:\/\/www.europesays.com\/fr\/wp-json\/wp\/v2\/posts\/662352\/revisions"}],"wp:featuredmedia":[{"embeddable":true,"href":"https:\/\/www.europesays.com\/fr\/wp-json\/wp\/v2\/media\/395849"}],"wp:attachment":[{"href":"https:\/\/www.europesays.com\/fr\/wp-json\/wp\/v2\/media?parent=662352"}],"wp:term":[{"taxonomy":"category","embeddable":true,"href":"https:\/\/www.europesays.com\/fr\/wp-json\/wp\/v2\/categories?post=662352"},{"taxonomy":"post_tag","embeddable":true,"href":"https:\/\/www.europesays.com\/fr\/wp-json\/wp\/v2\/tags?post=662352"}],"curies":[{"name":"wp","href":"https:\/\/api.w.org\/{rel}","templated":true}]}}