{"id":662353,"date":"2026-01-14T06:52:10","date_gmt":"2026-01-14T06:52:10","guid":{"rendered":"https:\/\/www.europesays.com\/fr\/662353\/"},"modified":"2026-01-14T06:52:10","modified_gmt":"2026-01-14T06:52:10","slug":"ol-une-pepite-belge-de-17-ans-dans-le-viseur","status":"publish","type":"post","link":"https:\/\/www.europesays.com\/fr\/662353\/","title":{"rendered":"OL : une p\u00e9pite belge de 17 ans dans le viseur !"},"content":{"rendered":"<p>L\u2019OL cible un jeune d\u00e9fenseur prometteur belge de 17 ans sur le mercato.<\/p>\n<p>Lanc\u00e9 dans une bataille avec l\u2019Olympique de Marseille pour Himad Abdelli, l\u2019Olympique Lyonnais cherche aussi \u00e0 renforcer sa d\u00e9fense lors du prochain mercato. Ainsi, le club rhodanien ciblerait \u00e9galement, selon le\u00a0Nieuwsblad Sport, un jeune espoir du football belge : Mano\u00ebl\u00a0Verhaeghe.<\/p>\n<p>Le d\u00e9fenseur de 17 ans \u00e9volue au RWDM Brussels, qui est \u00e9galement un club de la galaxie Eagle. Cela pourrait ainsi faciliter les discussions dans ce deal. Lyon est, en tout cas, emball\u00e9 par Mano\u00ebl\u00a0Verhaeghe, qui a d\u00e9j\u00e0 fait l\u2019objet d\u2019une offre du KV Mechelen.<\/p>\n","protected":false},"excerpt":{"rendered":"L\u2019OL cible un jeune d\u00e9fenseur prometteur belge de 17 ans sur le mercato. Lanc\u00e9 dans une bataille avec&hellip;\n","protected":false},"author":2,"featured_media":662354,"comment_status":"","ping_status":"","sticky":false,"template":"","format":"standard","meta":{"footnotes":""},"categories":[1410],"tags":[63,1011,27,60],"class_list":{"0":"post-662353","1":"post","2":"type-post","3":"status-publish","4":"format-standard","5":"has-post-thumbnail","7":"category-football","8":"tag-football","9":"tag-fr","10":"tag-france","11":"tag-sports"},"share_on_mastodon":{"url":"https:\/\/pubeurope.com\/@fr\/115892135236622483","error":""},"_links":{"self":[{"href":"https:\/\/www.europesays.com\/fr\/wp-json\/wp\/v2\/posts\/662353","targetHints":{"allow":["GET"]}}],"collection":[{"href":"https:\/\/www.europesays.com\/fr\/wp-json\/wp\/v2\/posts"}],"about":[{"href":"https:\/\/www.europesays.com\/fr\/wp-json\/wp\/v2\/types\/post"}],"author":[{"embeddable":true,"href":"https:\/\/www.europesays.com\/fr\/wp-json\/wp\/v2\/users\/2"}],"replies":[{"embeddable":true,"href":"https:\/\/www.europesays.com\/fr\/wp-json\/wp\/v2\/comments?post=662353"}],"version-history":[{"count":0,"href":"https:\/\/www.europesays.com\/fr\/wp-json\/wp\/v2\/posts\/662353\/revisions"}],"wp:featuredmedia":[{"embeddable":true,"href":"https:\/\/www.europesays.com\/fr\/wp-json\/wp\/v2\/media\/662354"}],"wp:attachment":[{"href":"https:\/\/www.europesays.com\/fr\/wp-json\/wp\/v2\/media?parent=662353"}],"wp:term":[{"taxonomy":"category","embeddable":true,"href":"https:\/\/www.europesays.com\/fr\/wp-json\/wp\/v2\/categories?post=662353"},{"taxonomy":"post_tag","embeddable":true,"href":"https:\/\/www.europesays.com\/fr\/wp-json\/wp\/v2\/tags?post=662353"}],"curies":[{"name":"wp","href":"https:\/\/api.w.org\/{rel}","templated":true}]}}