{"id":662355,"date":"2026-01-14T06:53:11","date_gmt":"2026-01-14T06:53:11","guid":{"rendered":"https:\/\/www.europesays.com\/fr\/662355\/"},"modified":"2026-01-14T06:53:11","modified_gmt":"2026-01-14T06:53:11","slug":"alessandra-sublet-tranche-sur-son-avenir-a-la-television-et-cest","status":"publish","type":"post","link":"https:\/\/www.europesays.com\/fr\/662355\/","title":{"rendered":"Alessandra Sublet tranche sur son avenir \u00e0 la t\u00e9l\u00e9vision et c\u2019est &#8230;"},"content":{"rendered":"<p>EN BREF<\/p>\n<ul class=\"bloc_resume_post_list\">\n<li>Alessandra Sublet, ancienne animatrice, se confie dans<br \/>\nT\u00e9l\u00e9 Magazine sur son virage litt\u00e9raire et son retrait de la<br \/>\nt\u00e9l\u00e9vision.<\/li>\n<li>Elle publie \u00ab\u00a0Toi que je n\u2019attendais plus&rsquo;, un roman<br \/>\ninspir\u00e9 de son v\u00e9cu, abordant divorce et<br \/>\nreconstruction.<\/li>\n<li>Elle affirme ne pas revenir \u00e0 la t\u00e9l\u00e9vision, pr\u00e9f\u00e9rant<br \/>\nl&rsquo;\u00e9criture et les conf\u00e9rences pour un nouvel \u00e9quilibre de<br \/>\nvie.<\/li>\n<\/ul>\n<p data-start=\"578\" data-end=\"1016\">Alessandra Sublet n\u2019\u00e9lude plus<br \/>\nla question. Dans les colonnes de T\u00e9l\u00e9 Magazine, l\u2019ancienne animatrice se livre sans<br \/>\nd\u00e9tour sur son parcours et surtout sur <strong>ce fameux virage<br \/>\nlitt\u00e9raire<\/strong> qui a surpris tout le monde. Elle le dit<br \/>\nd\u2019embl\u00e9e, sans chercher \u00e0 arrondir les angles : \u00ab\u00a0Je me suis lanc\u00e9e par hasard, sans savoir ce<br \/>\nque \u00e7a allait donner\u00a0\u00bb. L\u2019\u00e9criture, puis le retrait progressif<br \/>\nde la t\u00e9l\u00e9vision, se sont impos\u00e9s presque naturellement.<\/p>\n<p data-start=\"1018\" data-end=\"1420\">\u00c0 travers son roman<br \/>\nToi que je n\u2019attendais<br \/>\nplus, Alessandra Sublet raconte <strong>le destin de Manon,<br \/>\nune oc\u00e9anologue en plein chagrin d\u2019amour.<\/strong> Un r\u00e9cit qui,<br \/>\nforc\u00e9ment, r\u00e9sonne avec son v\u00e9cu. \u00ab\u00a0Je voulais parler du divorce et de la reconstruction des<br \/>\nfemmes qui ont la responsabilit\u00e9 d\u2019enfants\u00a0\u00bb, explique <a href=\"https:\/\/www.telestar.fr\/people\/alessandra-sublet-mariee-en-catimini-sa-revelation-choc-jai-un-mari-fou-de-1750807\" target=\"_blank\" rel=\"noopener\"><br \/>\ncelle qui s&rsquo;est d&rsquo;ailleurs mari\u00e9e en catimini.<\/a> Et si la fiction<br \/>\ns\u2019est impos\u00e9e, elle reconna\u00eet que le projet a \u00e9t\u00e9 profond\u00e9ment<br \/>\ntransformant.<\/p>\n<p>Alessandra Sublet ne veut<br \/>\nplus revenir en t\u00e9l\u00e9<\/p>\n<p data-start=\"1483\" data-end=\"1883\">La question revient souvent,<br \/>\net la r\u00e9ponse est d\u00e9sormais limpide. <strong>\u00ab\u00a0Je peux l\u2019affirmer aujourd\u2019hui, je ne reviendrai<br \/>\npas \u00e0 la t\u00e9l\u00e9vision\u00a0\u00bb<\/strong>, tranche Alessandra Sublet. Une<br \/>\nphrase nette, sans ambigu\u00eft\u00e9. Elle pr\u00e9cise d\u2019ailleurs que cette<br \/>\nd\u00e9cision n\u2019a rien d\u2019un rejet. \u00ab\u00a0Pas du tout ! J\u2019ai eu beaucoup de plaisir \u00e0 faire ce m\u00e9tier<br \/>\net honn\u00eatement, cela aurait \u00e9t\u00e9 beaucoup plus confortable de<br \/>\ncontinuer\u00a0\u00bb.<\/p>\n<p data-start=\"1885\" data-end=\"2268\">Mais le confort n\u2019est plus un<br \/>\nargument suffisant. \u00ab\u00a0Quand<br \/>\nj\u2019ai arr\u00eat\u00e9 mon m\u00e9tier d\u2019animatrice, les gens ont cru que je<br \/>\nvoulais me diriger vers la com\u00e9die\u00a0\u00bb, raconte-t-elle, avant<br \/>\nd\u2019ajouter clairement : \u00ab\u00a0Je<br \/>\nn\u2019ai jamais eu la vocation du th\u00e9\u00e2tre ou du cin\u00e9ma\u00a0\u00bb. Malgr\u00e9<br \/>\ndes propositions re\u00e7ues, la d\u00e9cision est d\u00e9finitive.<br \/>\n\u00ab\u00a0Je sais, c\u2019est \u00e0<br \/>\ncontre-courant\u00a0\u00bb, assume-t-elle pleinement.<\/p>\n<p>\u00ab\u00a0Mon<br \/>\ncheminement me conduit vers l&rsquo;ombre\u00a0\u00bb<\/p>\n<p data-start=\"2336\" data-end=\"2669\">Aujourd\u2019hui, Alessandra Sublet<br \/>\navance ailleurs, diff\u00e9remment. \u00ab\u00a0Mon cheminement <a href=\"https:\/\/www.telestar.fr\/people\/un-nouveau-depart-pour-alessandra-sublet-l-ancienne-animatrice-donne-de-ses-nouvelles-apres-une-longue-absence-822388\" target=\"_blank\" rel=\"noopener\"><br \/>\nme conduit vers l\u2019ombre<\/a> pour transmettre\u00a0\u00bb, confie-t-elle.<br \/>\n<a href=\"https:\/\/www.telestar.fr\/people\/alessandra-sublet-sur-tf1-je-n-ai-pas-eu-l-opportunite-de-pouvoir-etre-dans-mon-role-332009\" target=\"_blank\" rel=\"noopener\"><br \/>\nCelle qui a quitt\u00e9 TF1 pour une raison sp\u00e9cifique<\/a> trouve un<br \/>\nr\u00e9el \u00e9panouissement dans ses conf\u00e9rences. <strong>\u00ab\u00a0Je suis heureuse quand je fais des<br \/>\nconf\u00e9rences de d\u00e9veloppement personnel en entreprise. J\u2019ai trouv\u00e9<br \/>\nun autre sens \u00e0 donner \u00e0 ma vie\u00a0\u00bb<\/strong>. Son roman lui<br \/>\nressemble aussi dans l\u2019\u00e9nergie qu\u2019elle transmet. \u00ab\u00a0Elle a de moi, comme de beaucoup de femmes,<br \/>\nla combativit\u00e9\u00a0\u00bb, dit-elle \u00e0 propos de Manon. Et cette<br \/>\nreconstruction passe aussi par la sph\u00e8re intime. \u00ab\u00a0Le bonheur personnel passe par l\u2019amour.<br \/>\n<strong>Je suis une ind\u00e9crottable romantique<\/strong>\u00ab\u00a0,<br \/>\nconfie-t-elle en \u00e9voquant son mari, qu\u2019elle prot\u00e8ge farouchement.<br \/>\n\u00ab\u00a0J\u2019ai d\u00e9j\u00e0 r\u00e9ussi \u00e0 me marier<br \/>\nsans que les gens le sachent\u00a0\u00bb.<\/p>\n<p data-start=\"3096\" data-end=\"3390\" data-is-last-node=\"\" data-is-only-node=\"\">Quant \u00e0 la suite, elle est d\u00e9j\u00e0 trac\u00e9e.<br \/>\n\u00ab\u00a0\u00c9crire fera partie de la<br \/>\ndeuxi\u00e8me partie de ma vie\u00a0\u00bb, annonce-t-elle, <strong>en<br \/>\n\u00e9voquant un prochain livre \u00e0 para\u00eetre<\/strong>. \u00c0 49 ans,<br \/>\nAlessandra Sublet ne ferme pas une porte par d\u00e9pit. Elle en ouvre<br \/>\nsimplement une autre, plus fid\u00e8le \u00e0 ce qu\u2019elle est devenue.<\/p>\n","protected":false},"excerpt":{"rendered":"EN BREF Alessandra Sublet, ancienne animatrice, se confie dans T\u00e9l\u00e9 Magazine sur son virage litt\u00e9raire et son retrait&hellip;\n","protected":false},"author":2,"featured_media":662356,"comment_status":"","ping_status":"","sticky":false,"template":"","format":"standard","meta":{"footnotes":""},"categories":[1359],"tags":[76386,548,58,59,1011,27,973],"class_list":{"0":"post-662355","1":"post","2":"type-post","3":"status-publish","4":"format-standard","5":"has-post-thumbnail","7":"category-people","8":"tag-alessandra-sublet","9":"tag-article-simple","10":"tag-divertissement","11":"tag-entertainment","12":"tag-fr","13":"tag-france","14":"tag-people"},"share_on_mastodon":{"url":"https:\/\/pubeurope.com\/@fr\/115892139196721407","error":""},"_links":{"self":[{"href":"https:\/\/www.europesays.com\/fr\/wp-json\/wp\/v2\/posts\/662355","targetHints":{"allow":["GET"]}}],"collection":[{"href":"https:\/\/www.europesays.com\/fr\/wp-json\/wp\/v2\/posts"}],"about":[{"href":"https:\/\/www.europesays.com\/fr\/wp-json\/wp\/v2\/types\/post"}],"author":[{"embeddable":true,"href":"https:\/\/www.europesays.com\/fr\/wp-json\/wp\/v2\/users\/2"}],"replies":[{"embeddable":true,"href":"https:\/\/www.europesays.com\/fr\/wp-json\/wp\/v2\/comments?post=662355"}],"version-history":[{"count":0,"href":"https:\/\/www.europesays.com\/fr\/wp-json\/wp\/v2\/posts\/662355\/revisions"}],"wp:featuredmedia":[{"embeddable":true,"href":"https:\/\/www.europesays.com\/fr\/wp-json\/wp\/v2\/media\/662356"}],"wp:attachment":[{"href":"https:\/\/www.europesays.com\/fr\/wp-json\/wp\/v2\/media?parent=662355"}],"wp:term":[{"taxonomy":"category","embeddable":true,"href":"https:\/\/www.europesays.com\/fr\/wp-json\/wp\/v2\/categories?post=662355"},{"taxonomy":"post_tag","embeddable":true,"href":"https:\/\/www.europesays.com\/fr\/wp-json\/wp\/v2\/tags?post=662355"}],"curies":[{"name":"wp","href":"https:\/\/api.w.org\/{rel}","templated":true}]}}