{"id":662357,"date":"2026-01-14T06:54:11","date_gmt":"2026-01-14T06:54:11","guid":{"rendered":"https:\/\/www.europesays.com\/fr\/662357\/"},"modified":"2026-01-14T06:54:11","modified_gmt":"2026-01-14T06:54:11","slug":"lentree-au-louvre-passe-a-32-euros-pour-les-non-europeens-quels-sont-les-tarifs-des-autres-grands-musees-du-monde","status":"publish","type":"post","link":"https:\/\/www.europesays.com\/fr\/662357\/","title":{"rendered":"L\u2019entr\u00e9e au Louvre passe \u00e0 32 euros pour les non-Europ\u00e9ens, quels sont les tarifs des autres grands mus\u00e9es du monde\u00a0?"},"content":{"rendered":"<p>Am\u00e9ricains, Chinois ou Japonais paient d\u00e9sormais le prix fort dans plusieurs \u00e9tablissements culturels fran\u00e7ais par rapport aux visiteurs europ\u00e9ens. Depuis ce mercredi, les <a href=\"https:\/\/www.20minutes.fr\/societe\/4166009-20250805-surtourisme-partir-quand-exactement-considere-trop-touristes\" class=\"c-link c-link--is-underlined\" target=\"_blank\" rel=\"noopener\">touristes <\/a>extra-europ\u00e9ens s\u2019acquittent en effet de 32 euros pour d\u00e9couvrir les tr\u00e9sors du <a href=\"https:\/\/www.20minutes.fr\/arts-stars\/culture\/4195582-20260112-musee-louvre-ferme-lundi-raison-mouvement-greve\" class=\"c-link c-link--is-underlined\" target=\"_blank\" rel=\"noopener\">Louvre<\/a>, le mus\u00e9e le plus visit\u00e9 au monde. C\u2019est 45\u00a0% de plus que le prix d\u2019entr\u00e9e actuel, \u00e0 22 euros. L\u2019entr\u00e9e au ch\u00e2teau de <a href=\"https:\/\/www.20minutes.fr\/arts-stars\/culture\/2532163-20190605-500-ans-chambord-pourquoi-francois-ier-fascine-toujours-autant\" class=\"c-link c-link--is-underlined\" target=\"_blank\" rel=\"noopener\">Chambord <\/a>leur co\u00fbte 31 euros, soit 10 euros de plus qu\u2019aux r\u00e9sidents europ\u00e9ens.<\/p>\n<p>D\u00e9couvrez ci-dessous notre carte des tarifs pratiqu\u00e9s dans les grands mus\u00e9es internationaux. Cette s\u00e9lection, non exhaustive, s\u2019appuie sur des donn\u00e9es de fr\u00e9quentation et de notori\u00e9t\u00e9.<\/p>\n<p class=\"mb-m@xs text-l@xs\">En cliquant sur\u00ab J\u2019accepte \u00bb, vous acceptez le d\u00e9p\u00f4t de cookies par des services externes et aurez ainsi acc\u00e8s aux contenus de nos partenaires.<\/p>\n<p class=\"mb-xl@xs text-s@xs\">Plus d\u2019informations sur la page<a href=\"https:\/\/www.20minutes.fr\/gestion-cookies\" class=\"mx-xxs@xs color-ultramarine\" target=\"_blank\" rel=\"noopener\">Politique de gestion des cookies<\/a><\/p>\n<p>J\u2019accepte<\/p>\n<p>La tarification diff\u00e9renci\u00e9e des mus\u00e9es selon la nationalit\u00e9 est quasiment sans \u00e9quivalent en Europe et aux Etats-Unis. Au British Museum de Londres, o\u00f9 l\u2019entr\u00e9e est gratuite, au Rijksmuseum d\u2019Amsterdam ou au Prado de Madrid, les visiteurs paient le m\u00eame tarif quelle que soit leur origine g\u00e9ographique. Parmi les rares exceptions, le Met de New York permet aux r\u00e9sidents de cet Etat de fixer eux-m\u00eames leur prix d\u2019entr\u00e9e.<\/p>\n<\/p>\n<p>Avec sa nouvelle politique tarifaire, la France esp\u00e8re g\u00e9n\u00e9rer \u00ab\u00a020 \u00e0 30\u00a0millions d\u2019euros\u00a0\u00bb suppl\u00e9mentaires par an, selon les estimations du minist\u00e8re de la Culture.<\/p>\n<p><a href=\"https:\/\/www.20minutes.fr\/dossier\/musee\" class=\"c-link c-btn c-btn--primary\" target=\"_blank\" rel=\"noopener\">Le dossier Mus\u00e9es<\/a><\/p>\n<p>Ces fonds seront notamment allou\u00e9s au colossal chantier de r\u00e9novation du Louvre voulu par Emmanuel Macron, \u00e9valu\u00e9 \u00e0 plus d\u2019un milliard d\u2019euros.<\/p>\n","protected":false},"excerpt":{"rendered":"Am\u00e9ricains, Chinois ou Japonais paient d\u00e9sormais le prix fort dans plusieurs \u00e9tablissements culturels fran\u00e7ais par rapport aux visiteurs&hellip;\n","protected":false},"author":2,"featured_media":662358,"comment_status":"","ping_status":"","sticky":false,"template":"","format":"standard","meta":{"footnotes":""},"categories":[1358],"tags":[1348,1384,1385,251,1386,58,59,1011,27,11274,3048,24334,602],"class_list":{"0":"post-662357","1":"post","2":"type-post","3":"status-publish","4":"format-standard","5":"has-post-thumbnail","7":"category-arts-et-design","8":"tag-arts","9":"tag-arts-and-design","10":"tag-arts-et-design","11":"tag-culture","12":"tag-design","13":"tag-divertissement","14":"tag-entertainment","15":"tag-fr","16":"tag-france","17":"tag-louvre","18":"tag-musee","19":"tag-tarif","20":"tag-tourisme"},"share_on_mastodon":{"url":"https:\/\/pubeurope.com\/@fr\/115892142907260735","error":""},"_links":{"self":[{"href":"https:\/\/www.europesays.com\/fr\/wp-json\/wp\/v2\/posts\/662357","targetHints":{"allow":["GET"]}}],"collection":[{"href":"https:\/\/www.europesays.com\/fr\/wp-json\/wp\/v2\/posts"}],"about":[{"href":"https:\/\/www.europesays.com\/fr\/wp-json\/wp\/v2\/types\/post"}],"author":[{"embeddable":true,"href":"https:\/\/www.europesays.com\/fr\/wp-json\/wp\/v2\/users\/2"}],"replies":[{"embeddable":true,"href":"https:\/\/www.europesays.com\/fr\/wp-json\/wp\/v2\/comments?post=662357"}],"version-history":[{"count":0,"href":"https:\/\/www.europesays.com\/fr\/wp-json\/wp\/v2\/posts\/662357\/revisions"}],"wp:featuredmedia":[{"embeddable":true,"href":"https:\/\/www.europesays.com\/fr\/wp-json\/wp\/v2\/media\/662358"}],"wp:attachment":[{"href":"https:\/\/www.europesays.com\/fr\/wp-json\/wp\/v2\/media?parent=662357"}],"wp:term":[{"taxonomy":"category","embeddable":true,"href":"https:\/\/www.europesays.com\/fr\/wp-json\/wp\/v2\/categories?post=662357"},{"taxonomy":"post_tag","embeddable":true,"href":"https:\/\/www.europesays.com\/fr\/wp-json\/wp\/v2\/tags?post=662357"}],"curies":[{"name":"wp","href":"https:\/\/api.w.org\/{rel}","templated":true}]}}