{"id":662361,"date":"2026-01-14T06:57:12","date_gmt":"2026-01-14T06:57:12","guid":{"rendered":"https:\/\/www.europesays.com\/fr\/662361\/"},"modified":"2026-01-14T06:57:12","modified_gmt":"2026-01-14T06:57:12","slug":"musique-daniel-balavoine-nous-quittait-il-y-a-pile-40-ans","status":"publish","type":"post","link":"https:\/\/www.europesays.com\/fr\/662361\/","title":{"rendered":"Musique: Daniel Balavoine nous quittait il y a pile 40 ans"},"content":{"rendered":"<p>Publi\u00e914. janvier 2026, 06:12<\/p>\n<p>Musique: Daniel Balavoine nous quittait il y a pile 40 ans<\/p>\n<p>Celui \u00e0 qui l&rsquo;on doit \u00abJe ne suis pas un h\u00e9ros\u00bb, \u00abSauver l&rsquo;amour\u00bb ou encore \u00abL&rsquo;Aziza\u00bb \u00e9tait une star engag\u00e9e. Il n&rsquo;avait que 33 ans lorsqu&rsquo;il s&rsquo;en est all\u00e9 tragiquement.<\/p>\n<p><img decoding=\"async\" alt=\"Laurent Siebenmann\" src=\"https:\/\/www.europesays.com\/fr\/wp-content\/uploads\/2026\/01\/dbd8d7ba-3528-4969-9fb1-0f36126cfc03.jpeg\" class=\"sc-b1f21c84-1 juVSAe\"\/><img loading=\"lazy\" decoding=\"async\" src=\"https:\/\/www.europesays.com\/fr\/wp-content\/uploads\/2026\/01\/4c4dbd80-ff2c-4816-bf77-ec11f54d68c4.webp.jpeg\" alt=\"Daniel Balavoine s'en est all\u00e9 il y a 40 ans, le 14 janvier 1986, \u00e0 33 ans.\" title=\"Daniel Balavoine s'en est all\u00e9 il y a 40 ans, le 14 janvier 1986, \u00e0 33 ans.\"  width=\"962\" height=\"503\"\/><\/p>\n<p>Daniel Balavoine s&rsquo;en est all\u00e9 il y a 40 ans, le 14 janvier 1986, \u00e0 33 ans.<\/p>\n<p>Capture \u00e9cran RTBF<\/p>\n<p>C&rsquo;est peu dire que la nouvelle avait, \u00e0 l&rsquo;\u00e9poque, cr\u00e9\u00e9 un choc pour toute une g\u00e9n\u00e9ration: le 14 janvier 1986, on apprenait la mort accidentelle de Daniel Balavoine. \u00c0 33 ans, le chanteur fran\u00e7ais &#8211; dont la chanson \u00abL&rsquo;Aziza\u00bb \u00e9tait alors multidiffus\u00e9e sur toutes les radios &#8211; suivait le Paris-Dakar non pas comme concurrent mais comme ambassadeur d&rsquo;une action humanitaire qui souhaitait installer des pompes \u00e0 eaux dans des villages africains, Paris du coeur.<\/p>\n<p>Ce funeste 14 janvier, Daniel Balavoine prend place, en d\u00e9but de soir\u00e9e, dans l&rsquo;h\u00e9licopt\u00e8re du patron du Paris-Dakar, Thierry Sabine. Ce dernier, \u00e0 bord, embarque \u00e9galement la journaliste de \u00abVSD\u00bb Nathalie Odent et le technicien radio Jean-Paul Le Fur. L&rsquo;appareil, pilot\u00e9 par le Suisse Fran\u00e7ois-Xavier Bagnoud, d\u00e9colle. Et finira plus tard par s&rsquo;\u00e9craser, apr\u00e8s avoir accroch\u00e9 une dune rendue peu visible par des conditions venteuses, une temp\u00eate de sable et l&rsquo;obscurit\u00e9. Aucun des passagers ne survit au crash.<\/p>\n<p>Des tubes&#8230;<\/p>\n<p>En France et dans tous les pays francophones, l&rsquo;\u00e9motion est immense, face \u00e0 ce tragique coup du destin. Car Daniel Balavoine \u00e9tait au moment de sa disparition l&rsquo;idole de toute une g\u00e9n\u00e9ration. Et sans doute au sommet de sa trop courte carri\u00e8re. Il s&rsquo;\u00e9tait fait conna\u00eetre \u00e0 la fin des ann\u00e9es 1970 gr\u00e2ce \u00e0 son troisi\u00e8me album, \u00abLe chanteur\u00bb, et \u00e0 sa participation \u00e0 la com\u00e9die musicale \u00abStarmania\u00bb o\u00f9 sa voix perch\u00e9e faisait merveille.<\/p>\n<p>Daniel Balavoine a ensuite encha\u00een\u00e9 les succ\u00e8s dont certains restent encore des tubes ind\u00e9modables dont les radios actuelles raffolent: \u00abMon fils, ma bataille\u00bb, \u00abJe ne suis pas un h\u00e9ros\u00bb, \u00abPour la femme veuve qui s&rsquo;\u00e9veille\u00bb, \u00abLa vie ne m&rsquo;apprend rien\u00bb, \u00abTous les cris les SOS\u00bb, \u00abSauver l&rsquo;amour\u00bb ou encore \u00abL&rsquo;Aziza\u00bb sonnent comme autant d&rsquo;appels \u00e0 l&rsquo;amour, \u00e0 la solidarit\u00e9. Et \u00e0 l&rsquo;amiti\u00e9 et le respect entre les peuples.<\/p>\n<p>&#8230;et des combats<\/p>\n<p>Car Daniel Balavoine \u00e9tait un chanteur engag\u00e9. Tr\u00e8s conscient, pour son jeune \u00e2ge, des d\u00e9rives de son \u00e9poque, il n&rsquo;h\u00e9sitait pas \u00e0 prendre position, \u00e0 d\u00e9fendre son point de vue. \u00c0 taper du poing sur la table, \u00e9galement, lorsqu&rsquo;il le fallait. Comme lors de sa c\u00e9l\u00e8bre intervention au journal d&rsquo;Antenne 2, face \u00e0 Fran\u00e7ois Mitterrand, alors Premier secr\u00e9taire du parti Socialiste, le 19 mars 1980, o\u00f9 il se f\u00eet le porte-parole d&rsquo;une jeunesse en pleine perte de rep\u00e8res politiques.<\/p>\n<p>\u00abJ&rsquo;ai le souvenir d&rsquo;un gar\u00e7on tr\u00e8s sympathique, raconte l&rsquo;ancien animateur de la T\u00e9l\u00e9vision suisse romande d&rsquo;alors et actuel chroniqueur du matin.ch Jean-Charles Simon. Je l&rsquo;avais rencontr\u00e9 \u00e0 Gen\u00e8ve dans le cadre d&rsquo;une \u00e9mission que j&rsquo;animais. C&rsquo;\u00e9tait peu apr\u00e8s son intervention face \u00e0 Mitterrand. Apr\u00e8s l&rsquo;interview d&rsquo;usage, nous avions bavard\u00e9 une bonne demi-heure en priv\u00e9 du r\u00f4le des artistes face aux politiques. Il avait pris le temps. Parfois, avec les gens que l&rsquo;on rencontre, \u00e7a accroche ou pas. L\u00e0, \u00e7a avait accroch\u00e9.\u00bb<\/p>\n<p>Conscient du monde dans lequel il \u00e9voluait, Daniel Balavoine voulait notamment se battre contre la famine qui s\u00e9vissait en Afrique, lorsqu&rsquo;il a \u00e9t\u00e9 fauch\u00e9 par la mort. Qu&rsquo;aurait-il fait, si sa vie n&rsquo;avait pas \u00e9t\u00e9 si tragiquement interrompue? Il aurait sans doute poursuivi ses combats, sorti l&rsquo;album en anglais sur lequel il travaillait et serait rest\u00e9 probablement le no 1.<\/p>\n<p>1986&#8230; Une ann\u00e9e bien tragique qui allait voir, quelques mois apr\u00e8s la disparition de Daniel Balavoine, le d\u00e9c\u00e8s de Coluche, en juin. Puis celui de Thierry Le Luron, en novembre. Trois emp\u00eacheurs de tourner en rond, chacun dans son style, dont on aurait encore eu bien besoin aujourd&rsquo;hui.<\/p>\n","protected":false},"excerpt":{"rendered":"Publi\u00e914. janvier 2026, 06:12 Musique: Daniel Balavoine nous quittait il y a pile 40 ans Celui \u00e0 qui&hellip;\n","protected":false},"author":2,"featured_media":662362,"comment_status":"","ping_status":"","sticky":false,"template":"","format":"standard","meta":{"footnotes":""},"categories":[1355],"tags":[58,59,1011,27,1361,873],"class_list":{"0":"post-662361","1":"post","2":"type-post","3":"status-publish","4":"format-standard","5":"has-post-thumbnail","7":"category-musique","8":"tag-divertissement","9":"tag-entertainment","10":"tag-fr","11":"tag-france","12":"tag-music","13":"tag-musique"},"share_on_mastodon":{"url":"https:\/\/pubeurope.com\/@fr\/115892154866810046","error":""},"_links":{"self":[{"href":"https:\/\/www.europesays.com\/fr\/wp-json\/wp\/v2\/posts\/662361","targetHints":{"allow":["GET"]}}],"collection":[{"href":"https:\/\/www.europesays.com\/fr\/wp-json\/wp\/v2\/posts"}],"about":[{"href":"https:\/\/www.europesays.com\/fr\/wp-json\/wp\/v2\/types\/post"}],"author":[{"embeddable":true,"href":"https:\/\/www.europesays.com\/fr\/wp-json\/wp\/v2\/users\/2"}],"replies":[{"embeddable":true,"href":"https:\/\/www.europesays.com\/fr\/wp-json\/wp\/v2\/comments?post=662361"}],"version-history":[{"count":0,"href":"https:\/\/www.europesays.com\/fr\/wp-json\/wp\/v2\/posts\/662361\/revisions"}],"wp:featuredmedia":[{"embeddable":true,"href":"https:\/\/www.europesays.com\/fr\/wp-json\/wp\/v2\/media\/662362"}],"wp:attachment":[{"href":"https:\/\/www.europesays.com\/fr\/wp-json\/wp\/v2\/media?parent=662361"}],"wp:term":[{"taxonomy":"category","embeddable":true,"href":"https:\/\/www.europesays.com\/fr\/wp-json\/wp\/v2\/categories?post=662361"},{"taxonomy":"post_tag","embeddable":true,"href":"https:\/\/www.europesays.com\/fr\/wp-json\/wp\/v2\/tags?post=662361"}],"curies":[{"name":"wp","href":"https:\/\/api.w.org\/{rel}","templated":true}]}}