{"id":66237,"date":"2025-05-01T06:18:10","date_gmt":"2025-05-01T06:18:10","guid":{"rendered":"https:\/\/www.europesays.com\/fr\/66237\/"},"modified":"2025-05-01T06:18:10","modified_gmt":"2025-05-01T06:18:10","slug":"deux-activistes-dextinction-rebellion-juges-pour-des-decrochages-daffiches-publicitaires-a-bordeaux","status":"publish","type":"post","link":"https:\/\/www.europesays.com\/fr\/66237\/","title":{"rendered":"Deux activistes d&rsquo;Extinction Rebellion jug\u00e9s pour des d\u00e9crochages d&rsquo;affiches publicitaires \u00e0 Bordeaux"},"content":{"rendered":"<p class=\"wp-block-post-excerpt__excerpt\">Les deux activistes seront jug\u00e9s au tribunal judiciaire de Bordeaux le 9 mai pour des faits de d\u00e9crochages et de d\u00e9gradation d\u2019affiches publicitaires remontant \u00e0 2019 et 2020. L\u2019entreprise\u00a0d\u2019enseigne et de signal\u00e9tique Light Air et la Chambre de Commerce et d\u2019Industrie de la Gironde demandent 94 000 euros de d\u00e9dommagements. <\/p>\n<p><a href=\"https:\/\/rue89bordeaux.com\/category\/actualite\/\" rel=\"tag noopener\" target=\"_blank\">Actualit\u00e9<\/a>, <a href=\"https:\/\/rue89bordeaux.com\/category\/kiosque-abonne\/\" rel=\"tag noopener\" target=\"_blank\">\u00c9dition abonn\u00e9s<\/a><\/p>\n<p>Margaux B\u00e9gards<\/p>\n<p>Publi\u00e9 le 1 mai 2025\u00a0\u00a0\u00b7\u00a0\u00a0<\/p>\n<p>Imprim\u00e9 le 1er mai 2025 \u00e0 08h18\u00a0\u00a0\u00b7\u00a0\u00a0<\/p>\n<p>\t\t\t\t\t3\u00a0minutes\n<\/p>\n<p>En F\u00e9vrier 2020, sur la fa\u00e7ade du Palais de la Bourse, Brad Pitt se faisait crever un \u0153il alors qu\u2019il \u00e9tait utilis\u00e9 pour venter les m\u00e9rites d\u2019une banque. Si l\u2019acteur am\u00e9ricain n\u2019en conserve aucune s\u00e9quelle, la soci\u00e9t\u00e9 Light Air et la Chambre de Commerce et d\u2019Industrie de la Gironde (CCI) gardent, quant \u00e0 elles, un souvenir am\u00e8re de la d\u00e9gradation de leur affiche.<\/p>\n<p>Ce que les activistes d\u2019Extinction Rebellion (XR) d\u00e9signent comme \u00e9tant de \u00ab\u00a0l\u2019artvertising\u00a0\u00bb consiste \u00e0 d\u00e9tourner des affiches publicitaires en revendications politiques et\/ou \u00e9cologiques. Ainsi, pour six faits de d\u00e9crochages et d\u00e9gradations d\u2019affiches publicitaires s\u2019\u00e9tant d\u00e9roul\u00e9s entre novembre 2019 et f\u00e9vrier 2020 Place de la Bourse, deux militants seront jug\u00e9s le 9 mai prochain au Tribunal judiciaire de Bordeaux.<\/p>\n<blockquote class=\"wp-block-quote is-layout-flow wp-block-quote-is-layout-flow\">\n<p>\u00ab\u00a0Je ne reconnais pas une d\u00e9gradation mais je reconnais une aggradation, c\u2019est le contraire d\u2019une d\u00e9gradation, t\u00e9moigne Alex Mahfoudhi, l\u2019un des deux pr\u00e9venus. Il y avait une vilaine affiche et un beau monument : j\u2019ai retir\u00e9 l\u2019affiche pour r\u00e9v\u00e9ler le monument. \u00c7a va \u00eatre un peu \u00e7a, le cheval de bataille du proc\u00e8s.\u00a0\u00bb<\/p>\n<\/blockquote>\n<p>Lisez la suite pour 1\u20ac<\/p>\n<p>En profitant de notre offre d\u2019essai, r\u00e9siliable en ligne \u00e0 tout moment.<\/p>\n<p><strong>Pour acc\u00e9der \u00e0 cet article, il faut \u00eatre abonn\u00e9. Pourquoi\u00a0?<\/strong><\/p>\n<p>Les informations exclusives, les enqu\u00eates et certains reportages constituent l\u2019\u00e9dition abonn\u00e9s de Rue89 Bordeaux. En tant que m\u00e9dia ind\u00e9pendant, nos ressources proviennent de nos lectrices et lecteurs abonn\u00e9s, aucun milliardaire ni groupe bancaire ne nous finance.<\/p>\n<p>Nous demandons \u00e0 nos lecteurs une faible contribution pour disposer \u00e0 Bordeaux d\u2019un m\u00e9dia critique des pouvoirs, capable d\u2019enqu\u00eater et de traiter les enjeux locaux en profondeur et dans la dur\u00e9e.<\/p>\n<p>Chaque abonnement compte. Toutes nos recettes sont investies dans un journalisme local ind\u00e9pendant, dont la force et la r\u00e9activit\u00e9 d\u00e9pend directement du nombre d\u2019abonn\u00e9s actifs.<\/p>\n<p class=\"has-text-align-right\"><strong><a href=\"https:\/\/rue89bordeaux.com\/?p=128375\" data-type=\"page\" data-id=\"0\" target=\"_blank\" rel=\"noopener\">Je m\u2019abonne\u00a0 <\/a><\/strong><\/p>\n<p>\t\t\t<a href=\"https:\/\/rue89bordeaux.com\/\" class=\"custom-logo-link\" rel=\"home noopener\" target=\"_blank\"><img loading=\"lazy\" decoding=\"async\" width=\"290\" height=\"49\" src=\"https:\/\/www.europesays.com\/fr\/wp-content\/uploads\/2025\/04\/logo.png\" class=\"custom-logo\" alt=\"Rue89Bordeaux Enqu\u00eates et informations de proximit\u00e9\"  \/><\/a><\/p>\n<p>\n\t\t\t\tAbonnez-vous maintenant pour suivre l\u2019actualit\u00e9 locale.\t\t\t<\/p>\n<p class=\"font-bold font-serif-heading mb-2 text-4xl\">\n\t\t\t\t\t\tL\u2019investigation locale \u00e0 port\u00e9e de main.\n\t\t\t\t\t<\/p>\n<p>\n\t\t\t\t\t\tAbonnez-vous et profitez d\u2019un acc\u00e8s illimit\u00e9 \u00e0 Rue89Bordeaux. Annulez quand vous voulez.\n\t\t\t\t\t<\/p>\n<p class=\"xl:text-sm\">\n\t\t\t\t\tD\u00e9j\u00e0 abonn\u00e9\u00a0?<br \/>\n\t\t\t\t\t<a class=\"border border-transparent text-center transition-colors duration-instant focus:border-info focus:rounded focus:shadow-focus cursor-pointer text-black hover:text-gray-700 active:bg-black-700 font-semibold inline-block\" href=\"https:\/\/rue89bordeaux.com\/user\/login\/?redirect=\/2025\/05\/deux-activistes-dextinction-rebellion-juges-pour-des-decrochages-daffiches-publicitaires-a-bordeaux\/\" target=\"_blank\" rel=\"noopener\">Connectez-vous<\/a>\t\t\t\t<\/p>\n<p>\n\t\t\t\tChoisissez votre formule\u00a0:\n\t\t\t<\/p>\n<p>\t\t\t\tFermer<\/p>\n","protected":false},"excerpt":{"rendered":"Les deux activistes seront jug\u00e9s au tribunal judiciaire de Bordeaux le 9 mai pour des faits de d\u00e9crochages&hellip;\n","protected":false},"author":2,"featured_media":66238,"comment_status":"","ping_status":"","sticky":false,"template":"","format":"standard","meta":{"footnotes":""},"categories":[2817],"tags":[1111,11,1997,16669,1777,674,8199,1011,27,303,12,2219,16670,25],"class_list":{"0":"post-66237","1":"post","2":"type-post","3":"status-publish","4":"format-standard","5":"has-post-thumbnail","7":"category-bordeaux","8":"tag-actu","9":"tag-actualites","10":"tag-bordeaux","11":"tag-cci-bordeaux-gironde","12":"tag-eu","13":"tag-europe","14":"tag-extinction-rebellion","15":"tag-fr","16":"tag-france","17":"tag-justice","18":"tag-news","19":"tag-nouvelle-aquitaine","20":"tag-place-de-la-bourse","21":"tag-republique-francaise"},"share_on_mastodon":{"url":"https:\/\/pubeurope.com\/@fr\/114431125298218833","error":""},"_links":{"self":[{"href":"https:\/\/www.europesays.com\/fr\/wp-json\/wp\/v2\/posts\/66237","targetHints":{"allow":["GET"]}}],"collection":[{"href":"https:\/\/www.europesays.com\/fr\/wp-json\/wp\/v2\/posts"}],"about":[{"href":"https:\/\/www.europesays.com\/fr\/wp-json\/wp\/v2\/types\/post"}],"author":[{"embeddable":true,"href":"https:\/\/www.europesays.com\/fr\/wp-json\/wp\/v2\/users\/2"}],"replies":[{"embeddable":true,"href":"https:\/\/www.europesays.com\/fr\/wp-json\/wp\/v2\/comments?post=66237"}],"version-history":[{"count":0,"href":"https:\/\/www.europesays.com\/fr\/wp-json\/wp\/v2\/posts\/66237\/revisions"}],"wp:featuredmedia":[{"embeddable":true,"href":"https:\/\/www.europesays.com\/fr\/wp-json\/wp\/v2\/media\/66238"}],"wp:attachment":[{"href":"https:\/\/www.europesays.com\/fr\/wp-json\/wp\/v2\/media?parent=66237"}],"wp:term":[{"taxonomy":"category","embeddable":true,"href":"https:\/\/www.europesays.com\/fr\/wp-json\/wp\/v2\/categories?post=66237"},{"taxonomy":"post_tag","embeddable":true,"href":"https:\/\/www.europesays.com\/fr\/wp-json\/wp\/v2\/tags?post=66237"}],"curies":[{"name":"wp","href":"https:\/\/api.w.org\/{rel}","templated":true}]}}