{"id":662384,"date":"2026-01-14T07:11:39","date_gmt":"2026-01-14T07:11:39","guid":{"rendered":"https:\/\/www.europesays.com\/fr\/662384\/"},"modified":"2026-01-14T07:11:39","modified_gmt":"2026-01-14T07:11:39","slug":"remiremont-cafe-bd-samedi-14-fevrier-2026","status":"publish","type":"post","link":"https:\/\/www.europesays.com\/fr\/662384\/","title":{"rendered":"Remiremont \u2013 Caf\u00e9 BD samedi 14 f\u00e9vrier 2026"},"content":{"rendered":"<p>\t\t\t<img loading=\"lazy\" width=\"930\" height=\"450\" src=\"https:\/\/www.europesays.com\/fr\/wp-content\/uploads\/2026\/01\/Cafe-BD-2026-mail-e1768000628988.jpg\" class=\"attachment-apostrophe-2-featured size-apostrophe-2-featured wp-post-image\" alt=\"\" decoding=\"async\" data-attachment-id=\"310544\" data-permalink=\"https:\/\/remiremontvallees.com\/2026\/01\/10\/remiremont-cafe-bd-samedi-14-fevrier-2026\/cafe-bd-2026-mail\/\" data-orig-file=\"https:\/\/i0.wp.com\/remiremontvallees.com\/wp-content\/uploads\/2026\/01\/Cafe-BD-2026-mail-e1768000628988.jpg?fit=498%2C705&amp;ssl=1\" data-orig-size=\"498,705\" data-comments-opened=\"1\" data-image-meta=\"{&quot;aperture&quot;:&quot;0&quot;,&quot;credit&quot;:&quot;&quot;,&quot;camera&quot;:&quot;&quot;,&quot;caption&quot;:&quot;&quot;,&quot;created_timestamp&quot;:&quot;0&quot;,&quot;copyright&quot;:&quot;&quot;,&quot;focal_length&quot;:&quot;0&quot;,&quot;iso&quot;:&quot;0&quot;,&quot;shutter_speed&quot;:&quot;0&quot;,&quot;title&quot;:&quot;&quot;,&quot;orientation&quot;:&quot;1&quot;}\" data-image-title=\"Caf\u00e9 BD 2026 \u2013 mail\" data-image-description=\"\" data-image-caption=\"\" data-medium-file=\"https:\/\/i0.wp.com\/remiremontvallees.com\/wp-content\/uploads\/2026\/01\/Cafe-BD-2026-mail-e1768000628988.jpg?fit=212%2C300&amp;ssl=1\" data-large-file=\"https:\/\/i0.wp.com\/remiremontvallees.com\/wp-content\/uploads\/2026\/01\/Cafe-BD-2026-mail-e1768000628988.jpg?fit=723%2C1023&amp;ssl=1\"\/>\t\t<\/p>\n<p>St\u00e9phane Godefroid, g\u00e9rant de la librairie de bandes dessin\u00e9es La Parenth\u00e8se (situ\u00e9e Cour des Arts \u00e0 Nancy) vient \u00e0 la m\u00e9diath\u00e8que pour une matin\u00e9e d\u2019\u00e9changes autour d\u2019un caf\u00e9.<\/p>\n<p>Il pr\u00e9sentera sa s\u00e9lection des albums de bandes dessin\u00e9es, comics ou mangas qui ont marqu\u00e9 ces derniers mois : un moment id\u00e9al pour piocher des id\u00e9es de lecture, pr\u00e9senter ses propres d\u00e9couvertes ou proposer des suggestions d\u2019acquisitions, le tout dans une ambiance conviviale.<\/p>\n<p>Rendez-vous samedi 14 f\u00e9vrier de 10 heures 00 \u00e0 12 heures 00 \u00e0 la m\u00e9diath\u00e8que intercommunale Le Cercle, \u00e0 Remiremont.<\/p>\n<p>\t\t\tPartager cet article sur le r\u00e9seau de votre choix :J\u2019aime \u00e7a\u00a0:<\/p>\n<p>J\u2019aime chargement\u2026<\/p>\n<p><a class=\"sd-link-color\"\/><\/p>\n<p>\n\tArticles similaires<\/p>\n","protected":false},"excerpt":{"rendered":"St\u00e9phane Godefroid, g\u00e9rant de la librairie de bandes dessin\u00e9es La Parenth\u00e8se (situ\u00e9e Cour des Arts \u00e0 Nancy) vient&hellip;\n","protected":false},"author":2,"featured_media":662385,"comment_status":"","ping_status":"","sticky":false,"template":"","format":"standard","meta":{"footnotes":""},"categories":[9635],"tags":[1111,11,1777,674,1011,27,775,1702,12,25],"class_list":{"0":"post-662384","1":"post","2":"type-post","3":"status-publish","4":"format-standard","5":"has-post-thumbnail","7":"category-nancy","8":"tag-actu","9":"tag-actualites","10":"tag-eu","11":"tag-europe","12":"tag-fr","13":"tag-france","14":"tag-grand-est","15":"tag-nancy","16":"tag-news","17":"tag-republique-francaise"},"share_on_mastodon":{"url":"https:\/\/pubeurope.com\/@fr\/115892209877806366","error":""},"_links":{"self":[{"href":"https:\/\/www.europesays.com\/fr\/wp-json\/wp\/v2\/posts\/662384","targetHints":{"allow":["GET"]}}],"collection":[{"href":"https:\/\/www.europesays.com\/fr\/wp-json\/wp\/v2\/posts"}],"about":[{"href":"https:\/\/www.europesays.com\/fr\/wp-json\/wp\/v2\/types\/post"}],"author":[{"embeddable":true,"href":"https:\/\/www.europesays.com\/fr\/wp-json\/wp\/v2\/users\/2"}],"replies":[{"embeddable":true,"href":"https:\/\/www.europesays.com\/fr\/wp-json\/wp\/v2\/comments?post=662384"}],"version-history":[{"count":0,"href":"https:\/\/www.europesays.com\/fr\/wp-json\/wp\/v2\/posts\/662384\/revisions"}],"wp:featuredmedia":[{"embeddable":true,"href":"https:\/\/www.europesays.com\/fr\/wp-json\/wp\/v2\/media\/662385"}],"wp:attachment":[{"href":"https:\/\/www.europesays.com\/fr\/wp-json\/wp\/v2\/media?parent=662384"}],"wp:term":[{"taxonomy":"category","embeddable":true,"href":"https:\/\/www.europesays.com\/fr\/wp-json\/wp\/v2\/categories?post=662384"},{"taxonomy":"post_tag","embeddable":true,"href":"https:\/\/www.europesays.com\/fr\/wp-json\/wp\/v2\/tags?post=662384"}],"curies":[{"name":"wp","href":"https:\/\/api.w.org\/{rel}","templated":true}]}}