{"id":662386,"date":"2026-01-14T07:12:24","date_gmt":"2026-01-14T07:12:24","guid":{"rendered":"https:\/\/www.europesays.com\/fr\/662386\/"},"modified":"2026-01-14T07:12:24","modified_gmt":"2026-01-14T07:12:24","slug":"site-officiel-de-las-nancy-lorraine-41","status":"publish","type":"post","link":"https:\/\/www.europesays.com\/fr\/662386\/","title":{"rendered":"Site officiel de l&rsquo;AS Nancy Lorraine"},"content":{"rendered":"<p>\t\t<a href=\"https:\/\/www.asnl.net\/\" class=\"page__contenu--outils-retour\" target=\"_blank\" rel=\"noopener\">Retour<\/a><\/p>\n<p>&#13;<br \/>\n\t\t\t\t\t\t\tArticles\u00a0\u00b7&#13;<br \/>\n\t\t\t\t\t\t13\/01\/2026 \u00e0 17:59\t\t<\/p>\n<p>&#13;<br \/>\n\t\t\t13\/01\/2026 \u2022 17:59\t\t<\/p>\n<p>\t\t\t\t<a href=\"https:\/\/www.asnl.net\/upload\/images\/modules\/actualites\/dsc01777.jpg\" rel=\"lightbox[article] noopener\" title=\"\" target=\"_blank\">&#13;<br \/>\n\t\t\t\t\t<img decoding=\"async\" src=\"https:\/\/www.europesays.com\/fr\/wp-content\/uploads\/2026\/01\/dsc01777_w1005_h0_r1_q90.jpg\" alt=\"\"\/>&#13;<br \/>\n\t\t\t\t\t\t\t\t\t<\/a><\/p>\n<p><strong>Hugo Barbier signe son premier contrat professionnel<\/strong><\/p>\n<p>N\u00e9 le 22 septembre 2004, Hugo Barbier, milieu de terrain, a sign\u00e9 ce jour son premier contrat professionnel avec l\u2019AS Nancy Lorraine. Le jeune milieu de terrain est d\u00e9sormais li\u00e9 au club pour les trois prochaines saisons.<\/p>\n<p>\u00a0<\/p>\n<p>Le club se f\u00e9licite de cette signature et souhaite \u00e0 Hugo pleine r\u00e9ussite sous les couleurs rouge et blanche. \ud83d\udc4a\ud83d\udd34\u26aa\ufe0f<\/p>\n<p>\u00a0<\/p>\n<p>#ASNL #coeur #renouveau<\/p>\n<p>\u00a0<\/p>\n<p>\u00a0<\/p>\n","protected":false},"excerpt":{"rendered":"Retour &#13; Articles\u00a0\u00b7&#13; 13\/01\/2026 \u00e0 17:59 &#13; 13\/01\/2026 \u2022 17:59 &#13; &#13; Hugo Barbier signe son premier contrat&hellip;\n","protected":false},"author":2,"featured_media":32816,"comment_status":"","ping_status":"","sticky":false,"template":"","format":"standard","meta":{"footnotes":""},"categories":[9635],"tags":[1111,11,1777,674,1011,27,775,1702,12,25],"class_list":{"0":"post-662386","1":"post","2":"type-post","3":"status-publish","4":"format-standard","5":"has-post-thumbnail","7":"category-nancy","8":"tag-actu","9":"tag-actualites","10":"tag-eu","11":"tag-europe","12":"tag-fr","13":"tag-france","14":"tag-grand-est","15":"tag-nancy","16":"tag-news","17":"tag-republique-francaise"},"share_on_mastodon":{"url":"https:\/\/pubeurope.com\/@fr\/115892213807495702","error":""},"_links":{"self":[{"href":"https:\/\/www.europesays.com\/fr\/wp-json\/wp\/v2\/posts\/662386","targetHints":{"allow":["GET"]}}],"collection":[{"href":"https:\/\/www.europesays.com\/fr\/wp-json\/wp\/v2\/posts"}],"about":[{"href":"https:\/\/www.europesays.com\/fr\/wp-json\/wp\/v2\/types\/post"}],"author":[{"embeddable":true,"href":"https:\/\/www.europesays.com\/fr\/wp-json\/wp\/v2\/users\/2"}],"replies":[{"embeddable":true,"href":"https:\/\/www.europesays.com\/fr\/wp-json\/wp\/v2\/comments?post=662386"}],"version-history":[{"count":0,"href":"https:\/\/www.europesays.com\/fr\/wp-json\/wp\/v2\/posts\/662386\/revisions"}],"wp:featuredmedia":[{"embeddable":true,"href":"https:\/\/www.europesays.com\/fr\/wp-json\/wp\/v2\/media\/32816"}],"wp:attachment":[{"href":"https:\/\/www.europesays.com\/fr\/wp-json\/wp\/v2\/media?parent=662386"}],"wp:term":[{"taxonomy":"category","embeddable":true,"href":"https:\/\/www.europesays.com\/fr\/wp-json\/wp\/v2\/categories?post=662386"},{"taxonomy":"post_tag","embeddable":true,"href":"https:\/\/www.europesays.com\/fr\/wp-json\/wp\/v2\/tags?post=662386"}],"curies":[{"name":"wp","href":"https:\/\/api.w.org\/{rel}","templated":true}]}}