{"id":662391,"date":"2026-01-14T07:15:09","date_gmt":"2026-01-14T07:15:09","guid":{"rendered":"https:\/\/www.europesays.com\/fr\/662391\/"},"modified":"2026-01-14T07:15:09","modified_gmt":"2026-01-14T07:15:09","slug":"un-homme-de-21-ans-retrouve-mort-pendu-a-un-grillage-enquete-et-autopsie","status":"publish","type":"post","link":"https:\/\/www.europesays.com\/fr\/662391\/","title":{"rendered":"un homme de 21 ans retrouv\u00e9 mort pendu \u00e0 un grillage, enqu\u00eate et autopsie"},"content":{"rendered":"<p>                    Par<br \/>\n        <strong><br \/>\n            <a href=\"https:\/\/actu.fr\/auteur\/jm-aubert\" title=\"Consulter tous les articles de Jean-Marc Aubert\" target=\"_blank\" rel=\"noopener\">Jean-Marc Aubert<\/a><br \/>\n                    <\/strong><\/p>\n<p>        Publi\u00e9 le<\/p>\n<p>            14 janv. 2026 \u00e0 7h47<br \/>\n        ; mis \u00e0 jour le 14 janv. 2026 \u00e0 8h02    <\/p>\n<p>Horrible d\u00e9couverte pour un pi\u00e9ton, ce mardi matin, sur le parking de la Mosson, entre le stade et le pont de Juvignac, \u00e0 <strong>Montpellier<\/strong> : un homme \u00e9tait d\u00e9c\u00e9d\u00e9, pendu \u00e0 un grillage. Une affaire qui conserve tout son myst\u00e8re pour l\u2019heure, m\u00eame si la victime \u00e2g\u00e9e de 21 ans est identifi\u00e9e.<\/p>\n<p>    <a href=\"https:\/\/www.google.com\/maps\/embed?pb=!1m18!1m12!1m3!1d2888.510134202083!2d3.8170411!3d43.616740300000004!2m3!1f0!2f0!3f0!3m2!1i1024!2i768!4f13.1!3m3!1m2!1s0x12b6ac2e6997192b%3A0x516cb9bafbe9e439!2sChem.%20de%20La%20Font%20Du%20Roy%2C%2034080%20Montpellier!5e0!3m2!1sfr!2sfr!4v1768373098241!5m2!1sfr!2sfr\" title=\"Ouvrie le lien\" target=\"_blank\" rel=\"noopener\">Cliquez ici pour visualiser le contenu<\/a><\/p>\n<p class=\" wall-content\">Ce mardi 13 janvier 2025, vers 9h30, un pi\u00e9ton qui empruntait le chemin de la Fontaine du Roy, non loin des berges de la Mosson, le long du parking dit du March\u00e9 aux Fleurs, dans le quartier de la Mosson-la Paillade a fait une macabre d\u00e9couverte : un homme \u00e9tait pendu \u00e0 un grillage. Ses chaussures ne touchaient pas le sol, comme s\u2019il avait \u00e9t\u00e9 accroch\u00e9 par le haut. Il a aussit\u00f4t donn\u00e9 l\u2019alerte \u00e0 <strong>police secours<\/strong> et aux sapeurs-pompiers du <strong>Sdis 34<\/strong>, tandis que des urgentistes du <strong>Smur-Samu<\/strong>\u00a0d\u00e9p\u00each\u00e9s du CHU intervenaient \u00e9galement sur place.<\/p>\n<p class=\" wall-content\">Le malheureux n\u2019a pas pu \u00eatre r\u00e9anim\u00e9 en d\u00e9pit de massages cardiaques prodigu\u00e9s par les secouristes et son d\u00e9c\u00e8s a \u00e9t\u00e9 constat\u00e9 sur place. Le m\u00e9decin du Samu a pos\u00e9 un obstacle m\u00e9dico-l\u00e9gal sur ce d\u00e9c\u00e8s jug\u00e9 suspect et une autopsie va \u00eatre pratiqu\u00e9e au D\u00e9partement de m\u00e9decine l\u00e9gale \u00e0 l\u2019h\u00f4pital Lapeyronie pour d\u00e9terminer sa cause : <strong>suicide<\/strong> ? <strong>accident<\/strong> ? <strong>intervention d\u2019un tiers<\/strong> ?<\/p>\n<p class=\" wall-content\">Les m\u00e9decins l\u00e9gistes vont devoir \u00e9tablir l\u2019heure approximative de la mort : remonte t-elle \u00e0 la nuit ? au petit matin ? un peu avant que la victime ait \u00e9t\u00e9 retrouv\u00e9e par le t\u00e9moin ? Et si des traces suspectes figurent sur le corps.<\/p>\n<p>Vid\u00e9os : en ce moment sur Actu<\/p>\n<p class=\" wall-content\">Ce Montpelli\u00e9rain \u00e2g\u00e9 de 21 ans a pu \u00eatre identifi\u00e9 gr\u00e2ce \u00e0 des papiers d\u2019identit\u00e9 qu\u2019il portait sur lui. L\u2019enqu\u00eate est men\u00e9e par le<strong> Service local de police judiciaire<\/strong> -Slpj- et supervis\u00e9e par le parquet de Montpellier.<\/p>\n<p class=\" wall-content\">Personnalisez votre actualit\u00e9 en ajoutant vos villes et m\u00e9dias en favori avec <a href=\"https:\/\/moncompte.actu.fr\" title=\"D\u00e9couvez Mon Actu\" rel=\"nofollow noopener\" data-trk=\"{&quot;cta&quot;:{&quot;action&quot;:&quot;https:\\\/\\\/moncompte.actu.fr&quot;,&quot;category&quot;:&quot;mon compte&quot;,&quot;from&quot;:&quot;article footer&quot;,&quot;name&quot;:&quot;Mon actu&quot;,&quot;type&quot;:&quot;cta&quot;}}\" target=\"_blank\">Mon Actu<\/a>.<\/p>\n","protected":false},"excerpt":{"rendered":"Par Jean-Marc Aubert Publi\u00e9 le 14 janv. 2026 \u00e0 7h47 ; mis \u00e0 jour le 14 janv. 2026&hellip;\n","protected":false},"author":2,"featured_media":662392,"comment_status":"","ping_status":"","sticky":false,"template":"","format":"standard","meta":{"footnotes":""},"categories":[9599],"tags":[1111,11,1777,674,118,1011,27,2208,12,2680,25],"class_list":{"0":"post-662391","1":"post","2":"type-post","3":"status-publish","4":"format-standard","5":"has-post-thumbnail","7":"category-montpellier","8":"tag-actu","9":"tag-actualites","10":"tag-eu","11":"tag-europe","12":"tag-faits-divers","13":"tag-fr","14":"tag-france","15":"tag-montpellier","16":"tag-news","17":"tag-occitanie","18":"tag-republique-francaise"},"share_on_mastodon":{"url":"https:\/\/pubeurope.com\/@fr\/115892225530752818","error":""},"_links":{"self":[{"href":"https:\/\/www.europesays.com\/fr\/wp-json\/wp\/v2\/posts\/662391","targetHints":{"allow":["GET"]}}],"collection":[{"href":"https:\/\/www.europesays.com\/fr\/wp-json\/wp\/v2\/posts"}],"about":[{"href":"https:\/\/www.europesays.com\/fr\/wp-json\/wp\/v2\/types\/post"}],"author":[{"embeddable":true,"href":"https:\/\/www.europesays.com\/fr\/wp-json\/wp\/v2\/users\/2"}],"replies":[{"embeddable":true,"href":"https:\/\/www.europesays.com\/fr\/wp-json\/wp\/v2\/comments?post=662391"}],"version-history":[{"count":0,"href":"https:\/\/www.europesays.com\/fr\/wp-json\/wp\/v2\/posts\/662391\/revisions"}],"wp:featuredmedia":[{"embeddable":true,"href":"https:\/\/www.europesays.com\/fr\/wp-json\/wp\/v2\/media\/662392"}],"wp:attachment":[{"href":"https:\/\/www.europesays.com\/fr\/wp-json\/wp\/v2\/media?parent=662391"}],"wp:term":[{"taxonomy":"category","embeddable":true,"href":"https:\/\/www.europesays.com\/fr\/wp-json\/wp\/v2\/categories?post=662391"},{"taxonomy":"post_tag","embeddable":true,"href":"https:\/\/www.europesays.com\/fr\/wp-json\/wp\/v2\/tags?post=662391"}],"curies":[{"name":"wp","href":"https:\/\/api.w.org\/{rel}","templated":true}]}}