{"id":662393,"date":"2026-01-14T07:16:14","date_gmt":"2026-01-14T07:16:14","guid":{"rendered":"https:\/\/www.europesays.com\/fr\/662393\/"},"modified":"2026-01-14T07:16:14","modified_gmt":"2026-01-14T07:16:14","slug":"tout-le-maroc-attend-la-victoire-le-montpellier-achraf-berriss-vit-un-reve-depuis-les-tribunes-des-stades-marocains","status":"publish","type":"post","link":"https:\/\/www.europesays.com\/fr\/662393\/","title":{"rendered":"\u00ab\u00a0Tout le Maroc attend la victoire\u00a0\u00bb, le Montpellier Achraf Berriss vit un r\u00eave depuis les tribunes des stades marocains"},"content":{"rendered":"<p>\n                                                                L\u2019attaquant de l\u2019Atlas Paillade, cr\u00e9ateur de contenus sur les r\u00e9seaux sociaux, assiste \u00e0 la Coupe d\u2019Afrique des Nations. Il sera \u00e0 Rabat pour la demi-finale entre le Maroc et le Nig\u00e9ria.\n                            <\/p>\n<p>Samedi dernier, Achraf Berriss ne faisait pas partie du groupe de l\u2019Atlas Paillade \u00e0 Lunel. Et pour cause, il assiste, en ce moment, \u00e0 la Coupe d\u2019Afrique des Nations au Maroc en tant que cr\u00e9ateur de contenus.<\/p>\n<p>Apr\u00e8s avoir v\u00e9cu dans les tribunes la phase de poules, il est rentr\u00e9 \u00e0 Montpellier pour reprendre l\u2019entra\u00eenement. Mais l\u2019appel de la ferveur populaire a \u00e9t\u00e9 plus fort, il a saut\u00e9 dans un avion pour suivre la suite de la comp\u00e9tition avec ses amis Adel et Moussa. \u00ab\u00a0M\u00eame si ce ne sont pas que des vacances, ce sont les meilleurs de ma vie, s\u2019exclame le Franco-Marocain qui vibre au rythme des exploits des Lions de l\u2019Atlas, le surnom des joueurs marocains. C\u2019est du travail avant tout, je montre ce que je vis autour des matchs. Je gagne de l\u2019argent gr\u00e2ce aux r\u00e9seaux sociaux. Je suis pass\u00e9 de 180\u00a0000 followers sur TikTok avant la comp\u00e9tition \u00e0 210\u00a0000.\u00a0\u00bb<\/p>\n<p>Le natif de Bourg-en-Bresse dans l\u2019Ain \u00e2g\u00e9 de 34 ans s\u2019est lanc\u00e9 sur les r\u00e9seaux sociaux en 2018 lorsqu\u2019il joue au RCO Agde avec le joueur devenu influenceur Valentin Li\u00e9nard\u00a0: \u00ab\u00a0On a commenc\u00e9 \u00e0 se filmer et poster sur Instagram, explique-t-il. Nos communaut\u00e9s ont alors grandi. La saison 2022-2023 \u00e0 Jura Dolois Foot en National 2 a tout chang\u00e9 pour nous, Valentin a cartonn\u00e9 avec sa s\u00e9rie sur Youtube et moi j\u2019ai fait une tr\u00e8s belle saison, ce qui a pouss\u00e9 les gens \u00e0 continuer \u00e0 me suivre.\u00a0\u00bb<\/p>\n<p>\u00ab\u00a0Il fallait y \u00eatre\u00a0\u00bb<\/p>\n<p>Depuis il partage son quotidien sur les plateformes. Comme celui qu\u2019il vit actuellement\u00a0: \u00ab\u00a0La CAN est la comp\u00e9tition que toutes les personnes d\u2019origine africaine attendent. En plus, elle se passe au Maroc. Je me suis dit qu\u2019il fallait y \u00eatre et je me r\u00e9gale.\u00a0\u00bb<\/p>\n<p>Apr\u00e8s quelques jours pass\u00e9s \u00e0 Marrakech pour assister au quart de finale perdu par l\u2019Alg\u00e9rie, Achraf Berriss a rejoint Rabat pour la demi-finale entre son \u00e9quipe de c\u0153ur et le Nig\u00e9ria, mercredi (20h). \u00ab\u00a0Tout le pays attend la victoire. L\u2019ambiance au stade est diff\u00e9rente de tout ce que j\u2019ai pu voir avant, il faut la vivre pour la comprendre.\u00a0\u00bb<\/p>\n<p>Le Montpelli\u00e9rain a d\u00e9j\u00e0 ses places pour la finale qui pourrait bien \u00eatre l\u2019apoth\u00e9ose d\u2019un s\u00e9jour inoubliable pour lui et tous les supporters du Maroc.<\/p>\n","protected":false},"excerpt":{"rendered":"L\u2019attaquant de l\u2019Atlas Paillade, cr\u00e9ateur de contenus sur les r\u00e9seaux sociaux, assiste \u00e0 la Coupe d\u2019Afrique des Nations.&hellip;\n","protected":false},"author":2,"featured_media":662394,"comment_status":"","ping_status":"","sticky":false,"template":"","format":"standard","meta":{"footnotes":""},"categories":[9599],"tags":[1111,11,1777,674,63,1011,27,7089,2208,12,2680,25,517],"class_list":{"0":"post-662393","1":"post","2":"type-post","3":"status-publish","4":"format-standard","5":"has-post-thumbnail","7":"category-montpellier","8":"tag-actu","9":"tag-actualites","10":"tag-eu","11":"tag-europe","12":"tag-football","13":"tag-fr","14":"tag-france","15":"tag-herault","16":"tag-montpellier","17":"tag-news","18":"tag-occitanie","19":"tag-republique-francaise","20":"tag-sport"},"share_on_mastodon":{"url":"https:\/\/pubeurope.com\/@fr\/115892229497968898","error":""},"_links":{"self":[{"href":"https:\/\/www.europesays.com\/fr\/wp-json\/wp\/v2\/posts\/662393","targetHints":{"allow":["GET"]}}],"collection":[{"href":"https:\/\/www.europesays.com\/fr\/wp-json\/wp\/v2\/posts"}],"about":[{"href":"https:\/\/www.europesays.com\/fr\/wp-json\/wp\/v2\/types\/post"}],"author":[{"embeddable":true,"href":"https:\/\/www.europesays.com\/fr\/wp-json\/wp\/v2\/users\/2"}],"replies":[{"embeddable":true,"href":"https:\/\/www.europesays.com\/fr\/wp-json\/wp\/v2\/comments?post=662393"}],"version-history":[{"count":0,"href":"https:\/\/www.europesays.com\/fr\/wp-json\/wp\/v2\/posts\/662393\/revisions"}],"wp:featuredmedia":[{"embeddable":true,"href":"https:\/\/www.europesays.com\/fr\/wp-json\/wp\/v2\/media\/662394"}],"wp:attachment":[{"href":"https:\/\/www.europesays.com\/fr\/wp-json\/wp\/v2\/media?parent=662393"}],"wp:term":[{"taxonomy":"category","embeddable":true,"href":"https:\/\/www.europesays.com\/fr\/wp-json\/wp\/v2\/categories?post=662393"},{"taxonomy":"post_tag","embeddable":true,"href":"https:\/\/www.europesays.com\/fr\/wp-json\/wp\/v2\/tags?post=662393"}],"curies":[{"name":"wp","href":"https:\/\/api.w.org\/{rel}","templated":true}]}}