{"id":662395,"date":"2026-01-14T07:17:09","date_gmt":"2026-01-14T07:17:09","guid":{"rendered":"https:\/\/www.europesays.com\/fr\/662395\/"},"modified":"2026-01-14T07:17:09","modified_gmt":"2026-01-14T07:17:09","slug":"leducation-nationale-et-les-maires-defaillants-le-resume-de-notre-enquete","status":"publish","type":"post","link":"https:\/\/www.europesays.com\/fr\/662395\/","title":{"rendered":"l&rsquo;\u00c9ducation nationale et les maires d\u00e9faillants ? Le r\u00e9sum\u00e9 de notre enqu\u00eate"},"content":{"rendered":"<p>                    Par<br \/>\n        <strong><br \/>\n            <a href=\"https:\/\/actu.fr\/auteur\/valentin-lebosse\" title=\"Consulter tous les articles de Valentin Leboss\u00e9\" target=\"_blank\" rel=\"noopener\">Valentin Leboss\u00e9<\/a><br \/>\n                    <\/strong><\/p>\n<p>        Publi\u00e9 le<\/p>\n<p>            14 janv. 2026 \u00e0 7h16        <\/p>\n<p>Ayant \u00e9t\u00e9 massivement utilis\u00e9 dans la construction comme isolant (protection incendie, thermique et phonique), <strong>l\u2019amiante<\/strong> demeure tr\u00e8s r\u00e9pandu dans les b\u00e2timents publics. \u00c0 commencer par les <strong>\u00e9coles<\/strong>, coll\u00e8ges et lyc\u00e9es. En effet, plus de 80 % des \u00e9tablissements scolaires ont \u00e9t\u00e9 \u00e9difi\u00e9s avant 1997 et l\u2019interdiction de ce mat\u00e9riau reconnu <strong>canc\u00e9rog\u00e8ne<\/strong>.<\/p>\n<p>Amiante dans les \u00e9coles : profs et \u00e9l\u00e8ves en danger ?<\/p>\n<p class=\" wall-content\">Cach\u00e9es dans les murs, les dalles de sol, les tuyauteries ou encore les faux plafonds, les fibres d\u2019amiante \u2013 <strong>microscopiques et quasi indestructibles<\/strong> \u2013 ne repr\u00e9sentent pas un danger imm\u00e9diat tant qu\u2019elles sont calfeutr\u00e9es, affirment les sp\u00e9cialistes interrog\u00e9s par <a href=\"https:\/\/actu.fr\/enquetes-d-actu\" target=\"_blank\" rel=\"noopener\">Enqu\u00eates d\u2019actu<\/a>. Probl\u00e8me : les mat\u00e9riaux qui les contiennent, eux, ne sont pas \u00e9ternels. Ils finissent par se d\u00e9t\u00e9riorer. Au risque de lib\u00e9rer leur \u00ab poison \u00bb dans l\u2019air et sur les surfaces.<\/p>\n<p class=\" wall-content\">D\u2019o\u00f9 les obligations l\u00e9gales en mati\u00e8re <strong>de surveillance et d\u2019entretien du b\u00e2ti scolaire<\/strong> qui, dans le cas des \u00e9coles, s\u2019imposent aux <strong>communes<\/strong>, propri\u00e9taires des murs. Quant \u00e0 <strong>l\u2019\u00c9ducation nationale<\/strong>, il lui revient d\u2019assurer le <strong>suivi m\u00e9dical<\/strong> des enseignants et des \u00e9l\u00e8ves ayant pu \u00eatre expos\u00e9s \u00e0 l\u2019amiante dans les locaux qu\u2019elle occupe.<\/p>\n<p class=\" wall-content\">Mais dans cet enchev\u00eatrement de responsabilit\u00e9s, apparaissent des lacunes susceptibles de <strong>nuire \u00e0 la s\u00e9curit\u00e9 sanitaire<\/strong> des usagers (professeurs, \u00e9coliers, parents, agents territoriaux\u2026), ainsi que le montrent les trois chapitres de notre enqu\u00eate sur l\u2019amiante dans les \u00e9coles :<\/p>\n<ul class=\" wall-content\">\n<li><a href=\"https:\/\/actu.fr\/societe\/amiante-dans-les-ecoles-plus-de-la-moitie-des-etablissements-concernes-ne-seraient-pas-en-regle_63251589.html\" target=\"_blank\" rel=\"noopener\">Chapitre 1 : plus de la moiti\u00e9 des \u00e9coles concern\u00e9es ne seraient pas en r\u00e8gle<\/a>. D\u2019apr\u00e8s l\u2019enqu\u00eate nationale amiante en cours dans les \u00e9tablissements scolaires, moins de 50 % des \u00e9coles disposent des informations requises par la loi sur la surveillance des mat\u00e9riaux amiant\u00e9s.<\/li>\n<li><a href=\"https:\/\/actu.fr\/centre-val-de-loire\/dreux_28134\/des-travaux-faits-dans-l-opacite-amiante-dans-les-ecoles-polemique-sur-l-action-des-maires_63386402.html\" target=\"_blank\" rel=\"noopener\">Chapitre 2 : \u00ab des travaux faits dans l\u2019opacit\u00e9 \u00bb, pol\u00e9mique sur l\u2019action des maires<\/a>. Dans certaines \u00e9coles, enseignants et parents d\u2019\u00e9l\u00e8ves s\u2019inqui\u00e8tent de travaux jug\u00e9s non conformes \u00e0 la r\u00e8glementation sur l\u2019amiante et de leurs cons\u00e9quences sur la s\u00e9curit\u00e9 sanitaire des locaux.<\/li>\n<li><a href=\"https:\/\/actu.fr\/societe\/notre-suivi-medical-est-catastrophique-face-au-danger-de-l-amiante-l-education-nationale-defaillante_63493491.html\" target=\"_blank\" rel=\"noopener\">Chapitre 3 : \u00ab Notre suivi m\u00e9dical est catastrophique \u00bb<\/a>. Face au risque sanitaire que repr\u00e9sente l\u2019amiante dans les \u00e9tablissements scolaires, le suivi m\u00e9dical des enseignants et \u00e9l\u00e8ves expos\u00e9s s\u2019av\u00e8re d\u00e9faillant.<\/li>\n<\/ul>\n<p class=\" wall-content\">Personnalisez votre actualit\u00e9 en ajoutant vos villes et m\u00e9dias en favori avec <a href=\"https:\/\/moncompte.actu.fr\" title=\"D\u00e9couvez Mon Actu\" rel=\"nofollow noopener\" data-trk=\"{&quot;cta&quot;:{&quot;action&quot;:&quot;https:\\\/\\\/moncompte.actu.fr&quot;,&quot;category&quot;:&quot;mon compte&quot;,&quot;from&quot;:&quot;article footer&quot;,&quot;name&quot;:&quot;Mon actu&quot;,&quot;type&quot;:&quot;cta&quot;}}\" target=\"_blank\">Mon Actu<\/a>.<\/p>\n","protected":false},"excerpt":{"rendered":"Par Valentin Leboss\u00e9 Publi\u00e9 le 14 janv. 2026 \u00e0 7h16 Ayant \u00e9t\u00e9 massivement utilis\u00e9 dans la construction comme&hellip;\n","protected":false},"author":2,"featured_media":662396,"comment_status":"","ping_status":"","sticky":false,"template":"","format":"standard","meta":{"footnotes":""},"categories":[9587],"tags":[1111,11,101,4019,1777,674,1011,27,3434,12,5161,25,9590,104],"class_list":{"0":"post-662395","1":"post","2":"type-post","3":"status-publish","4":"format-standard","5":"has-post-thumbnail","7":"category-rouen","8":"tag-actu","9":"tag-actualites","10":"tag-cancer","11":"tag-ecoles","12":"tag-eu","13":"tag-europe","14":"tag-fr","15":"tag-france","16":"tag-municipales-2026","17":"tag-news","18":"tag-normandie","19":"tag-republique-francaise","20":"tag-rouen","21":"tag-societe"},"share_on_mastodon":{"url":"https:\/\/pubeurope.com\/@fr\/115892233430933719","error":""},"_links":{"self":[{"href":"https:\/\/www.europesays.com\/fr\/wp-json\/wp\/v2\/posts\/662395","targetHints":{"allow":["GET"]}}],"collection":[{"href":"https:\/\/www.europesays.com\/fr\/wp-json\/wp\/v2\/posts"}],"about":[{"href":"https:\/\/www.europesays.com\/fr\/wp-json\/wp\/v2\/types\/post"}],"author":[{"embeddable":true,"href":"https:\/\/www.europesays.com\/fr\/wp-json\/wp\/v2\/users\/2"}],"replies":[{"embeddable":true,"href":"https:\/\/www.europesays.com\/fr\/wp-json\/wp\/v2\/comments?post=662395"}],"version-history":[{"count":0,"href":"https:\/\/www.europesays.com\/fr\/wp-json\/wp\/v2\/posts\/662395\/revisions"}],"wp:featuredmedia":[{"embeddable":true,"href":"https:\/\/www.europesays.com\/fr\/wp-json\/wp\/v2\/media\/662396"}],"wp:attachment":[{"href":"https:\/\/www.europesays.com\/fr\/wp-json\/wp\/v2\/media?parent=662395"}],"wp:term":[{"taxonomy":"category","embeddable":true,"href":"https:\/\/www.europesays.com\/fr\/wp-json\/wp\/v2\/categories?post=662395"},{"taxonomy":"post_tag","embeddable":true,"href":"https:\/\/www.europesays.com\/fr\/wp-json\/wp\/v2\/tags?post=662395"}],"curies":[{"name":"wp","href":"https:\/\/api.w.org\/{rel}","templated":true}]}}