{"id":662408,"date":"2026-01-14T07:25:13","date_gmt":"2026-01-14T07:25:13","guid":{"rendered":"https:\/\/www.europesays.com\/fr\/662408\/"},"modified":"2026-01-14T07:25:13","modified_gmt":"2026-01-14T07:25:13","slug":"les-musees-de-strasbourg-et-de-leurometropole-ont-battu-des-records-de-frequentation-en-2025","status":"publish","type":"post","link":"https:\/\/www.europesays.com\/fr\/662408\/","title":{"rendered":"Les mus\u00e9es de Strasbourg et de l&rsquo;Eurom\u00e9tropole ont battu des records de fr\u00e9quentation en 2025"},"content":{"rendered":"<p>Les mus\u00e9es de l&rsquo;Eurom\u00e9tropole de Strasbourg sortent tout juste d&rsquo;une ann\u00e9e 2025 avec une fr\u00e9quentation en hausse. Presque 700 000 visiteurs sont pass\u00e9s dans les diff\u00e9rents \u00e9tablissements. <\/p>\n<p>Les mus\u00e9es de Strasbourg et de l&rsquo;Eurom\u00e9tropole font le plein de visiteurs. Quasiment 700 000 billets vendus en 2025 (696 174 exactement), ce qui est un record, m\u00eame avant Covid et <strong>en hausse de 7%<\/strong> par rapport \u00e0 2024. Avec des \u00e9tablissements qui sortent leur \u00e9pingle du jeu, notamment le mus\u00e9e zoologique qui, apr\u00e8s 6 ans de travaux, a accueilli plus de 68 000 personnes entre\u00a0<a class=\"IciLink ici-link IciArticleLink g-ici-body-regular-1 underline brand svelte-1chfe2s\" href=\"https:\/\/www.francebleu.fr\/infos\/culture-loisirs\/la-reouverture-du-musee-zoologique-de-strasbourg-du-neuf-dans-une-ambiance-restee-familiere-8490479\" target=\"_blank\" rel=\"noopener\">sa r\u00e9ouverture de septembre<\/a>\u00a0et le 31 d\u00e9cembre, soit plus que sur un an avant sa fermeture.<\/p>\n<p>Des mus\u00e9es qui se renouvellent<\/p>\n<p>Dans les all\u00e9es de ce dernier, les yeux de nombreux visiteurs brillent. \u00ab\u00a0\u00c7a faisait tr\u00e8s longtemps que je n&rsquo;\u00e9tais pas vu, mais \u00e7a m&rsquo;\u00e9merveille\u00a0\u00bb, s&rsquo;extasie Caroline, venue avec ses neveux. \u00ab\u00a0Je suis venue il y a tr\u00e8s longtemps, quand le mus\u00e9e n&rsquo;\u00e9tait pas r\u00e9nov\u00e9 et tr\u00e8s poussi\u00e9reux. Tout a chang\u00e9 et c&rsquo;est une tr\u00e8s tr\u00e8s belle r\u00e9alisation\u00a0: il y a toujours le sol qui craque et j&rsquo;adore \u00e7a\u00a0\u00bb, sourit de son c\u00f4t\u00e9 Arlette, heureuse de voir le rendu apr\u00e8s les travaux.<\/p>\n<p>Ainsi, la ville se f\u00e9licite de ces chiffres, et se r\u00e9jouit de voir que les \u00e9tablissements ont su se renouveler pour attirer \u00e0 nouveau du monde. \u00ab\u00a0Les mus\u00e9es ont d\u00e9velopp\u00e9 des formules parfois un peu originales de d\u00e9couvertes des expositions. Au Palais Rohan, vous pouvez faire du yoga par exemple. \u00c7a ne touche pas des masses consid\u00e9rables, mais \u00e7a incite \u00e0 d\u00e9couvrir autrement des expositions\u00a0\u00bb, d\u00e9crit Anne Mistler, adjointe \u00e0 la culture \u00e0 la mairie de Strasbourg.<\/p>\n<p>Les chiffres de la fr\u00e9quentation des mus\u00e9es de l&rsquo;Eurom\u00e9tropole de Strasbourg<\/p>\n<ul>\n<li>R\u00e9seau des mus\u00e9es\u00a0: 696 174 visiteurs et visiteuses accueillis en 2025 (+7%)<\/li>\n<li>Mus\u00e9e Zoologique\u00a0: 68 090 visiteurs et visiteuses depuis sa r\u00e9ouverture en septembre<\/li>\n<li>Palais Rohan\u00a0: 288 225 visiteurs et visiteuses (Mus\u00e9e Arch\u00e9ologique, Mus\u00e9e des Arts d\u00e9coratifs, Mus\u00e9e des Beaux-Arts et galerie Heitz) (+15%)<\/li>\n<li>Nuit des mus\u00e9es\u00a0: 14 621 visiteurs et visiteuses<\/li>\n<li>Journ\u00e9es du matrimoine et du patrimoine\u00a0: 25 111 visiteurs et visiteuses<\/li>\n<li>Site internet des mus\u00e9es\u00a0: 651 593 visiteurs uniques (+24%)<\/li>\n<\/ul>\n","protected":false},"excerpt":{"rendered":"Les mus\u00e9es de l&rsquo;Eurom\u00e9tropole de Strasbourg sortent tout juste d&rsquo;une ann\u00e9e 2025 avec une fr\u00e9quentation en hausse. Presque&hellip;\n","protected":false},"author":2,"featured_media":662409,"comment_status":"","ping_status":"","sticky":false,"template":"","format":"standard","meta":{"footnotes":""},"categories":[2820],"tags":[1111,11,1777,674,1011,27,775,12,25,640],"class_list":{"0":"post-662408","1":"post","2":"type-post","3":"status-publish","4":"format-standard","5":"has-post-thumbnail","7":"category-strasbourg","8":"tag-actu","9":"tag-actualites","10":"tag-eu","11":"tag-europe","12":"tag-fr","13":"tag-france","14":"tag-grand-est","15":"tag-news","16":"tag-republique-francaise","17":"tag-strasbourg"},"share_on_mastodon":{"url":"https:\/\/pubeurope.com\/@fr\/115892264765069091","error":""},"_links":{"self":[{"href":"https:\/\/www.europesays.com\/fr\/wp-json\/wp\/v2\/posts\/662408","targetHints":{"allow":["GET"]}}],"collection":[{"href":"https:\/\/www.europesays.com\/fr\/wp-json\/wp\/v2\/posts"}],"about":[{"href":"https:\/\/www.europesays.com\/fr\/wp-json\/wp\/v2\/types\/post"}],"author":[{"embeddable":true,"href":"https:\/\/www.europesays.com\/fr\/wp-json\/wp\/v2\/users\/2"}],"replies":[{"embeddable":true,"href":"https:\/\/www.europesays.com\/fr\/wp-json\/wp\/v2\/comments?post=662408"}],"version-history":[{"count":0,"href":"https:\/\/www.europesays.com\/fr\/wp-json\/wp\/v2\/posts\/662408\/revisions"}],"wp:featuredmedia":[{"embeddable":true,"href":"https:\/\/www.europesays.com\/fr\/wp-json\/wp\/v2\/media\/662409"}],"wp:attachment":[{"href":"https:\/\/www.europesays.com\/fr\/wp-json\/wp\/v2\/media?parent=662408"}],"wp:term":[{"taxonomy":"category","embeddable":true,"href":"https:\/\/www.europesays.com\/fr\/wp-json\/wp\/v2\/categories?post=662408"},{"taxonomy":"post_tag","embeddable":true,"href":"https:\/\/www.europesays.com\/fr\/wp-json\/wp\/v2\/tags?post=662408"}],"curies":[{"name":"wp","href":"https:\/\/api.w.org\/{rel}","templated":true}]}}