{"id":662410,"date":"2026-01-14T07:27:10","date_gmt":"2026-01-14T07:27:10","guid":{"rendered":"https:\/\/www.europesays.com\/fr\/662410\/"},"modified":"2026-01-14T07:27:10","modified_gmt":"2026-01-14T07:27:10","slug":"apres-une-annee-critique-le-retour-dun-mimosa-de-grande-qualite-sur-la-cote-dazur","status":"publish","type":"post","link":"https:\/\/www.europesays.com\/fr\/662410\/","title":{"rendered":"Apr\u00e8s une ann\u00e9e critique, le retour d\u2019un mimosa de grande qualit\u00e9 sur la C\u00f4te d\u2019Azur"},"content":{"rendered":"<p>\n    Les temp\u00e9ratures plus basses ont permis une belle floraison du mimosa entre le Var et les Alpes-Maritimes alors que l\u2019an dernier, certains producteurs avaient presque tout perdu.<\/p>\n<p class=\"fig-paragraph\">Les mimosistes de la C\u00f4te d\u2019Azur sont soulag\u00e9s et satisfaits au moment de r\u00e9colter les c\u00e9l\u00e8bres pompons qui drapent de jaune, en plein hiver, les massifs du Var et des Alpes-Maritimes. Apr\u00e8s une ann\u00e9e critique, o\u00f9 les pertes ont \u00e9t\u00e9 jug\u00e9es\u00a0<a href=\"http:\/\/www.lefigaro.fr\/nice\/sur-la-cote-d-azur-les-producteurs-de-mimosa-inquiets-face-a-des-pertes-jugees-historiques-20250113\" data-fig-type=\"NewsFlash\" data-gtm-custom-categorie=\"navigation\" data-gtm-custom-action=\"crossclick\" data-gtm-custom-label=\"Contextuel\" data-gtm-event=\"customEventSPE\" data-fig-domain=\"LEFIGARO\" target=\"_blank\" rel=\"noopener\">presque historiques<\/a>, le mimosa a retrouv\u00e9 sa splendeur et tous les producteurs y trouvent ainsi leur compte.<\/p>\n<p class=\"fig-paragraph\">\u00abC\u2019est le jour et la nuit. La qualit\u00e9 est extr\u00eamement bonne\u00bb, souffle Michel Lovera, mimosiste dans le massif du Tanneron et pr\u00e9sident du syndicat des exploitants c\u00f4t\u00e9 varois. \u00abCela n\u2019a rien \u00e0 voir. Cette ann\u00e9e, il a bien \u201cgrapp\u00e9\u201d\u00bb, confirme Fabien Reynaud, repr\u00e9sentant c\u00f4t\u00e9 maralpin dans la vall\u00e9e de la Siagne.<\/p>\n<p>                                            <a class=\"fig-a11y-skip\" href=\"#fig-a11y-skip-main-inarticle\" data-module=\"a11y-skip\" data-context=\"was @visible\"><br \/>\n    Passer la publicit\u00e9<br \/>\n<\/a>            <\/p>\n<p class=\"fig-paragraph\">L\u2019an dernier, certains mimosistes avaient quasiment fait une saison blanche \u00e0 cause de conditions climatiques tr\u00e8s d\u00e9favorables pendant l\u2019automne avec beaucoup de pluie et des temp\u00e9ratures trop douces. La plante avait alors \u00abcasqu\u00e9\u00bb, selon le jargon ad\u00e9quat. Cette fois, \u00able climat a \u00e9t\u00e9 compl\u00e8tement diff\u00e9rent avec juste ce qu\u2019il faut de pluie et des temp\u00e9ratures plus basses\u00bb, explique Michel Lovera. Il a r\u00e9guli\u00e8rement fait pr\u00e8s de z\u00e9ro degr\u00e9 et \u00able froid et le sec sont tr\u00e8s bons pour la plante\u00bb, ajoute Fabien Reynaud. \u00abPourvu que \u00e7a dure car le temps est id\u00e9al pour la r\u00e9colte\u00bb, esp\u00e8re l\u2019un des producteurs les plus importants de la C\u00f4te d\u2019Azur.<\/p>\n<p>                                            \u00abGrandes branches bien fournies\u00bb<\/p>\n<p class=\"fig-paragraph\">Ces professionnels d\u00e9crivent ainsi un\u00a0<a href=\"http:\/\/www.lefigaro.fr\/jardin\/de-quoi-le-mimosa-est-il-le-symbole-20260106\" data-fig-type=\"Article\" data-gtm-custom-categorie=\"navigation\" data-gtm-custom-action=\"crossclick\" data-gtm-custom-label=\"Contextuel\" data-gtm-event=\"customEventSPE\" data-fig-domain=\"LEFIGARO\" target=\"_blank\" rel=\"noopener\">mimosa<\/a>\u00a0avec \u00abde grandes branches bien fournies en pompon\u00bb et \u00abde belles tiges bien droites d\u2019environ 60\u00a0centim\u00e8tres\u00bb. La vari\u00e9t\u00e9 du Mirandole a m\u00eame pu \u00eatre r\u00e9colt\u00e9e en avance, le Gaulois et l\u2019Augier sont attendus tr\u00e8s prochainement. De quoi r\u00e9pondre en toute s\u00e9r\u00e9nit\u00e9 aux carnets de commandes. \u00abL\u2019engouement est revenu\u00bb, se f\u00e9licite Michel Lovera.<\/p>\n<p class=\"fig-paragraph\">Une vingtaine de mimosistes travaillent dans le massif du Tanneron (Var), o\u00f9 l\u2019acacia dealbata &#8211; nom de l\u2019arbre &#8211; s\u2019\u00e9tend sur pr\u00e8s de 5000 hectares. Le mimosa a \u00e9t\u00e9 import\u00e9 d\u2019Australie \u00e0 la fin du XIXe si\u00e8cle et s\u2019est depuis fait une place de choix sous le soleil hivernal de la C\u00f4te d\u2019Azur, d\u2019abord dans l\u2019arri\u00e8re-pays cannois.<\/p>\n<p class=\"fig-paragraph\">Les pompons dor\u00e9s servent aujourd\u2019hui la destination touristique, la culture et de mani\u00e8re g\u00e9n\u00e9rale, l\u2019\u00e9conomie locale, la senteur de la plante pouvant \u00eatre d\u00e9clin\u00e9e en divers produits. La ville de Mandelieu-la-Napoule, pr\u00e8s de Cannes, organise m\u00eame chaque ann\u00e9e\u00a0<a href=\"http:\/\/www.lefigaro.fr\/voyages\/guides\/fete-du-mimosa-2023-nos-adresses-preferees-a-mandelieu-la-napoule-20230209\" data-fig-type=\"Article\" data-gtm-custom-categorie=\"navigation\" data-gtm-custom-action=\"crossclick\" data-gtm-custom-label=\"Contextuel\" data-gtm-event=\"customEventSPE\" data-fig-domain=\"LEFIGARO\" target=\"_blank\" rel=\"noopener\">une f\u00eate du mimosa en f\u00e9vrier<\/a>\u00a0alors que les branches sont aussi jet\u00e9es lors des corsos carnavalesques et des batailles de fleurs \u00e0 Nice et Villefranche-sur-Mer.<\/p>\n<p class=\"fig-paragraph\">Michel Lovera, qui avait perdu pr\u00e8s de 80% de sa r\u00e9colte l\u2019an dernier, devrait bien pouvoir cueillir autant de mimosa que souhait\u00e9, m\u00eame s\u2019il reste prudent quant \u00e0 la m\u00e9t\u00e9o. Le moindre coup de vent, comme subi la semaine derni\u00e8re, pourrait ab\u00eemer le mimosa, qui reste fragile. La famille Reynaud, troisi\u00e8me g\u00e9n\u00e9ration, esp\u00e8re de nouveau r\u00e9colter ses pr\u00e8s de 100 tonnes habituels. Certains producteurs avaient pu s\u2019en sortir en cultivant l\u2019eucalyptus, plante compl\u00e9mentaire pour ces professionnels.<\/p>\n<p>                                            <a class=\"fig-a11y-skip\" href=\"#fig-a11y-skip-main-inarticle_mtf\" data-module=\"a11y-skip\" data-context=\"was @visible\"><br \/>\n    Passer la publicit\u00e9<br \/>\n<\/a>            <\/p>\n<p class=\"fig-paragraph\">Alors que de nombreux touristes vont pouvoir profiter de randonn\u00e9es dans ces massifs garnis de jaune \u00e9clatant &#8211;\u00a0la fameuse\u00a0<a href=\"http:\/\/www.lefigaro.fr\/voyages\/guides\/route-du-mimosa-notre-itineraire-pour-profiter-de-la-cote-d-azur-en-jaune-20230123\" data-fig-type=\"Article\" data-gtm-custom-categorie=\"navigation\" data-gtm-custom-action=\"crossclick\" data-gtm-custom-label=\"Contextuel\" data-gtm-event=\"customEventSPE\" data-fig-domain=\"LEFIGARO\" target=\"_blank\" rel=\"noopener\">\u00abroute du mimosa\u00bb<\/a>, de 130\u00a0kilom\u00e8tres, entre Bormes-les-Mimosas et Grasse\u00a0-, les professionnels insistent sur le fait qu\u2019il ne faut pas en arracher. \u00abCela fait ensuite des d\u00e9g\u00e2ts pour tout l\u2019arbre\u00bb, insiste Michel Lovera. Qui ajoute\u00a0: \u00abVenez plut\u00f4t \u00e0 notre rencontre, on se fera un plaisir d\u2019\u00e9changer avec vous et on pourra m\u00eame vous offrir une petite branche\u00bb.<\/p>\n","protected":false},"excerpt":{"rendered":"Les temp\u00e9ratures plus basses ont permis une belle floraison du mimosa entre le Var et les Alpes-Maritimes alors&hellip;\n","protected":false},"author":2,"featured_media":662411,"comment_status":"","ping_status":"","sticky":false,"template":"","format":"standard","meta":{"footnotes":""},"categories":[2819],"tags":[1111,11,327,436,1777,674,1011,27,12,2401,882,25,602],"class_list":{"0":"post-662410","1":"post","2":"type-post","3":"status-publish","4":"format-standard","5":"has-post-thumbnail","7":"category-nice","8":"tag-actu","9":"tag-actualites","10":"tag-agriculture","11":"tag-environnement","12":"tag-eu","13":"tag-europe","14":"tag-fr","15":"tag-france","16":"tag-news","17":"tag-nice","18":"tag-provence-alpes-cote-dazur","19":"tag-republique-francaise","20":"tag-tourisme"},"share_on_mastodon":{"url":"https:\/\/pubeurope.com\/@fr\/115892272748971966","error":""},"_links":{"self":[{"href":"https:\/\/www.europesays.com\/fr\/wp-json\/wp\/v2\/posts\/662410","targetHints":{"allow":["GET"]}}],"collection":[{"href":"https:\/\/www.europesays.com\/fr\/wp-json\/wp\/v2\/posts"}],"about":[{"href":"https:\/\/www.europesays.com\/fr\/wp-json\/wp\/v2\/types\/post"}],"author":[{"embeddable":true,"href":"https:\/\/www.europesays.com\/fr\/wp-json\/wp\/v2\/users\/2"}],"replies":[{"embeddable":true,"href":"https:\/\/www.europesays.com\/fr\/wp-json\/wp\/v2\/comments?post=662410"}],"version-history":[{"count":0,"href":"https:\/\/www.europesays.com\/fr\/wp-json\/wp\/v2\/posts\/662410\/revisions"}],"wp:featuredmedia":[{"embeddable":true,"href":"https:\/\/www.europesays.com\/fr\/wp-json\/wp\/v2\/media\/662411"}],"wp:attachment":[{"href":"https:\/\/www.europesays.com\/fr\/wp-json\/wp\/v2\/media?parent=662410"}],"wp:term":[{"taxonomy":"category","embeddable":true,"href":"https:\/\/www.europesays.com\/fr\/wp-json\/wp\/v2\/categories?post=662410"},{"taxonomy":"post_tag","embeddable":true,"href":"https:\/\/www.europesays.com\/fr\/wp-json\/wp\/v2\/tags?post=662410"}],"curies":[{"name":"wp","href":"https:\/\/api.w.org\/{rel}","templated":true}]}}